{"id":504056,"date":"2022-06-28T10:51:21","date_gmt":"2022-06-28T14:51:21","guid":{"rendered":"https:\/\/diarioelpopular.com\/?p=504056"},"modified":"2022-06-28T10:51:21","modified_gmt":"2022-06-28T14:51:21","slug":"colombia-49-muertos-y-30-heridos-por-incendio-en-carcel","status":"publish","type":"post","link":"https:\/\/diarioelpopular.com\/index.php\/2022\/06\/28\/colombia-49-muertos-y-30-heridos-por-incendio-en-carcel\/","title":{"rendered":"Colombia: 49 muertos y 30 heridos por incendio en c\u00e1rcel"},"content":{"rendered":"<p>&nbsp;<\/p>\n<p><img loading=\"lazy\" decoding=\"async\" class=\"alignnone size-custom-full-size wp-image-504057\" src=\"https:\/\/diarioelpopular.com\/wp-content\/uploads\/2022\/06\/f19cf9d89f43ab044aa51bd32e488e59.jpg\" alt=\"\" width=\"476\" height=\"357\" srcset=\"https:\/\/diarioelpopular.com\/wp-content\/uploads\/2022\/06\/f19cf9d89f43ab044aa51bd32e488e59.jpg 476w, https:\/\/diarioelpopular.com\/wp-content\/uploads\/2022\/06\/f19cf9d89f43ab044aa51bd32e488e59-300x225.jpg 300w, https:\/\/diarioelpopular.com\/wp-content\/uploads\/2022\/06\/f19cf9d89f43ab044aa51bd32e488e59-97x73.jpg 97w\" sizes=\"auto, (max-width: 476px) 100vw, 476px\" \/><\/p>\n<p><em>Vista a\u00e9rea de la c\u00e1rcel de mediana seguridad de Tulu\u00e1 (foto: Ansa)<\/em><\/p>\n<p><em><strong>&#8211; Una tragedia sin antecedentes se registr\u00f3 en la madrugada de este martes en la c\u00e1rcel de mediana seguridad de Tulu\u00e1, municipio a 92 kil\u00f3metros al norte de Cali (suroeste), tras muerte de al menos 49 reclusos y heridas a otros 30 a consecuencia de un incendio.<\/strong><\/em><\/p>\n<p><em><strong>BOGOTA 28 JUN &#8211; \u00a0<\/strong><\/em>\u00a0 &#8220;Desafortunadamente, se present\u00f3 un mot\u00edn en el pabell\u00f3n 8 de la c\u00e1rcel de Tulu\u00e1, donde hay 1.267 privados de la libertad, con un desafortunado resultado de 49 personas fallecidas a causa del incendio y 30 m\u00e1s heridas por la conflagraci\u00f3n y el humo&#8221;.<br \/>\nAs\u00ed afirm\u00f3 el general Tito Yesid Castellanos, director del Instituto Nacional Penitenciario y Carcelario (Inpec), que no descart\u00f3 ninguna tesis sobre el incendio, que provocaron los mismos presos, quienes le prendieron fuego a sus propios colchones y eso gener\u00f3 un &#8220;efecto cascada&#8221;.<br \/>\n&#8220;Las hip\u00f3tesis pueden ser muchas, entre ellas un intento de fuga, una alteraci\u00f3n del desorden por parte de los privados de libertad para cubrir alguna situaci\u00f3n, pero en este momento desafortunadamente tenemos ese resultado&#8221;, manifest\u00f3 el general Castellanos a W Radio.<br \/>\nEl oficial part\u00eda en la ma\u00f1ana de este martes desde Bogot\u00e1 hacia Tulu\u00e1 para ponerse al frente de la situaci\u00f3n, tras advertir que en la c\u00e1rcel no hab\u00eda presos de alta peligrosidad, sino personas con acusaciones y reclusos con &#8220;condenas medias&#8221;.<br \/>\nSobre la posibilidad de un fuga masiva de presos, el oficial dijo que hasta ahora no hay &#8220;novedad&#8221; al respecto, pero que se sabr\u00e1 con exactitud si aquello ocurri\u00f3 cuando se haga un conteo acompa\u00f1ado de registros dactilares de los presos de ese pabell\u00f3n.<br \/>\nCastellanos dijo que entre los heridos hay varios guardias de la c\u00e1rcel, quienes fueron los primeros en intentar sofocar el incendio con extintores mientras llegaban los bomberos y sacaron a m\u00e1s de la mitad de los presos de ese pabell\u00f3n, de lo contrario &#8220;el resultado hubiera sido peor&#8221;.<\/p>\n","protected":false},"excerpt":{"rendered":"<p>&nbsp; Vista a\u00e9rea de la c\u00e1rcel de mediana seguridad de Tulu\u00e1 (foto: Ansa) &#8211; Una tragedia sin antecedentes se registr\u00f3 en la madrugada de este&hellip;<\/p>\n","protected":false},"author":99,"featured_media":504057,"comment_status":"open","ping_status":"open","sticky":false,"template":"","format":"standard","meta":{"footnotes":""},"categories":[23],"tags":[],"class_list":["post-504056","post","type-post","status-publish","format-standard","has-post-thumbnail","hentry","category-latinoamerica"],"_links":{"self":[{"href":"https:\/\/diarioelpopular.com\/index.php\/wp-json\/wp\/v2\/posts\/504056","targetHints":{"allow":["GET"]}}],"collection":[{"href":"https:\/\/diarioelpopular.com\/index.php\/wp-json\/wp\/v2\/posts"}],"about":[{"href":"https:\/\/diarioelpopular.com\/index.php\/wp-json\/wp\/v2\/types\/post"}],"author":[{"embeddable":true,"href":"https:\/\/diarioelpopular.com\/index.php\/wp-json\/wp\/v2\/users\/99"}],"replies":[{"embeddable":true,"href":"https:\/\/diarioelpopular.com\/index.php\/wp-json\/wp\/v2\/comments?post=504056"}],"version-history":[{"count":1,"href":"https:\/\/diarioelpopular.com\/index.php\/wp-json\/wp\/v2\/posts\/504056\/revisions"}],"predecessor-version":[{"id":504058,"href":"https:\/\/diarioelpopular.com\/index.php\/wp-json\/wp\/v2\/posts\/504056\/revisions\/504058"}],"wp:featuredmedia":[{"embeddable":true,"href":"https:\/\/diarioelpopular.com\/index.php\/wp-json\/wp\/v2\/media\/504057"}],"wp:attachment":[{"href":"https:\/\/diarioelpopular.com\/index.php\/wp-json\/wp\/v2\/media?parent=504056"}],"wp:term":[{"taxonomy":"category","embeddable":true,"href":"https:\/\/diarioelpopular.com\/index.php\/wp-json\/wp\/v2\/categories?post=504056"},{"taxonomy":"post_tag","embeddable":true,"href":"https:\/\/diarioelpopular.com\/index.php\/wp-json\/wp\/v2\/tags?post=504056"}],"curies":[{"name":"wp","href":"https:\/\/api.w.org\/{rel}","templated":true}]}}