{"id":504059,"date":"2022-06-28T10:54:08","date_gmt":"2022-06-28T14:54:08","guid":{"rendered":"https:\/\/diarioelpopular.com\/?p=504059"},"modified":"2022-06-28T10:54:08","modified_gmt":"2022-06-28T14:54:08","slug":"bolivia-brasil-evalua-dar-asilo-a-jeanine-anez","status":"publish","type":"post","link":"https:\/\/diarioelpopular.com\/index.php\/2022\/06\/28\/bolivia-brasil-evalua-dar-asilo-a-jeanine-anez\/","title":{"rendered":"Bolivia: Brasil eval\u00faa dar asilo a Jeanine A\u00f1ez"},"content":{"rendered":"<p>&nbsp;<\/p>\n<p><img loading=\"lazy\" decoding=\"async\" class=\"alignnone size-custom-full-size wp-image-504060\" src=\"https:\/\/diarioelpopular.com\/wp-content\/uploads\/2022\/06\/5845fafedcf609598adc209623afc9f4.jpg\" alt=\"\" width=\"476\" height=\"490\" srcset=\"https:\/\/diarioelpopular.com\/wp-content\/uploads\/2022\/06\/5845fafedcf609598adc209623afc9f4.jpg 476w, https:\/\/diarioelpopular.com\/wp-content\/uploads\/2022\/06\/5845fafedcf609598adc209623afc9f4-291x300.jpg 291w, https:\/\/diarioelpopular.com\/wp-content\/uploads\/2022\/06\/5845fafedcf609598adc209623afc9f4-71x73.jpg 71w\" sizes=\"auto, (max-width: 476px) 100vw, 476px\" \/><\/p>\n<p><em>Brasil eval\u00faa dar asilo a Jeanine A\u00f1ez (foto: EPA)<\/em><\/p>\n<h4><em><strong>&#8211; Bolsonaro dijo que hablaron de asilo expresidenta<\/strong><\/em><\/h4>\n<p><em><strong>\u00a0BRASILIA, 28 JUN &#8211;<\/strong><\/em> El presidente brasile\u00f1o, Jair Bolsonaro, manifest\u00f3 su intenci\u00f3n de dar asilo a la exmandataria boliviana, Jeanine A\u00f1ez, que est\u00e1 presa en su pa\u00eds, y revel\u00f3 haber tratado el tema con el presidente argentino, Alberto Fern\u00e1ndez, con quien se reuni\u00f3 en Estados Unidos.<br \/>\n&#8220;Brasil est\u00e1 poniendo en pr\u00e1ctica la cuesti\u00f3n de las relaciones internacionales, de los derechos humanos, a ver si trae a Jeanine \u00c1\u00f1ez (..) el asilo aqu\u00ed en Brasil&#8221;, declar\u00f3 el jefe de Estado brasile\u00f1o. &#8220;V\u00ed im\u00e1genes terribles, una mujer siendo arrastrada al presidio (..) una mujer presa injustamente&#8221;, subray\u00f3 en entrevista al canal Jovem Pan News transmitida en las redes sociales el domingo a la noche.<br \/>\nBolsonaro coment\u00f3 que habl\u00f3 sobre la pol\u00edtica boliviana arrestada con su par Alberto Fern\u00e1ndez durante la Cumbre de las Am\u00e9ricas realizada entre los d\u00edas 8 y 10 de junio en Los Angeles, organizada por el mandatario estadounidense Joe Biden.<br \/>\n&#8220;En esta c\u00fapula de las naciones convers\u00e9 r\u00e1pidamente con el presidente de Argentina, hab\u00eda conversado con jefes de Estado, la cuesti\u00f3n de Jeanine A\u00f1ez que est\u00e1 presa, ella ocup\u00f3 el lugar de (expresidente) Evo Morales que huy\u00f3 para Argentina&#8221;, dijo Bolsonaro.<br \/>\nDurante el reportaje afirm\u00f3, adem\u00e1s, que tendr\u00e1 &#8220;cautela&#8221; en las relaciones con el futuro gobierno del presidente electo de Colombia, Gustavo Petro, y record\u00f3 que existe un v\u00ednculo econ\u00f3mico importante con varias empresas brasile\u00f1as radicadas en el pa\u00eds vecino.<\/p>\n","protected":false},"excerpt":{"rendered":"<p>&nbsp; Brasil eval\u00faa dar asilo a Jeanine A\u00f1ez (foto: EPA) &#8211; Bolsonaro dijo que hablaron de asilo expresidenta \u00a0BRASILIA, 28 JUN &#8211; El presidente brasile\u00f1o,&hellip;<\/p>\n","protected":false},"author":99,"featured_media":504060,"comment_status":"open","ping_status":"open","sticky":false,"template":"","format":"standard","meta":{"footnotes":""},"categories":[23],"tags":[],"class_list":["post-504059","post","type-post","status-publish","format-standard","has-post-thumbnail","hentry","category-latinoamerica"],"_links":{"self":[{"href":"https:\/\/diarioelpopular.com\/index.php\/wp-json\/wp\/v2\/posts\/504059","targetHints":{"allow":["GET"]}}],"collection":[{"href":"https:\/\/diarioelpopular.com\/index.php\/wp-json\/wp\/v2\/posts"}],"about":[{"href":"https:\/\/diarioelpopular.com\/index.php\/wp-json\/wp\/v2\/types\/post"}],"author":[{"embeddable":true,"href":"https:\/\/diarioelpopular.com\/index.php\/wp-json\/wp\/v2\/users\/99"}],"replies":[{"embeddable":true,"href":"https:\/\/diarioelpopular.com\/index.php\/wp-json\/wp\/v2\/comments?post=504059"}],"version-history":[{"count":1,"href":"https:\/\/diarioelpopular.com\/index.php\/wp-json\/wp\/v2\/posts\/504059\/revisions"}],"predecessor-version":[{"id":504061,"href":"https:\/\/diarioelpopular.com\/index.php\/wp-json\/wp\/v2\/posts\/504059\/revisions\/504061"}],"wp:featuredmedia":[{"embeddable":true,"href":"https:\/\/diarioelpopular.com\/index.php\/wp-json\/wp\/v2\/media\/504060"}],"wp:attachment":[{"href":"https:\/\/diarioelpopular.com\/index.php\/wp-json\/wp\/v2\/media?parent=504059"}],"wp:term":[{"taxonomy":"category","embeddable":true,"href":"https:\/\/diarioelpopular.com\/index.php\/wp-json\/wp\/v2\/categories?post=504059"},{"taxonomy":"post_tag","embeddable":true,"href":"https:\/\/diarioelpopular.com\/index.php\/wp-json\/wp\/v2\/tags?post=504059"}],"curies":[{"name":"wp","href":"https:\/\/api.w.org\/{rel}","templated":true}]}}