{"id":504067,"date":"2022-06-28T11:03:19","date_gmt":"2022-06-28T15:03:19","guid":{"rendered":"https:\/\/diarioelpopular.com\/?p=504067"},"modified":"2022-06-28T11:03:19","modified_gmt":"2022-06-28T15:03:19","slug":"fueron-encontrados-culpables-por-54-casos-de-graves-delitos-corte-salvadorena-condena-a-pandilleros-de-ms13-las-penas-de-500-hasta-mil-anos","status":"publish","type":"post","link":"https:\/\/diarioelpopular.com\/index.php\/2022\/06\/28\/fueron-encontrados-culpables-por-54-casos-de-graves-delitos-corte-salvadorena-condena-a-pandilleros-de-ms13-las-penas-de-500-hasta-mil-anos\/","title":{"rendered":"\u201cFueron encontrados culpables por 54 casos de graves delitos\u201d: Corte salvadore\u00f1a condena a pandilleros de MS13 (las penas de 500 hasta mil a\u00f1os)"},"content":{"rendered":"<p>&nbsp;<\/p>\n<p><img loading=\"lazy\" decoding=\"async\" class=\"alignnone size-custom-full-size wp-image-504068\" src=\"https:\/\/diarioelpopular.com\/wp-content\/uploads\/2022\/06\/pandillas-salvador-636x360.jpg\" alt=\"\" width=\"636\" height=\"360\" srcset=\"https:\/\/diarioelpopular.com\/wp-content\/uploads\/2022\/06\/pandillas-salvador-636x360.jpg 636w, https:\/\/diarioelpopular.com\/wp-content\/uploads\/2022\/06\/pandillas-salvador-300x170.jpg 300w, https:\/\/diarioelpopular.com\/wp-content\/uploads\/2022\/06\/pandillas-salvador-129x73.jpg 129w, https:\/\/diarioelpopular.com\/wp-content\/uploads\/2022\/06\/pandillas-salvador.jpg 760w\" sizes=\"auto, (max-width: 636px) 100vw, 636px\" \/><\/p>\n<p><em>Corte salvadore\u00f1a condena a pandilleros de MS13 a penas de hasta mil 90 a\u00f1os.<\/em><\/p>\n<p><em><strong>&#8211; Un grupo de pandilleros de la Mara Salvatrucha (MS13) fueron condenados el lunes 27 de junio a penas de hasta m\u00e1s de mil a\u00f1os de prisi\u00f3n, inform\u00f3 la Fiscal\u00eda de El Salvador.<\/strong><\/em><\/p>\n<div id=\"gradient-content\" class=\"sart-content\">\n<p>Un grupo de 94 pandilleros de la Mara Salvatrucha (MS13) fueron condenados el lunes 27 de junio\u00a0a penas de hasta mil 90 a\u00f1os de prisi\u00f3n por su participaci\u00f3n en diversos cr\u00edmenes,\u00a0incluido el asesinato de dos polic\u00edas, inform\u00f3 la Fiscal\u00eda de El Salvador.<\/p>\n<p>La fuente indic\u00f3 que\u00a0los pandilleros fueron \u201cencontrados culpables por 54 casos de graves delitos,\u00a0entre ellos varios homicidios agravados\u201d y que el fallo fue emitido por un tribunal especializado antimafia.<\/p>\n<\/div>\n<div id=\"tinypass_handler_single\" class=\"tinypass_handler_single sart-content\">\n<p>Un representante de la Fiscal\u00eda se\u00f1al\u00f3 que C\u00e9sar Alfredo Romero recibi\u00f3 la condena de mil 90, mientras que el resto recibieron condenas se hasta 500 a\u00f1os.<\/p>\n<p>Sostuvo que dentro del juicio, que se extendi\u00f3 por dos meses, se realiz\u00f3 un cambio de la tipificaci\u00f3n del delito en 23 casos, pasando de privaci\u00f3n de libertad a homicidios agravado.<\/p>\n<p>\u201cLogramos establecer mediante la prueba de que las personas fueron privadas de libertad con el prop\u00f3sito de ser asesinadas\u201d, indic\u00f3.<\/p>\n<p>Entre los condenados se encuentran lideres de c\u00e9lulas, pandilleros y otros con rangos menores dentro de la estructura.<\/p>\n<p>Una ola de asesinatos el \u00faltimo fin de semana de marzo pasado se sald\u00f3 con 87 v\u00edctimas. En respuesta, el Congreso aprob\u00f3 la suspensi\u00f3n de garant\u00edas constitucionales pa<\/p>\n<p>De acuerdo con el mandatario, se\u00a0est\u00e1 cerca de ganar la \u201cguerra contra las pandillas\u201d,\u00a0como ha denominado a su estrategia para combatir estas bandas.<\/p>\n<p>El pa\u00eds ha estado por m\u00e1s de tres meses bajo esta medida, que se ha extendido tres veces en el Congreso, y las autoridades registran casi 42 mil detenciones y solo el 1%, seg\u00fan ha dicho el mandatario, ser\u00edan arrestos por \u201cerror\u201d.<\/p>\n<p>El encargado de negocios de la embajada de Estados Unidos en El Salvador, Patrick Ventrell, reconoci\u00f3 el viernes las \u201cfuertes acciones\u201d del Gobierno de Bukele contra las pandillas, pero se\u00f1al\u00f3 que el r\u00e9gimen de excepci\u00f3n vigente desde finales de marzo es \u201cinsostenible\u201d.<\/p>\n<p>Advirti\u00f3 que al terminar el r\u00e9gimen de excepci\u00f3n \u201cdejar\u00e1 a salvadore\u00f1os inocentes encarcelados injustamente junto a los criminales que el Gobierno est\u00e1 tratando de retirar de las calles\u201d.<\/p>\n<p>Son m\u00e1s de 3.000 denuncias de violaciones a derechos humanos las que las organizaciones locales e internacionales, adem\u00e1s de la Procuradur\u00eda para la Defensa de los Derechos Humanos (PDHH), han recibido, est\u00e1n incluyen detenciones arbitrarias y tortura, entre otras.<\/p>\n<p>Las pandillas, un fen\u00f3meno considerado como herencia de la guerra civil (1980-1992) y que se fortaleci\u00f3 con la deportaci\u00f3n de pandilleros de Estados Unidos, han resistido a los planes de seguridad implementados en las \u00faltimas cuatro Administraciones.<\/p>\n<\/div>\n","protected":false},"excerpt":{"rendered":"<p>&nbsp; Corte salvadore\u00f1a condena a pandilleros de MS13 a penas de hasta mil 90 a\u00f1os. &#8211; Un grupo de pandilleros de la Mara Salvatrucha (MS13)&hellip;<\/p>\n","protected":false},"author":99,"featured_media":504068,"comment_status":"open","ping_status":"open","sticky":false,"template":"","format":"standard","meta":{"footnotes":""},"categories":[23],"tags":[],"class_list":["post-504067","post","type-post","status-publish","format-standard","has-post-thumbnail","hentry","category-latinoamerica"],"_links":{"self":[{"href":"https:\/\/diarioelpopular.com\/index.php\/wp-json\/wp\/v2\/posts\/504067","targetHints":{"allow":["GET"]}}],"collection":[{"href":"https:\/\/diarioelpopular.com\/index.php\/wp-json\/wp\/v2\/posts"}],"about":[{"href":"https:\/\/diarioelpopular.com\/index.php\/wp-json\/wp\/v2\/types\/post"}],"author":[{"embeddable":true,"href":"https:\/\/diarioelpopular.com\/index.php\/wp-json\/wp\/v2\/users\/99"}],"replies":[{"embeddable":true,"href":"https:\/\/diarioelpopular.com\/index.php\/wp-json\/wp\/v2\/comments?post=504067"}],"version-history":[{"count":1,"href":"https:\/\/diarioelpopular.com\/index.php\/wp-json\/wp\/v2\/posts\/504067\/revisions"}],"predecessor-version":[{"id":504069,"href":"https:\/\/diarioelpopular.com\/index.php\/wp-json\/wp\/v2\/posts\/504067\/revisions\/504069"}],"wp:featuredmedia":[{"embeddable":true,"href":"https:\/\/diarioelpopular.com\/index.php\/wp-json\/wp\/v2\/media\/504068"}],"wp:attachment":[{"href":"https:\/\/diarioelpopular.com\/index.php\/wp-json\/wp\/v2\/media?parent=504067"}],"wp:term":[{"taxonomy":"category","embeddable":true,"href":"https:\/\/diarioelpopular.com\/index.php\/wp-json\/wp\/v2\/categories?post=504067"},{"taxonomy":"post_tag","embeddable":true,"href":"https:\/\/diarioelpopular.com\/index.php\/wp-json\/wp\/v2\/tags?post=504067"}],"curies":[{"name":"wp","href":"https:\/\/api.w.org\/{rel}","templated":true}]}}