{"id":504091,"date":"2022-06-30T09:15:51","date_gmt":"2022-06-30T13:15:51","guid":{"rendered":"https:\/\/diarioelpopular.com\/?p=504091"},"modified":"2022-06-30T09:15:51","modified_gmt":"2022-06-30T13:15:51","slug":"chile-recuperado-95-9-de-empleos-perdidos-en-pandemia","status":"publish","type":"post","link":"https:\/\/diarioelpopular.com\/index.php\/2022\/06\/30\/chile-recuperado-95-9-de-empleos-perdidos-en-pandemia\/","title":{"rendered":"Chile: Recuperado 95,9% de empleos perdidos en pandemia"},"content":{"rendered":"<p>&nbsp;<\/p>\n<p><img loading=\"lazy\" decoding=\"async\" class=\"alignnone size-custom-full-size wp-image-504092\" src=\"https:\/\/diarioelpopular.com\/wp-content\/uploads\/2022\/06\/be511c898ce189d1d5643af9fe412688.jpg\" alt=\"\" width=\"476\" height=\"317\" srcset=\"https:\/\/diarioelpopular.com\/wp-content\/uploads\/2022\/06\/be511c898ce189d1d5643af9fe412688.jpg 476w, https:\/\/diarioelpopular.com\/wp-content\/uploads\/2022\/06\/be511c898ce189d1d5643af9fe412688-300x200.jpg 300w, https:\/\/diarioelpopular.com\/wp-content\/uploads\/2022\/06\/be511c898ce189d1d5643af9fe412688-110x73.jpg 110w\" sizes=\"auto, (max-width: 476px) 100vw, 476px\" \/><\/p>\n<p><em>Un grupo de personas espera el autob\u00fas para ir a trabajar, en Santiago<\/em><\/p>\n<h4><em><strong>&#8211; Sin embargo, dinamismo se observa ahora m\u00e1s lento<\/strong><\/em><\/h4>\n<p><em><strong>SANTIAGO DE CHILE, 30 JUN &#8211;<\/strong> <\/em>El desempleo en Chile tuvo su decimotercera baja anual consecutiva y se ubic\u00f3 en 7,8% en el trimestre marzo-mayo, de acuerdo a la Encuesta Nacional de Empleo elaborada por el estatal Instituto\u00a0Nacional de Estad\u00edsticas (INE).<br \/>\nSeg\u00fan explic\u00f3 la directora nacional del organismo, Sandra Quijada, se han recuperado m\u00e1s de 813 mil puestos de trabajo en los \u00faltimos doce meses.<br \/>\nLa cifra signific\u00f3 un retroceso anual de 2,2 puntos porcentuales, dado que el alza de la fuerza de trabajo fue de un 7,5% y fue menor a la presentada por las personas ocupadas que lleg\u00f3 al 10,1%.<br \/>\nEn tanto, las personas desocupadas disminuyeron 16,5%, incididas por quienes se encontraban cesantes que eran un 18,0%.<br \/>\nQuijada destac\u00f3 que &#8220;con respecto al punto m\u00e1s bajo observado en 2020 se constata un aumento acumulado de 1.777.876 personas ocupadas a nivel nacional, recuperando 95,9% de las ocupaciones que se perdieron en el peor momento de la pandemia&#8221;.<br \/>\nLa tasa de desempleo lleg\u00f3 a 13,5% en el trimestre mayo\/julio 2020, cuando se cerr\u00f3 el pa\u00eds para impedir el avance del Covid-19. La cifra significaba casi cinco puntos m\u00e1s en comparaci\u00f3n al 7,9 de igual mes del a\u00f1o 2018, y del 7,5% de 2019.<br \/>\nHoy, por sexo, la tasa de desocupaci\u00f3n en las mujeres se situ\u00f3 en 8,5%, decreciendo 1,8% en doce meses. En los hombres la tasa de desocupaci\u00f3n fue de 7,3%, con un descenso de 2,5%.<br \/>\n&#8220;Vemos que hay un dinamismo menor, pero s\u00ed se est\u00e1n generando ocupaciones nuevas, y la gente est\u00e1 entrando al mercado laboral, y tambi\u00e9n tenemos un aumento en las personas desocupadas&#8221;, observ\u00f3.<br \/>\n&#8220;Lo que vemos es que el aumento de las ocupaciones respecto del trimestre m\u00f3vil anterior, que alcanza alrededor de las 60 mil ocupaciones, es m\u00e1s o menos el mismo n\u00famero que ve\u00edamos el trimestre anterior. Entonces, estamos en una situaci\u00f3n donde avanzamos, pero con un dinamismo un poquito m\u00e1s lento&#8221;, coment\u00f3.<br \/>\nPor sectores, el aumento de la poblaci\u00f3n ocupada fue incidido por comercio (13,2%), alojamiento y servicio de comidas (34,6%) y hogares como empleadores (30,1%), en tanto que por categor\u00eda ocupacional influyeron las personas asalariadas formales (8,0%), las trabajadoras por cuenta propia (14,5%) y las personas asalariadas informales (13,9%).<br \/>\nLa tasa de ocupaci\u00f3n informal alcanz\u00f3 27,3%, creciendo 1,2% en doce meses. Las personas ocupadas informales aumentaron 15,4%, incididas tanto por las mujeres (20,3%) como por los hombres (11,8%) y por las personas trabajadoras por cuenta propia (17,0%) y asalariadas privadas (15,8%).<br \/>\n&#8220;Hay un dinamismo menor, pero s\u00ed se est\u00e1n generando ocupaciones nuevas, y la gente est\u00e1 entrando al mercado laboral, y tambi\u00e9n tenemos un aumento en las personas desocupadas&#8221;, resumi\u00f3 la directora del INE.<\/p>\n","protected":false},"excerpt":{"rendered":"<p>&nbsp; Un grupo de personas espera el autob\u00fas para ir a trabajar, en Santiago &#8211; Sin embargo, dinamismo se observa ahora m\u00e1s lento SANTIAGO DE&hellip;<\/p>\n","protected":false},"author":99,"featured_media":504092,"comment_status":"open","ping_status":"open","sticky":false,"template":"","format":"standard","meta":{"footnotes":""},"categories":[23],"tags":[],"class_list":["post-504091","post","type-post","status-publish","format-standard","has-post-thumbnail","hentry","category-latinoamerica"],"_links":{"self":[{"href":"https:\/\/diarioelpopular.com\/index.php\/wp-json\/wp\/v2\/posts\/504091","targetHints":{"allow":["GET"]}}],"collection":[{"href":"https:\/\/diarioelpopular.com\/index.php\/wp-json\/wp\/v2\/posts"}],"about":[{"href":"https:\/\/diarioelpopular.com\/index.php\/wp-json\/wp\/v2\/types\/post"}],"author":[{"embeddable":true,"href":"https:\/\/diarioelpopular.com\/index.php\/wp-json\/wp\/v2\/users\/99"}],"replies":[{"embeddable":true,"href":"https:\/\/diarioelpopular.com\/index.php\/wp-json\/wp\/v2\/comments?post=504091"}],"version-history":[{"count":1,"href":"https:\/\/diarioelpopular.com\/index.php\/wp-json\/wp\/v2\/posts\/504091\/revisions"}],"predecessor-version":[{"id":504093,"href":"https:\/\/diarioelpopular.com\/index.php\/wp-json\/wp\/v2\/posts\/504091\/revisions\/504093"}],"wp:featuredmedia":[{"embeddable":true,"href":"https:\/\/diarioelpopular.com\/index.php\/wp-json\/wp\/v2\/media\/504092"}],"wp:attachment":[{"href":"https:\/\/diarioelpopular.com\/index.php\/wp-json\/wp\/v2\/media?parent=504091"}],"wp:term":[{"taxonomy":"category","embeddable":true,"href":"https:\/\/diarioelpopular.com\/index.php\/wp-json\/wp\/v2\/categories?post=504091"},{"taxonomy":"post_tag","embeddable":true,"href":"https:\/\/diarioelpopular.com\/index.php\/wp-json\/wp\/v2\/tags?post=504091"}],"curies":[{"name":"wp","href":"https:\/\/api.w.org\/{rel}","templated":true}]}}