{"id":504095,"date":"2022-06-30T09:19:21","date_gmt":"2022-06-30T13:19:21","guid":{"rendered":"https:\/\/diarioelpopular.com\/?p=504095"},"modified":"2022-06-30T09:19:21","modified_gmt":"2022-06-30T13:19:21","slug":"colombia-una-reunion-impensada","status":"publish","type":"post","link":"https:\/\/diarioelpopular.com\/index.php\/2022\/06\/30\/colombia-una-reunion-impensada\/","title":{"rendered":"Colombia: Una reuni\u00f3n impensada"},"content":{"rendered":"<p>&nbsp;<\/p>\n<p><img loading=\"lazy\" decoding=\"async\" class=\"alignnone size-custom-full-size wp-image-504096\" src=\"https:\/\/diarioelpopular.com\/wp-content\/uploads\/2022\/06\/54183c4ca81e2ce145fa5674e6c1b2c1.jpg\" alt=\"\" width=\"476\" height=\"357\" srcset=\"https:\/\/diarioelpopular.com\/wp-content\/uploads\/2022\/06\/54183c4ca81e2ce145fa5674e6c1b2c1.jpg 476w, https:\/\/diarioelpopular.com\/wp-content\/uploads\/2022\/06\/54183c4ca81e2ce145fa5674e6c1b2c1-300x225.jpg 300w, https:\/\/diarioelpopular.com\/wp-content\/uploads\/2022\/06\/54183c4ca81e2ce145fa5674e6c1b2c1-97x73.jpg 97w\" sizes=\"auto, (max-width: 476px) 100vw, 476px\" \/><\/p>\n<p><em>Presidente electo colombiano, Gustavo Petro, y exmandatario Alvaro Uribe en un impensado encuentro (foto: Foto de la oficina de prensa de Petro)<\/em><\/p>\n<p>&#8211;\u00a0<em><strong>El ex guerrillero y ahora presidente electo, el izquierdista Gustavo Petro, y el exmandatario derechista, Alvaro Uribe (2008-2010), archienemigos pol\u00edticos durante dos d\u00e9cadas, finalmente se reunieron este mi\u00e9rcoles en Bogot\u00e1, en un hecho jam\u00e1s imaginado, y acordaron abrir un canal directo de di\u00e1logo.<\/strong><\/em><\/p>\n<p><em><strong>BOGOTA 30 JUN &#8211;<\/strong><\/em> As\u00ed lo manifest\u00f3 el expresidente Uribe, quien se encarg\u00f3 de informarle al pa\u00eds de lo que habl\u00f3 a solas con Petro y luego en conjunto con los delegados de su partido pol\u00edtico, el oficialista Centro Democr\u00e1tico, quienes lo acompa\u00f1aron a esa reuni\u00f3n.<br \/>\nFue Petro el que le tendi\u00f3 la mano a Uribe para un di\u00e1logo la noche en que se declar\u00f3 ganador en el balotaje, ofrecimiento que poco despu\u00e9s acept\u00f3 el exmandatario y que hoy se concret\u00f3 en la oficina de un abogado en el norte de Bogot\u00e1, seg\u00fan trascendi\u00f3.<br \/>\nDesde cuando Uribe era presidente y Petro senador, los dos dirigentes pol\u00edticos se enfrascaron en un duelo de acusaciones, se\u00f1alamientos y ofensas, que se hicieron p\u00fablicas, incluso cuando ambos coincidieron en el Legislativo.<br \/>\nPero esa historia tom\u00f3 un giro inesperado cuando Petro fue elegido presidente, le propuso a Uribe dialogar, en el marco de su propuesta de un gran acuerdo nacional, y este acept\u00f3.<br \/>\nDel encuentro, seg\u00fan el expresidente, qued\u00f3 claro que tendr\u00e1n un &#8220;canal&#8221; de di\u00e1logo directo para discutir desavenencias y asuntos que toquen los intereses del pa\u00eds.<br \/>\n&#8220;Yo le dije humildemente lo siguiente: Presidente, perm\u00edtame un canal de di\u00e1logo con usted, yo no lo molestar\u00e9 mucho y ser\u00e1 para hablar de estos temas del pa\u00eds, usted es el Presidente y le llevaremos algunas ideas y vamos a alimentar ese canal de di\u00e1logo&#8221;, relat\u00f3 Uribe a periodista.<br \/>\nEl exmandatario dej\u00f3 claro que su partido ser\u00e1 oposici\u00f3n del gobierno izquierdista, pero no cerr\u00f3 la puerta a la aprobaci\u00f3n de leyes que el Ejecutivo promueva en el Congreso, en particular aquellas que tengan que ver con la superaci\u00f3n de la pobreza, siempre que no toquen al empresariado.<br \/>\n&#8220;Nosotros expresamos que compartimos todo el esfuerzo que se haga para que este pa\u00eds acelere la superaci\u00f3n de pobreza, pero que no puede ser al costo de marchitar al sector privado, esa pol\u00edtica ser\u00eda insostenible y nos llevar\u00eda a m\u00e1s pobreza&#8221;, afirmo Uribe.<br \/>\nSobre el papel que ocupar\u00e1 su partido y \u00e9l mismo como opositor al gobierno entrante, Uribe dijo que de su parte defender\u00e1 sus posiciones &#8220;con argumento y respetuoso para cuidar los canales de di\u00e1logo con el presidente&#8221;, pero no confirm\u00f3 si esa ser\u00e1 la posici\u00f3n general de su bancada.<br \/>\nEl exmandatario hizo un recuento de los asuntos que trataron: paz, temas energ\u00e9ticos, salud, pensiones, las fuerzas militares y de polic\u00eda, el proyecto de reforma econ\u00f3mica que propone el entrante mandatario, los asuntos de tierras y la seguridad.<br \/>\n&#8220;Yo fui muy atrevido porque le dije muchas cosas de muy buena fe, en buen tono y con todo respeto al presidente Petro, decirle m\u00e1s me daba pena&#8221;, relat\u00f3 el exmandatario, que admiti\u00f3 que no pasa por su mejor momento pol\u00edtico, dado el proceso jur\u00eddico que se adelanta en su contra por presunto soborno y fraude procesal.<br \/>\n&#8220;Tengo un motivo personal de agradecimiento, mi situaci\u00f3n es dif\u00edcil y la nuestro partido que era el primer votado en el senado y hoy es el cuarto&#8221;, admiti\u00f3.<br \/>\nSobre el tema de eventuales acercamientos de paz de la nueva administraci\u00f3n con el ELN, las disidencias y las bandas criminales, Uribe dijo que el tema no se trat\u00f3 de manera puntual, solo confirm\u00f3 que el nuevo mandatario buscar\u00eda una &#8220;paz integral&#8221;, un asunto que no pareci\u00f3 compartir el exmandatario.<br \/>\nEn cuanto al restablecimiento de las relaciones con Venezuela, Uribe dijo que no fue tema de la conversaci\u00f3n, pero reiter\u00f3 su oposici\u00f3n al gobierno de Caracas.<br \/>\nSobre la relaci\u00f3n de Bogot\u00e1 con Estados Unidos no hablaron, a\u00f1adi\u00f3 el exmandatario.<br \/>\n&#8220;Vamos a construir&#8221;, afirm\u00f3 Uribe, &#8220;no hay que tumbar puentes, hay que buscar construirlos&#8221;, agreg\u00f3.<br \/>\nPetro le ha propuesto a sectores pol\u00edticos de todas las orillas ideol\u00f3gicas, a los grupos econ\u00f3micos y a la opini\u00f3n p\u00fablica conversar para llegar a un gran acuerdo de nacional que gire alrededor de la paz y el fin del hambre.<\/p>\n","protected":false},"excerpt":{"rendered":"<p>&nbsp; Presidente electo colombiano, Gustavo Petro, y exmandatario Alvaro Uribe en un impensado encuentro (foto: Foto de la oficina de prensa de Petro) &#8211;\u00a0El ex&hellip;<\/p>\n","protected":false},"author":99,"featured_media":504096,"comment_status":"open","ping_status":"open","sticky":false,"template":"","format":"standard","meta":{"footnotes":""},"categories":[23],"tags":[],"class_list":["post-504095","post","type-post","status-publish","format-standard","has-post-thumbnail","hentry","category-latinoamerica"],"_links":{"self":[{"href":"https:\/\/diarioelpopular.com\/index.php\/wp-json\/wp\/v2\/posts\/504095","targetHints":{"allow":["GET"]}}],"collection":[{"href":"https:\/\/diarioelpopular.com\/index.php\/wp-json\/wp\/v2\/posts"}],"about":[{"href":"https:\/\/diarioelpopular.com\/index.php\/wp-json\/wp\/v2\/types\/post"}],"author":[{"embeddable":true,"href":"https:\/\/diarioelpopular.com\/index.php\/wp-json\/wp\/v2\/users\/99"}],"replies":[{"embeddable":true,"href":"https:\/\/diarioelpopular.com\/index.php\/wp-json\/wp\/v2\/comments?post=504095"}],"version-history":[{"count":1,"href":"https:\/\/diarioelpopular.com\/index.php\/wp-json\/wp\/v2\/posts\/504095\/revisions"}],"predecessor-version":[{"id":504097,"href":"https:\/\/diarioelpopular.com\/index.php\/wp-json\/wp\/v2\/posts\/504095\/revisions\/504097"}],"wp:featuredmedia":[{"embeddable":true,"href":"https:\/\/diarioelpopular.com\/index.php\/wp-json\/wp\/v2\/media\/504096"}],"wp:attachment":[{"href":"https:\/\/diarioelpopular.com\/index.php\/wp-json\/wp\/v2\/media?parent=504095"}],"wp:term":[{"taxonomy":"category","embeddable":true,"href":"https:\/\/diarioelpopular.com\/index.php\/wp-json\/wp\/v2\/categories?post=504095"},{"taxonomy":"post_tag","embeddable":true,"href":"https:\/\/diarioelpopular.com\/index.php\/wp-json\/wp\/v2\/tags?post=504095"}],"curies":[{"name":"wp","href":"https:\/\/api.w.org\/{rel}","templated":true}]}}