{"id":504098,"date":"2022-06-30T09:26:26","date_gmt":"2022-06-30T13:26:26","guid":{"rendered":"https:\/\/diarioelpopular.com\/?p=504098"},"modified":"2022-06-30T09:26:26","modified_gmt":"2022-06-30T13:26:26","slug":"los-pandilleros-son-tontos-el-mensaje-que-bukele-envio-a-las-maras-y-con-el-que-prometio-endurecer-la-guerra-contra-ellas","status":"publish","type":"post","link":"https:\/\/diarioelpopular.com\/index.php\/2022\/06\/30\/los-pandilleros-son-tontos-el-mensaje-que-bukele-envio-a-las-maras-y-con-el-que-prometio-endurecer-la-guerra-contra-ellas\/","title":{"rendered":"\u201cLos pandilleros son tontos\u201d: el mensaje que Bukele envi\u00f3 a las maras y con el que prometi\u00f3 endurecer la guerra contra ellas"},"content":{"rendered":"<p>&nbsp;<\/p>\n<p><img loading=\"lazy\" decoding=\"async\" class=\"alignnone size-custom-full-size wp-image-504099\" src=\"https:\/\/diarioelpopular.com\/wp-content\/uploads\/2022\/06\/bukele1-636x360.jpg\" alt=\"\" width=\"636\" height=\"360\" srcset=\"https:\/\/diarioelpopular.com\/wp-content\/uploads\/2022\/06\/bukele1-636x360.jpg 636w, https:\/\/diarioelpopular.com\/wp-content\/uploads\/2022\/06\/bukele1-300x170.jpg 300w, https:\/\/diarioelpopular.com\/wp-content\/uploads\/2022\/06\/bukele1-768x435.jpg 768w, https:\/\/diarioelpopular.com\/wp-content\/uploads\/2022\/06\/bukele1-1200x679.jpg 1200w, https:\/\/diarioelpopular.com\/wp-content\/uploads\/2022\/06\/bukele1-129x73.jpg 129w, https:\/\/diarioelpopular.com\/wp-content\/uploads\/2022\/06\/bukele1.jpg 1024w\" sizes=\"auto, (max-width: 636px) 100vw, 636px\" \/><\/p>\n<p><em>Bukele expres\u00f3 que se debe &#8220;arreciar guerra&#8221; a maras tras asesinato de polic\u00edas.\u00a0<\/em><\/p>\n<p>&nbsp;<\/p>\n<p><em><strong>&#8211; El presidente de El Salvador, Nayib Bukele, anunci\u00f3 que arreciar\u00e1 la \u201cguerra\u201d contra la pandillas luego del asesinato de tres polic\u00edas durante una emboscada, presumiblemente perpetrado por estas organizaciones.<\/strong><\/em><\/p>\n<p>&nbsp;<\/p>\n<div id=\"gradient-content\" class=\"sart-content\">\n<p>\u201cEsto no va a quedar as\u00ed y van a pagar caro por el asesinato de estos tres h\u00e9roes\u201d, declar\u00f3 el presidente durante una rueda de prensa en la que responsabiliz\u00f3 del hecho a la pandilla Barrio 18, de la denominada facci\u00f3n Sure\u00f1os.<\/p>\n<p>Entre los agentes acribillados figuran el jefe de la secci\u00f3n del sistema de emergencias 911 y dos polic\u00edas (un hombre y una mujer) que fueron atacados en el barrio La Realidad, en Santa Ana, la segunda ciudad en importancia del pa\u00eds, a unos 60 km al oeste de San Salvador.<\/p>\n<\/div>\n<div id=\"tinypass_handler_single\" class=\"tinypass_handler_single sart-content\">\n<p>\u201cLos pandilleros son tontos, porque no vamos a retroceder.\u00a0Vamos a arreciar esta guerra contra las pandillas. Ahora van a ver, de verdad, lo que significa desatar esta fuerza de seguridad\u201d, prometi\u00f3 el mandatario.<\/p>\n<p>En respuesta a una escalada de 87 asesinatos cometidos entre el 25 y 27 de marzo, el Congreso acogi\u00f3 un pedido de Bukele para decretar un r\u00e9gimen de excepci\u00f3n, que\u00a0ha permitido detener a 43 mil 86 presuntos pandilleros.<\/p>\n<p>Ese r\u00e9gimen de excepci\u00f3n, prorrogado hasta fines de julio, permite detenciones sin orden judicial. Ha sido considerado \u201cinsostenible\u201d por el encargado de negocios de la embajada de Estados Unidos en San Salvador, Patrick Ventrell.<\/p>\n<p>\u201cEs una pol\u00edtica insostenible, que ya ha dejado decenas de miles de detenidos y denuncias de violaciones a derechos humanos, arrestos arbitrarios y muertes de detenidos tambi\u00e9n\u201d, asegur\u00f3 Ventrell.<\/p>\n<p>Para Bukele, \u201cdecir que el r\u00e9gimen de excepci\u00f3n es insostenible probablemente fue una opini\u00f3n desafortunada\u201d.<\/p>\n<p>\u201cSi se refiere a que no puede quedar para siempre, estamos de acuerdo, no puede ser quimioterapia para siempre\u201d, consider\u00f3.<\/p>\n<p>Pero \u201csi se refiere a que se suspenda la quimioterapia antes de eliminar el c\u00e1ncer, entonces es totalmente absurdo porque lo \u00fanico que vamos a lograr es que el c\u00e1ncer nos mate a todos\u201d.<\/p>\n<p>Organizaciones como Amnist\u00eda Internacional y la ONG Human Rights Watch han llamado al gobierno salvadore\u00f1o a respetar los derechos humanos.<\/p>\n<p>En El Salvador operan principalmente las pandillas MS-13 y Barrio 18. Hasta antes de la arremetida del gobierno, estaban encarcelados unos 16 mil de sus miembros.<\/p>\n<p>Pero con las detenciones de los \u00faltimos tres meses, estar\u00edan tras las rejas 59 mil 86 miembros, un 84% de los 70 mil miembros que oficialmente se considera existen en el pa\u00eds.<\/p>\n<\/div>\n","protected":false},"excerpt":{"rendered":"<p>&nbsp; Bukele expres\u00f3 que se debe &#8220;arreciar guerra&#8221; a maras tras asesinato de polic\u00edas.\u00a0 &nbsp; &#8211; El presidente de El Salvador, Nayib Bukele, anunci\u00f3 que&hellip;<\/p>\n","protected":false},"author":99,"featured_media":504099,"comment_status":"open","ping_status":"open","sticky":false,"template":"","format":"standard","meta":{"footnotes":""},"categories":[23],"tags":[],"class_list":["post-504098","post","type-post","status-publish","format-standard","has-post-thumbnail","hentry","category-latinoamerica"],"_links":{"self":[{"href":"https:\/\/diarioelpopular.com\/index.php\/wp-json\/wp\/v2\/posts\/504098","targetHints":{"allow":["GET"]}}],"collection":[{"href":"https:\/\/diarioelpopular.com\/index.php\/wp-json\/wp\/v2\/posts"}],"about":[{"href":"https:\/\/diarioelpopular.com\/index.php\/wp-json\/wp\/v2\/types\/post"}],"author":[{"embeddable":true,"href":"https:\/\/diarioelpopular.com\/index.php\/wp-json\/wp\/v2\/users\/99"}],"replies":[{"embeddable":true,"href":"https:\/\/diarioelpopular.com\/index.php\/wp-json\/wp\/v2\/comments?post=504098"}],"version-history":[{"count":1,"href":"https:\/\/diarioelpopular.com\/index.php\/wp-json\/wp\/v2\/posts\/504098\/revisions"}],"predecessor-version":[{"id":504100,"href":"https:\/\/diarioelpopular.com\/index.php\/wp-json\/wp\/v2\/posts\/504098\/revisions\/504100"}],"wp:featuredmedia":[{"embeddable":true,"href":"https:\/\/diarioelpopular.com\/index.php\/wp-json\/wp\/v2\/media\/504099"}],"wp:attachment":[{"href":"https:\/\/diarioelpopular.com\/index.php\/wp-json\/wp\/v2\/media?parent=504098"}],"wp:term":[{"taxonomy":"category","embeddable":true,"href":"https:\/\/diarioelpopular.com\/index.php\/wp-json\/wp\/v2\/categories?post=504098"},{"taxonomy":"post_tag","embeddable":true,"href":"https:\/\/diarioelpopular.com\/index.php\/wp-json\/wp\/v2\/tags?post=504098"}],"curies":[{"name":"wp","href":"https:\/\/api.w.org\/{rel}","templated":true}]}}