{"id":504102,"date":"2022-06-30T09:34:49","date_gmt":"2022-06-30T13:34:49","guid":{"rendered":"https:\/\/diarioelpopular.com\/?p=504102"},"modified":"2022-06-30T09:34:49","modified_gmt":"2022-06-30T13:34:49","slug":"ecuador-gobierno-acepta-volver-al-dialogo","status":"publish","type":"post","link":"https:\/\/diarioelpopular.com\/index.php\/2022\/06\/30\/ecuador-gobierno-acepta-volver-al-dialogo\/","title":{"rendered":"Ecuador: gobierno acepta volver al di\u00e1logo"},"content":{"rendered":"<p><img loading=\"lazy\" decoding=\"async\" class=\"alignnone size-custom-full-size wp-image-504103\" src=\"https:\/\/diarioelpopular.com\/wp-content\/uploads\/2022\/06\/ecuador-1-636x392.jpg\" alt=\"\" width=\"636\" height=\"392\" srcset=\"https:\/\/diarioelpopular.com\/wp-content\/uploads\/2022\/06\/ecuador-1-636x392.jpg 636w, https:\/\/diarioelpopular.com\/wp-content\/uploads\/2022\/06\/ecuador-1-300x185.jpg 300w, https:\/\/diarioelpopular.com\/wp-content\/uploads\/2022\/06\/ecuador-1-768x473.jpg 768w, https:\/\/diarioelpopular.com\/wp-content\/uploads\/2022\/06\/ecuador-1-1200x739.jpg 1200w, https:\/\/diarioelpopular.com\/wp-content\/uploads\/2022\/06\/ecuador-1-118x73.jpg 118w, https:\/\/diarioelpopular.com\/wp-content\/uploads\/2022\/06\/ecuador-1.jpg 1024w\" sizes=\"auto, (max-width: 636px) 100vw, 636px\" \/><\/p>\n<p><em>Ind\u00edgenas protestan por la calles de la capital<\/em><\/p>\n<h4 class=\"h2\"><em><strong>&#8211; Informan que el proceso ser\u00e1 con la mediaci\u00f3n de la Conferencia Episcopal<\/strong><\/em><\/h4>\n<figure class=\"contenedor-ImagenArticulo\"><picture><source srcset=\"https:\/\/www.eluniversal.com.mx\/sites\/default\/files\/styles\/f27-273x210\/public\/2022\/06\/30\/ecuador.jpg?itok=a13tRAdI\" media=\"(max-width:576px)\" \/><source srcset=\"https:\/\/www.eluniversal.com.mx\/sites\/default\/files\/styles\/f03-651x400\/public\/2022\/06\/30\/ecuador.jpg?itok=sroC5ovv\" media=\"(max-width:1039px)\" \/><source srcset=\"https:\/\/www.eluniversal.com.mx\/sites\/default\/files\/2022\/06\/30\/ecuador.jpg\" media=\"(min-width:1040px)\" \/><\/picture><\/figure>\n<div class=\"st-placement standard_1 inImageRestricted\">\n<div class=\"st-adunit st-reset st-show\">\n<div class=\"st-adunit-ad st-reset\">\n<div class=\"st-display-render st-reset\">\n<div class=\"st-reset\">\n<div class=\"important-styled st-canvas-container open Leaderboard display-standard fssquz2\">\n<div class=\"important-styled st-canvas-el fhxwyqa\">\n<div class=\"important-styled st-canvas-container undefined fssquz2\">\n<div class=\"important-styled st-canvas-el f1mewuzy\">\n<div class=\"important-styled st-canvas-container undefined fssquz2\">\n<div class=\"important-styled st-canvas-el fhxwyqa\">\n<div class=\"important-styled f1m7i34m\"><em><strong>Quito, 30 JUN<\/strong><\/em> Grupos de manifestantes incendiaron ayer dos estaciones de polic\u00eda en el norte de Quito mientras el gobierno acept\u00f3 volver al di\u00e1logo con los ind\u00edgenas y con la mediaci\u00f3n de la Conferencia Episcopal, en medio de una huelga nacional de m\u00e1s de dos semanas caracterizada por violentas protestas.<\/div>\n<div>\n<p>En una rueda de prensa, el ministro de Gobierno, Francisco Jim\u00e9nez, dijo que como producto de los esfuerzos mantenidos \u201cpara devolverle la tranquilidad al pueblo ecuatoriano, hemos decidido aceptar el proceso de mediaci\u00f3n&#8230; el proceso inici\u00f3 a petici\u00f3n de las organizaciones en conflicto\u201d.<\/p>\n<p>A\u00f1adi\u00f3 que la Conferencia Episcopal definir\u00e1 los actores, los representantes y los temas en cuesti\u00f3n para que \u201cpodamos llegar a una soluci\u00f3n definitiva\u201d, al tiempo de reiterar la voluntad de llegar a una soluci\u00f3n para devolverle la paz al pa\u00eds.<\/p>\n<p>Antes Jim\u00e9nez declar\u00f3 al canal Ecuavisa que \u201cel cese de las movilizaciones y enfrentamientos\u201d de manera \u201cunilateral\u201d por parte del movimiento ind\u00edgena es la condici\u00f3n que permitir\u00e1 retomar el di\u00e1logo.<\/p>\n<p>\u201cPara cualquier di\u00e1logo tienen que deponer sus medidas de hecho\u201d, insisti\u00f3 Jim\u00e9nez. El funcionario no descart\u00f3 que se pueda adoptar un nuevo estado de excepci\u00f3n. \u201cLos que no entiendan por las buenas tendr\u00e1n que entenderlo por la aplicaci\u00f3n progresiva de la fuerza\u201d, acot\u00f3.<\/p>\n<p>Al grito de \u201c\u00a1No queremos 10 centavos, queremos resultados!\u201d, varios cientos de manifestantes caminaban por calles del centro hist\u00f3rico, aleda\u00f1as al Palacio de Carondelet, sede del Ejecutivo, para reclamar tambi\u00e9n una reducci\u00f3n de hasta 21% de los precios de los combustibles.<\/p>\n<p>Los alrededores de Carondelet est\u00e1n bloqueados con vallas met\u00e1licas y alambres con cuchillas, adem\u00e1s de agentes.<\/p>\n<p>La polic\u00eda confirm\u00f3 que dos unidades de vigilancia comunitaria de las gigantescas barriadas de Calder\u00f3n y Carapungo, en el extremo norte quite\u00f1o, quedaron destruidas tras el ataque con bombas incendiarias. Los agentes lograron huir.<\/p>\n<p>El Movimiento Ind\u00edgena y Campesino de la regi\u00f3n de Cotopaxi anunci\u00f3 que prepara una movilizaci\u00f3n \u201cmasiva y contundente hacia la capital, el d\u00eda jueves&#8230; con todas las organizaciones, gremios, transportistas y trabajadores\u201d; cientos de ind\u00edgenas de la provincia de Imbabura bloquean una de las principales avenidas perif\u00e9ricas. El gremio que re\u00fane a las poblaciones nativas de la Amazonia indic\u00f3 a sus bases que \u201cse mantienen todas las medidas en las seis provincias de la regi\u00f3n Amaz\u00f3nica\u201d.<\/p>\n<\/div>\n<\/div>\n<\/div>\n<\/div>\n<\/div>\n<\/div>\n<\/div>\n<\/div>\n<\/div>\n<\/div>\n<\/div>\n<\/div>\n","protected":false},"excerpt":{"rendered":"<p>Ind\u00edgenas protestan por la calles de la capital &#8211; Informan que el proceso ser\u00e1 con la mediaci\u00f3n de la Conferencia Episcopal Quito, 30 JUN Grupos&hellip;<\/p>\n","protected":false},"author":99,"featured_media":504103,"comment_status":"open","ping_status":"open","sticky":false,"template":"","format":"standard","meta":{"footnotes":""},"categories":[23],"tags":[],"class_list":["post-504102","post","type-post","status-publish","format-standard","has-post-thumbnail","hentry","category-latinoamerica"],"_links":{"self":[{"href":"https:\/\/diarioelpopular.com\/index.php\/wp-json\/wp\/v2\/posts\/504102","targetHints":{"allow":["GET"]}}],"collection":[{"href":"https:\/\/diarioelpopular.com\/index.php\/wp-json\/wp\/v2\/posts"}],"about":[{"href":"https:\/\/diarioelpopular.com\/index.php\/wp-json\/wp\/v2\/types\/post"}],"author":[{"embeddable":true,"href":"https:\/\/diarioelpopular.com\/index.php\/wp-json\/wp\/v2\/users\/99"}],"replies":[{"embeddable":true,"href":"https:\/\/diarioelpopular.com\/index.php\/wp-json\/wp\/v2\/comments?post=504102"}],"version-history":[{"count":1,"href":"https:\/\/diarioelpopular.com\/index.php\/wp-json\/wp\/v2\/posts\/504102\/revisions"}],"predecessor-version":[{"id":504104,"href":"https:\/\/diarioelpopular.com\/index.php\/wp-json\/wp\/v2\/posts\/504102\/revisions\/504104"}],"wp:featuredmedia":[{"embeddable":true,"href":"https:\/\/diarioelpopular.com\/index.php\/wp-json\/wp\/v2\/media\/504103"}],"wp:attachment":[{"href":"https:\/\/diarioelpopular.com\/index.php\/wp-json\/wp\/v2\/media?parent=504102"}],"wp:term":[{"taxonomy":"category","embeddable":true,"href":"https:\/\/diarioelpopular.com\/index.php\/wp-json\/wp\/v2\/categories?post=504102"},{"taxonomy":"post_tag","embeddable":true,"href":"https:\/\/diarioelpopular.com\/index.php\/wp-json\/wp\/v2\/tags?post=504102"}],"curies":[{"name":"wp","href":"https:\/\/api.w.org\/{rel}","templated":true}]}}