{"id":504118,"date":"2022-07-03T13:17:41","date_gmt":"2022-07-03T17:17:41","guid":{"rendered":"https:\/\/diarioelpopular.com\/?p=504118"},"modified":"2022-07-03T13:17:41","modified_gmt":"2022-07-03T17:17:41","slug":"gobierno-de-chile-presenta-su-ambiciosa-reforma-tributaria-cuanto-recaudaria","status":"publish","type":"post","link":"https:\/\/diarioelpopular.com\/index.php\/2022\/07\/03\/gobierno-de-chile-presenta-su-ambiciosa-reforma-tributaria-cuanto-recaudaria\/","title":{"rendered":"Gobierno de Chile presenta su ambiciosa reforma tributaria, \u00bfcu\u00e1nto recaudar\u00eda?"},"content":{"rendered":"<p>&nbsp;<\/p>\n<p><img loading=\"lazy\" decoding=\"async\" class=\"alignnone size-custom-full-size wp-image-504119\" src=\"https:\/\/diarioelpopular.com\/wp-content\/uploads\/2022\/07\/colp-253566_40247124_20220702215212-636x424.jpg\" alt=\"\" width=\"636\" height=\"424\" srcset=\"https:\/\/diarioelpopular.com\/wp-content\/uploads\/2022\/07\/colp-253566_40247124_20220702215212-636x424.jpg 636w, https:\/\/diarioelpopular.com\/wp-content\/uploads\/2022\/07\/colp-253566_40247124_20220702215212-300x200.jpg 300w, https:\/\/diarioelpopular.com\/wp-content\/uploads\/2022\/07\/colp-253566_40247124_20220702215212-109x73.jpg 109w, https:\/\/diarioelpopular.com\/wp-content\/uploads\/2022\/07\/colp-253566_40247124_20220702215212.jpg 640w\" sizes=\"auto, (max-width: 636px) 100vw, 636px\" \/><\/p>\n<p><em>Gabriel Boric, presidente de Chile, tiene en esta reforma una de sus m\u00e1s ambiciosas apuestas.<\/em><\/p>\n<p>&nbsp;<\/p>\n<h4 class=\"lead cita\"><em><strong>&#8211; La propuesta incluye medidas contra la evasi\u00f3n fiscal, reduce las desgravaciones, modifica el impuesto sobre la renta y crea un impuesto a la riqueza.<\/strong><\/em><\/h4>\n<p>El Gobierno del presidente chileno, Gabriel Boric, present\u00f3 su esperada reforma tributaria, una iniciativa que \u201cno apunta solo al sector m\u00e1s rico\u201d y que ser\u00e1 fundamental para financiar la agenda de profundas transformaciones sociales a que aspira.<\/p>\n<p>\u201cAlgo menos del 3 por ciento de los contribuyentes van a\u00a0pagar m\u00e1s impuestos, y algo menos del 97 por ciento no va a pagar m\u00e1s impuestos. Un dato relevante sobre esta reforma\u201d, ha destacado el ministro de Hacienda, Mario Marcel, durante la presentaci\u00f3n de la propuesta, seg\u00fan recoge el diario \u2018El Mercurio\u2019.<\/p>\n<p>En concreto, se estima que solo pagar\u00e1n m\u00e1s impuestos aquellas personas con ingresos mensuales superiores a\u00a0los 4 millones de pesos chilenos.<\/p>\n<p>Tras a\u00f1os de pol\u00edtica econ\u00f3mica liberal, la propuesta incluye medidas contra la evasi\u00f3n fiscal, reduce las desgravaciones, modifica el impuesto sobre la renta y crea un impuesto a la riqueza. El Gobierno\u00a0espera alcanzar un 0,6 por ciento del PIB en recaudaci\u00f3n en 2023\u00a0y continuar incrementando este porcentaje hasta llegar al 4,1 por ciento en 2026.<\/p>\n<p>La reforma se basa en cuatro iniciativas legislativas que se ir\u00e1n presentando progresivamente. Un primer paquete ser\u00e1 tramitado la pr\u00f3xima semana en la C\u00e1mara de Diputados.<\/p>\n<p>\u201cNuestro compromiso es con el pa\u00eds en su conjunto para usar bien estos recursos y demostrarles a las chilenas y chilenos que el esfuerzo que se est\u00e1 haciendo por pagar mayores impuestos\u00a0va a ser un esfuerzo que valga realmente la pena\u201d, ha argumentado Marcel este viernes.<\/p>\n<p>La clave de la reforma fiscal est\u00e1 en el aumento del impuesto a la renta, que incrementar\u00e1 sus tasas para todos los ingresos mensuales sobre 4 millones de pesos hasta una tasa marginal de 43 por ciento en el tramo de quienes perciben rentas por encima de los 8 millones de pesos. Marcel ha argumentado que as\u00ed Chile se acerca a los est\u00e1ndares de la Organizaci\u00f3n para la Cooperaci\u00f3n y el Desarrollo Econ\u00f3mico (OCDE).<\/p>\n<p>Por otra parte, se establece un impuesto a la riqueza de hasta el 1,8 por ciento para aquellos patrimonios que est\u00e9n sobre los 5 millones de d\u00f3lares. La reforma tambi\u00e9n elimina exenciones tributarias, por ejemplo, para los ingresos por el arriendo de inmuebles y establece un impuesto del 22 por ciento para las rentas del capital.<\/p>\n<div class=\"teads-inread teads-display sm-screen\">\n<div class=\"teads-ui-components-adchoices\"><\/div>\n<\/div>\n","protected":false},"excerpt":{"rendered":"<p>&nbsp; Gabriel Boric, presidente de Chile, tiene en esta reforma una de sus m\u00e1s ambiciosas apuestas. &nbsp; &#8211; La propuesta incluye medidas contra la evasi\u00f3n&hellip;<\/p>\n","protected":false},"author":99,"featured_media":504119,"comment_status":"open","ping_status":"open","sticky":false,"template":"","format":"standard","meta":{"footnotes":""},"categories":[23],"tags":[],"class_list":["post-504118","post","type-post","status-publish","format-standard","has-post-thumbnail","hentry","category-latinoamerica"],"_links":{"self":[{"href":"https:\/\/diarioelpopular.com\/index.php\/wp-json\/wp\/v2\/posts\/504118","targetHints":{"allow":["GET"]}}],"collection":[{"href":"https:\/\/diarioelpopular.com\/index.php\/wp-json\/wp\/v2\/posts"}],"about":[{"href":"https:\/\/diarioelpopular.com\/index.php\/wp-json\/wp\/v2\/types\/post"}],"author":[{"embeddable":true,"href":"https:\/\/diarioelpopular.com\/index.php\/wp-json\/wp\/v2\/users\/99"}],"replies":[{"embeddable":true,"href":"https:\/\/diarioelpopular.com\/index.php\/wp-json\/wp\/v2\/comments?post=504118"}],"version-history":[{"count":1,"href":"https:\/\/diarioelpopular.com\/index.php\/wp-json\/wp\/v2\/posts\/504118\/revisions"}],"predecessor-version":[{"id":504120,"href":"https:\/\/diarioelpopular.com\/index.php\/wp-json\/wp\/v2\/posts\/504118\/revisions\/504120"}],"wp:featuredmedia":[{"embeddable":true,"href":"https:\/\/diarioelpopular.com\/index.php\/wp-json\/wp\/v2\/media\/504119"}],"wp:attachment":[{"href":"https:\/\/diarioelpopular.com\/index.php\/wp-json\/wp\/v2\/media?parent=504118"}],"wp:term":[{"taxonomy":"category","embeddable":true,"href":"https:\/\/diarioelpopular.com\/index.php\/wp-json\/wp\/v2\/categories?post=504118"},{"taxonomy":"post_tag","embeddable":true,"href":"https:\/\/diarioelpopular.com\/index.php\/wp-json\/wp\/v2\/tags?post=504118"}],"curies":[{"name":"wp","href":"https:\/\/api.w.org\/{rel}","templated":true}]}}