{"id":504131,"date":"2022-07-04T08:49:45","date_gmt":"2022-07-04T12:49:45","guid":{"rendered":"https:\/\/diarioelpopular.com\/?p=504131"},"modified":"2022-07-04T08:49:45","modified_gmt":"2022-07-04T12:49:45","slug":"argentina-designan-nueva-ministra-de-economia","status":"publish","type":"post","link":"https:\/\/diarioelpopular.com\/index.php\/2022\/07\/04\/argentina-designan-nueva-ministra-de-economia\/","title":{"rendered":"Argentina: Designan nueva ministra de Econom\u00eda"},"content":{"rendered":"<p>&nbsp;<\/p>\n<p><img loading=\"lazy\" decoding=\"async\" class=\"alignnone size-custom-full-size wp-image-504132\" src=\"https:\/\/diarioelpopular.com\/wp-content\/uploads\/2022\/07\/84a1829ddf79f41b1ab76f3ebec6f66a.jpg\" alt=\"\" width=\"476\" height=\"317\" srcset=\"https:\/\/diarioelpopular.com\/wp-content\/uploads\/2022\/07\/84a1829ddf79f41b1ab76f3ebec6f66a.jpg 476w, https:\/\/diarioelpopular.com\/wp-content\/uploads\/2022\/07\/84a1829ddf79f41b1ab76f3ebec6f66a-300x200.jpg 300w, https:\/\/diarioelpopular.com\/wp-content\/uploads\/2022\/07\/84a1829ddf79f41b1ab76f3ebec6f66a-110x73.jpg 110w\" sizes=\"auto, (max-width: 476px) 100vw, 476px\" \/><\/p>\n<p><em>Alberto Fernandez presenta el nuevo proyecto de reforma tributaria (foto: ANSA)<\/em><\/p>\n<h4><em><strong>&#8211; Reemplazar\u00e1 al renunciante Mart\u00edn Guzm\u00e1n<\/strong><\/em><\/h4>\n<p><em><strong>BUENOS AIRES 4 JUL &#8211;<\/strong><\/em> Silvina Batakis, quien se desempe\u00f1aba como secretaria de Provincias del Ministerio de Interior, fue designada hoy como nueva titular de la cartera de Econom\u00eda de Argentina, en reemplazo del renunciante Mart\u00edn Guzm\u00e1n.<br \/>\nBatakis, la cual cumpli\u00f3 esa funci\u00f3n, pero en la provincia de Buenos Aires (2011-2015), cuando el gobernador era Daniel Scioli (actual ministro de Desarrollo Productivo), fue elegida por el presidente argentino, Alberto Fern\u00e1ndez, despu\u00e9s de alcanzar un acuerdo con su vice, Cristina Fern\u00e1ndez de Kirchner.<br \/>\nLa elecci\u00f3n lleg\u00f3 despu\u00e9s de una larga jornada de negociaciones desde la Quinta de Olivos, donde el mandatario se reuni\u00f3 con su c\u00edrculo de confianza, entre ellos el presidente de la C\u00e1mara de Diputados, Sergio Massa, sobre quien el presidente lleg\u00f3 a pensar en convertirlo en el pr\u00f3ximo ministro de Econom\u00eda.<br \/>\nCercana a Cristina Kircher, Betaki llega para sustituir al renunciante Guzm\u00e1n, quien present\u00f3 su renuncia el s\u00e1bado a trav\u00e9s de la red social Twitter, cargo desde el cual se encarg\u00f3 de negociar la deuda de casi 45 mil millones de d\u00f3lares de Argentina con el Fondo, heredada de la anterior administraci\u00f3n (Mauricio Macri, centroderecha).<br \/>\nEn el \u00faltimo tiempo, la flamante ministra se ocup\u00f3 de llevar adelante las negociaciones con el gobierno del alcalde de la capital argentina, Horacio Rodr\u00edguez Larreta, por la quita de la coparticipaci\u00f3n que le realiz\u00f3 el gobierno nacional.<br \/>\nDe perfil bajo y abocada a la gesti\u00f3n, se har\u00e1 cargo a partir del lunes de un ministerio en llamas, ya que el pa\u00eds atraviesa una dura crisis econ\u00f3mica.<br \/>\nPor ejemplo, la pobreza en Argentina en 2021 cay\u00f3 levemente, pero a\u00fan est\u00e1 por encima de los niveles anteriores a la pandemia y al segundo semestre de 2021 la pobreza se ubic\u00f3 en el 37,3% de la poblaci\u00f3n, seg\u00fan el ente estad\u00edstico estatal (INDEC).<br \/>\nEl guarismo es inferior a igual per\u00edodo del a\u00f1o anterior, cuando la pobreza hab\u00eda alcanzado al 42% de los argentinos y el pa\u00eds luchaba contra el Covid-19, detall\u00f3 Chequeado.<br \/>\nPor otra parte, la desocupaci\u00f3n en el primer trimestre de 2022 fue del 7%, un porcentaje menor al que recibi\u00f3 Guzm\u00e1n cuando asumi\u00f3 (8,9%) y el dato m\u00e1s bajo desde 2016, aunque se detecta un incremento del trabajo informal notorio.<br \/>\nAsimismo, los \u00faltimos datos del estado de la deuda p\u00fablica a mayo de 2022 asciende al equivalente a 374.536 millones de d\u00f3lares, o sea 80,1% del Producto Bruto Interno (PBI), mientras que en 2021 hab\u00eda sido del 79,9%.<br \/>\nSeg\u00fan el mismo informe, al final de 2020 esta proporci\u00f3n era del 102,8%. Es decir que, entre 2020 y 2021, en la gesti\u00f3n de Guzm\u00e1n, este indicador se redujo en 22,9 puntos porcentuales.<br \/>\nEl gran problema de la faena de Guzm\u00e1n, y por donde m\u00e1s lo objet\u00f3 Cristina Fern\u00e1ndez, son los alt\u00edsimos niveles de inflaci\u00f3n y el abrumador aumento de precios.<br \/>\nEl INDEC inform\u00f3 que la inflaci\u00f3n de mayo de 2022 (\u00faltimo dato disponible) fue del 5,1%, mientras que el incremento interanual de precios alcanz\u00f3 el 60,7%, el mayor registro en los \u00faltimos 30 a\u00f1os, se\u00f1al\u00f3 Chequeado: &#8220;la gran cuenta pendiente que deja el ministro de Econom\u00eda&#8221;.<\/p>\n","protected":false},"excerpt":{"rendered":"<p>&nbsp; Alberto Fernandez presenta el nuevo proyecto de reforma tributaria (foto: ANSA) &#8211; Reemplazar\u00e1 al renunciante Mart\u00edn Guzm\u00e1n BUENOS AIRES 4 JUL &#8211; Silvina Batakis,&hellip;<\/p>\n","protected":false},"author":99,"featured_media":504132,"comment_status":"open","ping_status":"open","sticky":false,"template":"","format":"standard","meta":{"footnotes":""},"categories":[23],"tags":[],"class_list":["post-504131","post","type-post","status-publish","format-standard","has-post-thumbnail","hentry","category-latinoamerica"],"_links":{"self":[{"href":"https:\/\/diarioelpopular.com\/index.php\/wp-json\/wp\/v2\/posts\/504131","targetHints":{"allow":["GET"]}}],"collection":[{"href":"https:\/\/diarioelpopular.com\/index.php\/wp-json\/wp\/v2\/posts"}],"about":[{"href":"https:\/\/diarioelpopular.com\/index.php\/wp-json\/wp\/v2\/types\/post"}],"author":[{"embeddable":true,"href":"https:\/\/diarioelpopular.com\/index.php\/wp-json\/wp\/v2\/users\/99"}],"replies":[{"embeddable":true,"href":"https:\/\/diarioelpopular.com\/index.php\/wp-json\/wp\/v2\/comments?post=504131"}],"version-history":[{"count":1,"href":"https:\/\/diarioelpopular.com\/index.php\/wp-json\/wp\/v2\/posts\/504131\/revisions"}],"predecessor-version":[{"id":504133,"href":"https:\/\/diarioelpopular.com\/index.php\/wp-json\/wp\/v2\/posts\/504131\/revisions\/504133"}],"wp:featuredmedia":[{"embeddable":true,"href":"https:\/\/diarioelpopular.com\/index.php\/wp-json\/wp\/v2\/media\/504132"}],"wp:attachment":[{"href":"https:\/\/diarioelpopular.com\/index.php\/wp-json\/wp\/v2\/media?parent=504131"}],"wp:term":[{"taxonomy":"category","embeddable":true,"href":"https:\/\/diarioelpopular.com\/index.php\/wp-json\/wp\/v2\/categories?post=504131"},{"taxonomy":"post_tag","embeddable":true,"href":"https:\/\/diarioelpopular.com\/index.php\/wp-json\/wp\/v2\/tags?post=504131"}],"curies":[{"name":"wp","href":"https:\/\/api.w.org\/{rel}","templated":true}]}}