{"id":504135,"date":"2022-07-04T09:00:06","date_gmt":"2022-07-04T13:00:06","guid":{"rendered":"https:\/\/diarioelpopular.com\/?p=504135"},"modified":"2022-07-04T09:00:06","modified_gmt":"2022-07-04T13:00:06","slug":"hile-recibe-su-constitucion-mientras-boric-pierde-credibilidad","status":"publish","type":"post","link":"https:\/\/diarioelpopular.com\/index.php\/2022\/07\/04\/hile-recibe-su-constitucion-mientras-boric-pierde-credibilidad\/","title":{"rendered":"hile recibe su Constituci\u00f3n, mientras Boric pierde credibilidad"},"content":{"rendered":"<p>&nbsp;<\/p>\n<p><img loading=\"lazy\" decoding=\"async\" class=\"alignnone size-custom-full-size wp-image-504136\" src=\"https:\/\/diarioelpopular.com\/wp-content\/uploads\/2022\/07\/gettyimages-1241462144_40247569_20220703174039-636x461.jpg\" alt=\"\" width=\"636\" height=\"461\" srcset=\"https:\/\/diarioelpopular.com\/wp-content\/uploads\/2022\/07\/gettyimages-1241462144_40247569_20220703174039-636x461.jpg 636w, https:\/\/diarioelpopular.com\/wp-content\/uploads\/2022\/07\/gettyimages-1241462144_40247569_20220703174039-300x217.jpg 300w, https:\/\/diarioelpopular.com\/wp-content\/uploads\/2022\/07\/gettyimages-1241462144_40247569_20220703174039-768x556.jpg 768w, https:\/\/diarioelpopular.com\/wp-content\/uploads\/2022\/07\/gettyimages-1241462144_40247569_20220703174039-101x73.jpg 101w, https:\/\/diarioelpopular.com\/wp-content\/uploads\/2022\/07\/gettyimages-1241462144_40247569_20220703174039.jpg 780w\" sizes=\"auto, (max-width: 636px) 100vw, 636px\" \/><\/p>\n<p><em>La presentaci\u00f3n de un nuevo texto constitucional fue una salida que encontr\u00f3 el gobierno chileno a las protestas que se tomaron ese pa\u00eds.\u00a0<span class=\"mln_uppercase_mln\">FOTO<\/span>\u00a0<b><span class=\"mln_uppercase_mln\">GETTY<\/span><\/b><\/em><\/p>\n<div class=\"block-headline\">\n<h4 class=\"lead cita\"><em><strong>&#8211; El presidente Gabriel Boric hace un esfuerzo para que el borrador de su carta magna pase el primer filtro.<\/strong><\/em><\/h4>\n<p>Este lunes el presidente de Chile,\u00a0Gabriel Boric, recibe por parte de la Convenci\u00f3n Constitucional la\u00a0nueva constituci\u00f3n\u00a0que se someter\u00e1 a refrendo. El 4 de septiembre la ciudadan\u00eda decidir\u00e1 si aprueba o no la nueva carta magna. Todo sucede en una\u00a0crisis de gobernabilidad\u00a0que no se ve\u00eda venir, pues Boric que fue la imagen de la esperanza, ahora navega en un mar de cr\u00edticas con las bases de sus votantes divididas.<\/p>\n<p>Y aunque la nueva constituci\u00f3n surge en respuesta a las protestas que sacudieron a Chile en 2019 y 2020, ahora no hay mucha unanimidad para recibirla.<\/p>\n<p>Varios meses atr\u00e1s un alto porcentaje de chilenos ten\u00edan la intenci\u00f3n de aprobar la nueva carta magna, pues se espera que con ella lleguen\u00a0cambios sociales profundos pues contiene las demandas ciudadanas de las marchas, seg\u00fan se lee en el borrador de la Constituci\u00f3n, publicado en la p\u00e1gina de la Convenci\u00f3n Constitucional.<\/p>\n<p>La ciudadan\u00eda exig\u00eda educaci\u00f3n gratuita y de calidad, y la nueva constituci\u00f3n garantiza \u201cun Sistema de Educaci\u00f3n P\u00fablica, de car\u00e1cter laico y gratuito\u201d; ped\u00eda un sistema de salud gratuito y eficaz, y la carta magna declara que \u201ctoda persona tendr\u00e1 derecho a la salud y bienestar integral, incluyendo su dimensi\u00f3n f\u00edsica y mental\u201d; ped\u00eda una pensi\u00f3n base equivalente al salario m\u00ednimo y mejores condiciones laborales, y la Carta habla de \u201cun\u00a0sistema de seguridad social p\u00fablico\u00a0que proteja a las personas en caso de enfermedad, vejez, discapacidad, supervivencia, maternidad, paternidad, desempleo, accidentes del trabajo y enfermedades\u201d.<\/p>\n<p>El apoyo a la nueva Constituci\u00f3n empez\u00f3 con un 80% de favorabilidad\u00a0el 15 y 16 de mayo de 2021, d\u00edas en los que los chilenos eligieron a los miembros de la Convenci\u00f3n Constitucional. Sin embargo, la empresa Cadem, en su \u00faltima encuesta realizada el 27 de junio de 2022, muestra que el 51% de los chilenos votar\u00eda para rechazarla, el 33% la aprobar\u00eda y el 16% no sabe o no responde. Frente a este fen\u00f3meno, el mismo mandatario chileno ha salido a defender la gesti\u00f3n y se\u00f1ala que esa desaprobaci\u00f3n est\u00e1 fundada en noticias falsas: \u201cAc\u00e1 hay gente que est\u00e1 difundiendo noticias falsas respecto al contenido de la nueva Constituci\u00f3n.\u00a0Los invito a todos a que combatamos estas informaciones\u201d, expres\u00f3 Boric.<\/p>\n<p>\u201cNo crean todas las mentiras que muchas veces se difunden de manera maliciosa por redes sociales\u201d, agreg\u00f3 el mandatario progresista, quien fue uno de los mayores impulsores del proceso constituyente durante su labor como diputado, antes de asumir la Presidencia en marzo pasado.<\/p>\n<p>El asunto es que no solo ha ca\u00eddo en duda la Constituci\u00f3n, sino tambi\u00e9n el gobierno de Boric, que hab\u00eda ca\u00eddo a un respaldo de solamente el 36 por ciento, aunque hace un mes exactamente subi\u00f3 al 44 por ciento. Un hecho bastante extra\u00f1o, pues\u00a0su elecci\u00f3n fue recibida con entusiasmo\u00a0por gran parte del pa\u00eds, pues representaba el deseo de cambio de la sociedad, pero ahora parece que todo se ha hecho viento. Analistas temen que lo mismo suceda en Colombia con\u00a0Gustavo Petro.<\/p>\n<p><b>Un ef\u00edmero deseo de cambio<\/b><\/p>\n<p>Para el profesor de la Universidad del Rosario, Mauricio Jaramillo Jassir, la ca\u00edda en el porcentaje de aprobaci\u00f3n sobre la nueva constituci\u00f3n se debe a dos factores. \u201cEl primero tiene que ver con que\u00a0la euforia por un cambio social ya pas\u00f3, ahora que la Constituci\u00f3n est\u00e1 redactada, viene la votaci\u00f3n, para lo cual la ciudadan\u00eda la debe conocer, lo que requiere lectura y serenidad\u201d.<\/p>\n<p>La segunda raz\u00f3n est\u00e1 relacionada con la gesti\u00f3n del presidente Boric, porque algunos sectores de la sociedad chilena convierten este tipo de consultas populares, en un voto para calificar la gesti\u00f3n del gobierno nacional. A la percepci\u00f3n de Jaramillo Jassir se suma la de Pablo R\u00edos Ciaffaroni, abogado y docente universitario, quien explica que las\u00a0encuestas que muestran el descenso en la aprobaci\u00f3n de la nueva Constituci\u00f3n\u00a0\u201csimplemente es una muestra parcial y temporal, toda vez que el proceso a\u00fan no culmina\u201d.<\/p>\n<p>Pero la desconfianza de los chilenos tiene una base considerada por ellos muy s\u00f3lida: se trata del\u00a0pesimismo en la capacidad de Boric\u00a0para sortear las coyunturas que hoy por hoy desvelan a los chilenos. Una de ellas es la inflaci\u00f3n que ya est\u00e1 alcanzado niveles del 10% y, de otro lado, los enfrentamientos entre los mapuches y las autoridades. La respuesta del presidente ha ganado grandes reproches, pues para mantener la paz, Boric ha tratado de entregar terrenos en concesi\u00f3n a los mapuches, lo que para algunos es ceder ante la presi\u00f3n de estas comunidades.<\/p>\n<p>Parece que en Chile se advierte las tensiones entre el cambio y quienes prefieren que las cosas se mantengan como quedaron despu\u00e9s de la\u00a0dictadura de Pinochet. Este fen\u00f3meno lo analiza el docente Jaramillo Jassir bajo la premisa de si el desempe\u00f1o de Boric ha influido en el aumento del voto en contra de la nueva constituci\u00f3n, porque mientras la ciudadan\u00eda esperaba un cambio inmediato y radical, \u201cel presidente ha decidido implementar un cambio gradual y a largo plazo y ha escuchado a algunos sectores de la pol\u00edtica tradicional para la toma de decisiones\u201d.<\/p>\n<p>R\u00edos Ciaffaroni, por su parte, se\u00f1ala que \u201cel proceso constituyente que transita Chile\u00a0es mucho m\u00e1s amplio y convocante que la figura presidencial\u00a0de Boric\u201d. No obstante, para Jaramillo, algunos partidos pol\u00edticos consideran determinante para el futuro del gobierno del presidente Gabriel Boric, el resultado del plebiscito constituyente, porque \u201cha sido el mismo gobierno qui\u00e9n ha definido los dise\u00f1os de su gesti\u00f3n pol\u00edtica en base al relato constituyente\u201d.<\/p>\n<p><b>Realidades diferentes<\/b><\/p>\n<p>Durante la campa\u00f1a presidencial colombiana del a\u00f1o 2018, el entonces candidato Gustavo Petro plante\u00f3 dentro de sus propuestas convocar una Asamblea Nacional Constituyente si llegaba a la presidencia. Cuatro a\u00f1os despu\u00e9s, Gustavo Petro gan\u00f3 las elecciones y la pregunta que ahora surge es si ya ocupando la silla presidencial convocar\u00e1 una Asamblea Constituyente, teniendo como modelo lo que sucede en Chile.<\/p>\n<p>Manuel Alejandro Rayran Cort\u00e9s, docente e investigador de la Facultad de Finanzas, Gobierno y Relaciones Internacionales de la Universidad Externado de Colombia, considera que el reci\u00e9n presidente electo de los colombianosno convocar\u00e1 una Asamblea Nacional Constituyente, porque a diferencia de Gabriel Boric, quien el d\u00eda de su posesi\u00f3n como presidente no contaba con mayor\u00edas en el Congreso para pasar sus proyectos, Petro s\u00ed ha logrado reunir las fuerzas necesarias para su gobernabilidad y sin sentarse en la silla presidencial, ya tiene el respaldo de la mayor\u00eda de los partidos pol\u00edticos.<\/p>\n<p>Adem\u00e1s, el docente Rayran Cort\u00e9s expone que la poblaci\u00f3n colombiana, a diferencia de la chilena, est\u00e1 pidiendo\u00a0cambios estructurales, pero dentro de la Constituci\u00f3n de 1991. Mientras la sociedad chilena exige un cambio de las instituciones pol\u00edticas preexistentes, la colombiana desea que se reformen, no que desaparezcan.<\/p>\n<p>En medio del agitado panorama que vive el gobierno de Chile, Gabriel Boric hizo un \u00faltimo esfuerzo este viernes antes de la presentaci\u00f3n del borrador de su carta magna. Como un as bajo la manga, present\u00f3 un proyecto de reforma tributaria que incluye la distribuci\u00f3n de regal\u00edas para la actividad minera y un impuesto a la riqueza cuyos recaudos financiar\u00edan la ampliaci\u00f3n de los derechos sociales. El objetivo de la reforma tributaria es avanzar en mayor equidad, mayor igualdad y cohesi\u00f3n social para que todos estemos un poquito m\u00e1s protegidos\u201d, afirm\u00f3 Boric, en su \u00falitmo intento para que le aprueben la Constituci\u00f3n.<\/p>\n<p>&nbsp;<\/p>\n<\/div>\n","protected":false},"excerpt":{"rendered":"<p>&nbsp; La presentaci\u00f3n de un nuevo texto constitucional fue una salida que encontr\u00f3 el gobierno chileno a las protestas que se tomaron ese pa\u00eds.\u00a0FOTO\u00a0GETTY &#8211;&hellip;<\/p>\n","protected":false},"author":99,"featured_media":504136,"comment_status":"open","ping_status":"open","sticky":false,"template":"","format":"standard","meta":{"footnotes":""},"categories":[11358,23],"tags":[],"class_list":["post-504135","post","type-post","status-publish","format-standard","has-post-thumbnail","hentry","category-especiales","category-latinoamerica"],"_links":{"self":[{"href":"https:\/\/diarioelpopular.com\/index.php\/wp-json\/wp\/v2\/posts\/504135","targetHints":{"allow":["GET"]}}],"collection":[{"href":"https:\/\/diarioelpopular.com\/index.php\/wp-json\/wp\/v2\/posts"}],"about":[{"href":"https:\/\/diarioelpopular.com\/index.php\/wp-json\/wp\/v2\/types\/post"}],"author":[{"embeddable":true,"href":"https:\/\/diarioelpopular.com\/index.php\/wp-json\/wp\/v2\/users\/99"}],"replies":[{"embeddable":true,"href":"https:\/\/diarioelpopular.com\/index.php\/wp-json\/wp\/v2\/comments?post=504135"}],"version-history":[{"count":1,"href":"https:\/\/diarioelpopular.com\/index.php\/wp-json\/wp\/v2\/posts\/504135\/revisions"}],"predecessor-version":[{"id":504137,"href":"https:\/\/diarioelpopular.com\/index.php\/wp-json\/wp\/v2\/posts\/504135\/revisions\/504137"}],"wp:featuredmedia":[{"embeddable":true,"href":"https:\/\/diarioelpopular.com\/index.php\/wp-json\/wp\/v2\/media\/504136"}],"wp:attachment":[{"href":"https:\/\/diarioelpopular.com\/index.php\/wp-json\/wp\/v2\/media?parent=504135"}],"wp:term":[{"taxonomy":"category","embeddable":true,"href":"https:\/\/diarioelpopular.com\/index.php\/wp-json\/wp\/v2\/categories?post=504135"},{"taxonomy":"post_tag","embeddable":true,"href":"https:\/\/diarioelpopular.com\/index.php\/wp-json\/wp\/v2\/tags?post=504135"}],"curies":[{"name":"wp","href":"https:\/\/api.w.org\/{rel}","templated":true}]}}