{"id":504147,"date":"2022-07-05T09:50:22","date_gmt":"2022-07-05T13:50:22","guid":{"rendered":"https:\/\/diarioelpopular.com\/?p=504147"},"modified":"2022-07-05T09:50:22","modified_gmt":"2022-07-05T13:50:22","slug":"el-salvador-cumple-cien-dias-bajo-estado-de-excepcion-para-aplacar-una-oleada-de-violencia","status":"publish","type":"post","link":"https:\/\/diarioelpopular.com\/index.php\/2022\/07\/05\/el-salvador-cumple-cien-dias-bajo-estado-de-excepcion-para-aplacar-una-oleada-de-violencia\/","title":{"rendered":"El Salvador cumple cien d\u00edas bajo estado de excepci\u00f3n para aplacar una oleada de violencia"},"content":{"rendered":"<p><img loading=\"lazy\" decoding=\"async\" class=\"alignnone size-custom-full-size wp-image-504148\" src=\"https:\/\/diarioelpopular.com\/wp-content\/uploads\/2022\/07\/EL_SALVADOR_PANDILLAS_28111-636x358.jpg\" alt=\"\" width=\"636\" height=\"358\" srcset=\"https:\/\/diarioelpopular.com\/wp-content\/uploads\/2022\/07\/EL_SALVADOR_PANDILLAS_28111-636x358.jpg 636w, https:\/\/diarioelpopular.com\/wp-content\/uploads\/2022\/07\/EL_SALVADOR_PANDILLAS_28111-300x169.jpg 300w, https:\/\/diarioelpopular.com\/wp-content\/uploads\/2022\/07\/EL_SALVADOR_PANDILLAS_28111-768x432.jpg 768w, https:\/\/diarioelpopular.com\/wp-content\/uploads\/2022\/07\/EL_SALVADOR_PANDILLAS_28111-130x73.jpg 130w, https:\/\/diarioelpopular.com\/wp-content\/uploads\/2022\/07\/EL_SALVADOR_PANDILLAS_28111.jpg 1024w\" sizes=\"auto, (max-width: 636px) 100vw, 636px\" \/><\/p>\n<p><em>Archivo. El presidente de El Salvador Nayib Bukele. (AP Photo\/Marco Ugarte, File)\u00a0 \u00a0 \u00a0 MARCO UGARTE AP<\/em><\/p>\n<p>&nbsp;<\/p>\n<p><em><strong>&#8211; El Salvador cumpli\u00f3 este lunes su cent\u00e9simo d\u00eda bajo el estado de excepci\u00f3n decretado a finales de marzo para aplacar una oleada de violencia que azotaba la naci\u00f3n centroamericana y mediante el cual el Ejecutivo est\u00e1 capacitado para suspender ciertas libertades y garant\u00edas para facilitar el despliegue de militares y polic\u00edas en las calles. <\/strong><\/em><\/p>\n<p>&nbsp;<\/p>\n<p>As\u00ed, desde el 30 de marzo se han sucedido los encarcelamientos de presuntos pandilleros, en concreto 43.567 capturados, acusados de pertenecer a grupos delictivos. Estas detenciones masivas han despertado las cr\u00edticas de opositores y defensores de los Derechos Humanos, que ven en esta pr\u00e1ctica detenciones arbitrarias.<\/p>\n<p>Asimismo, fuentes internas del Instituto de Medicina Legal han cifrado en 56 los reos fallecidos, seg\u00fan apunta el diario salvadore\u00f1o \u2018La Prensa Gr\u00e1fica\u2019, que recoge tambi\u00e9n que se han presentado m\u00e1s de 2.200 denuncias por vulneraciones de derechos, as\u00ed como 409 \u2018habeas corpus\u2019, en su mayor\u00eda no resueltos.<\/p>\n<p>El presidente salvadore\u00f1o, Nayib Bukele, y su Ejecutivo han defendido en reiteradas ocasiones que las autoridades han puesto en marcha una \u201cguerra contra las pandillas\u201d, aunque a pensar del elevado n\u00famero de detenidos, se siguen registrando homicidios en el pa\u00eds, m\u00e1s de 62 fallecidos desde finales de abril.<\/p>\n<p>La Comisi\u00f3n Interamericana de Derechos Humanos (CIDH) ha mostrado su preocupaci\u00f3n por la situaci\u00f3n de la poblaci\u00f3n salvadore\u00f1a mientras se ejecuta este estado de excepci\u00f3n, que ya ha sido prorrogado en hasta cuatro ocasiones, la \u00faltima de ellas hasta finales del mes de julio. Adem\u00e1s de las detenciones, ampar\u00e1ndose en el estado de excepci\u00f3n, el Gobierno de El Salvador tambi\u00e9n ha llevado a cabo otras medidas como la reforma de una ley que penaliza la reproducci\u00f3n ilegal de mensajes alusivos a pandillas en los medios de comunicaci\u00f3n, o la creaci\u00f3n de una ley de recompensas para aquellos que delaten a presuntos pandilleros.<\/p>\n<p>El presidente Bukele ha informado de que las autoridades mantendr\u00e1n la medida hasta asegurarse de que todos los pandilleros del pa\u00eds est\u00e9n \u201centre rejas\u201d y ya adelant\u00f3 que su Gobierno \u201carreciar\u00e1\u201d en la lucha contra los grupos criminales. El jefe de Estado salvadore\u00f1o apunt\u00f3 tambi\u00e9n la semana pasada que lo vivido hasta la fecha \u201cno es nada\u201d en comparaci\u00f3n con lo que suceder\u00e1 en adelante. \u201cLo que viene es mucho mayor\u201d, asever\u00f3 Bukele, que anunci\u00f3 que reforzar\u00e1 la seguridad en las calles y se exprimir\u00e1n al m\u00e1ximo las capacidades de las que dispone tanto la Polic\u00eda como las Fuerzas Armadas.<\/p>\n<p>&nbsp;<\/p>\n","protected":false},"excerpt":{"rendered":"<p>Archivo. El presidente de El Salvador Nayib Bukele. (AP Photo\/Marco Ugarte, File)\u00a0 \u00a0 \u00a0 MARCO UGARTE AP &nbsp; &#8211; El Salvador cumpli\u00f3 este lunes su&hellip;<\/p>\n","protected":false},"author":99,"featured_media":504148,"comment_status":"open","ping_status":"open","sticky":false,"template":"","format":"standard","meta":{"footnotes":""},"categories":[23],"tags":[],"class_list":["post-504147","post","type-post","status-publish","format-standard","has-post-thumbnail","hentry","category-latinoamerica"],"_links":{"self":[{"href":"https:\/\/diarioelpopular.com\/index.php\/wp-json\/wp\/v2\/posts\/504147","targetHints":{"allow":["GET"]}}],"collection":[{"href":"https:\/\/diarioelpopular.com\/index.php\/wp-json\/wp\/v2\/posts"}],"about":[{"href":"https:\/\/diarioelpopular.com\/index.php\/wp-json\/wp\/v2\/types\/post"}],"author":[{"embeddable":true,"href":"https:\/\/diarioelpopular.com\/index.php\/wp-json\/wp\/v2\/users\/99"}],"replies":[{"embeddable":true,"href":"https:\/\/diarioelpopular.com\/index.php\/wp-json\/wp\/v2\/comments?post=504147"}],"version-history":[{"count":1,"href":"https:\/\/diarioelpopular.com\/index.php\/wp-json\/wp\/v2\/posts\/504147\/revisions"}],"predecessor-version":[{"id":504149,"href":"https:\/\/diarioelpopular.com\/index.php\/wp-json\/wp\/v2\/posts\/504147\/revisions\/504149"}],"wp:featuredmedia":[{"embeddable":true,"href":"https:\/\/diarioelpopular.com\/index.php\/wp-json\/wp\/v2\/media\/504148"}],"wp:attachment":[{"href":"https:\/\/diarioelpopular.com\/index.php\/wp-json\/wp\/v2\/media?parent=504147"}],"wp:term":[{"taxonomy":"category","embeddable":true,"href":"https:\/\/diarioelpopular.com\/index.php\/wp-json\/wp\/v2\/categories?post=504147"},{"taxonomy":"post_tag","embeddable":true,"href":"https:\/\/diarioelpopular.com\/index.php\/wp-json\/wp\/v2\/tags?post=504147"}],"curies":[{"name":"wp","href":"https:\/\/api.w.org\/{rel}","templated":true}]}}