{"id":504225,"date":"2022-07-10T12:01:21","date_gmt":"2022-07-10T16:01:21","guid":{"rendered":"https:\/\/diarioelpopular.com\/?p=504225"},"modified":"2022-07-10T12:01:21","modified_gmt":"2022-07-10T16:01:21","slug":"si-me-siguen-jodiendo-renuncio-y-que-se-vayan-todos-a-la-mier-fernandez","status":"publish","type":"post","link":"https:\/\/diarioelpopular.com\/index.php\/2022\/07\/10\/si-me-siguen-jodiendo-renuncio-y-que-se-vayan-todos-a-la-mier-fernandez\/","title":{"rendered":"&#8216;Si me siguen jodiendo, renuncio y que se vayan todos a la mier&#8230;&#8217;: Fern\u00e1ndez"},"content":{"rendered":"<div class=\"credito-apertura-strong-bk\"><\/div>\n<div><img loading=\"lazy\" decoding=\"async\" class=\"alignnone size-custom-full-size wp-image-504226\" src=\"https:\/\/diarioelpopular.com\/wp-content\/uploads\/2022\/07\/614a891318c41-636x318.jpg\" alt=\"\" width=\"636\" height=\"318\" srcset=\"https:\/\/diarioelpopular.com\/wp-content\/uploads\/2022\/07\/614a891318c41-636x318.jpg 636w, https:\/\/diarioelpopular.com\/wp-content\/uploads\/2022\/07\/614a891318c41-300x150.jpg 300w, https:\/\/diarioelpopular.com\/wp-content\/uploads\/2022\/07\/614a891318c41-768x384.jpg 768w, https:\/\/diarioelpopular.com\/wp-content\/uploads\/2022\/07\/614a891318c41-146x73.jpg 146w, https:\/\/diarioelpopular.com\/wp-content\/uploads\/2022\/07\/614a891318c41.jpg 950w\" sizes=\"auto, (max-width: 636px) 100vw, 636px\" \/><\/div>\n<div>\n<div class=\"titulo-foto-bk credito-image-bk\">\n<p class=\"titulo\"><em>El presidente de Argentina, Alberto Fern\u00e1ndez, durante la Asamblea General de la ONU.<\/em><\/p>\n<\/div>\n<p><em>\u00a0<\/em><em><strong>FOTO:<\/strong>\u00a0<\/em><em><a class=\"page-link\" href=\"https:\/\/www.eltiempo.com\/mundo\/latinoamerica\/argentina-alberto-fernandez-amenaza-con-renunciar-686102\">AFP<\/a><\/em><\/p>\n<div class=\"epigraph-container lead\"><\/div>\n<\/div>\n<div><\/div>\n<div class=\"epigraph-container lead\">\n<p id=\"p686102-m1022-1021-1023\" class=\"article-epigraph\"><em><strong>&#8211; El presidente argentino lanz\u00f3 una fuerte advertencia ante su entorno tras la renuncia de ministro.<\/strong><\/em><\/p>\n<\/div>\n<p>&nbsp;<\/p>\n<p>El domingo pasado fue el d\u00eda m\u00e1s cr\u00edtico de todo el gobierno de Alberto Fern\u00e1ndez. Recluido con un grupo de leales,\u00a0el Presidente deambul\u00f3 errante por la quinta de Olivos, destilando bronca e impotencia.<\/p>\n<p>Todos le reclamaban hablar con Cristina Kirchner para salvar su gobierno. Una idea que lo perturbaba casi patol\u00f3gicamente.\u00a0Se retir\u00f3 a los gritos del almuerzo y se recluy\u00f3 en su oficina cinco horas casi sin contacto con nadie.\u00a0Como si el pa\u00eds se hubiera quedado temporalmente sin presidente.<\/p>\n<p>Ese d\u00eda repiti\u00f3 una frase que dej\u00f3 a todos congelados: \u201cSi me siguen jodiendo, renuncio y que se vayan todos a la mierda. No la voy a llamar, no voy a firmar mi rendici\u00f3n\u201d. De ese modo sellar\u00eda la din\u00e1mica incierta de toda la semana.<\/p>\n<p>Por primera vez aparec\u00eda verbalizado en el coraz\u00f3n del poder el escenario m\u00e1s temido. Uno de los testigos de esos momentos cr\u00edticos confesar\u00eda despu\u00e9s: \u201cEse d\u00eda algunos temimos que se fuera efectivamente. Estaba demasiado reticente a hablar con Cristina\u201d.<\/p>\n<p>Curiosa paradoja para el hombre que en 2008,\u00a0en pleno ataque de furia de N\u00e9stor Kirchner por el fracaso de la resoluci\u00f3n 125, hab\u00eda intervenido con Lula da Silva para convencer al matrimonio gobernante de que no abandonara la Casa Rosada.<\/p>\n<p>Ahora le tocaba a \u00e9l estar del otro lado del mostrador. Emergi\u00f3 all\u00ed otra vez la versi\u00f3n negadora de Alberto Fern\u00e1ndez, aquella que piensa que puede hacer que las cosas no sucedan solo por su inacci\u00f3n. No llam\u00f3 a nadie, no convoc\u00f3 ni a gobernadores ni a ministros. Solo lo ve\u00edan entrar y salir los que fueron espont\u00e1neamente: Santiago Cafiero, Juan Manuel Olmos, Julio Vitobello, Gustavo Beliz, Gabriela Cerruti, Vilma Ibarra, Juan Manzur y Marcelo Mart\u00edn. Con ellos tambi\u00e9n discuti\u00f3 fuerte.<\/p>\n<p>Lo mismo le hab\u00eda pasado con la renuncia de Mart\u00edn Guzm\u00e1n.\u00a0El a\u00fan ministro ya hab\u00eda transmitido a sus \u00edntimos el lunes pasado que no estaba controlando el proceso tarifario por el boicot de Dar\u00edo Mart\u00ednez y culpaba a Miguel Pesce\u00a0de complicarle la gesti\u00f3n con su manejo de la mesa de dinero del Banco Central.<\/p>\n<p>El jueves se lo plante\u00f3 directamente al Presidente, condicionando su continuidad a que le otorgara el manejo de esas dos \u00e1reas. Fern\u00e1ndez fue elusivo sobre Pesce, pero le prometi\u00f3 que al d\u00eda siguiente despedir\u00eda a Mart\u00ednez.<\/p>\n<p>Cuando el viernes se consum\u00eda y la promesa no se cumpl\u00eda, Guzm\u00e1n trat\u00f3 de ubicar al Presidente, infructuosamente. No lo atend\u00eda. Vitobello le dijo despu\u00e9s que no estaba disponible. Ese d\u00eda se produjo otra desaparici\u00f3n temporal de Alberto. Horas en las que nadie sabe d\u00f3nde est\u00e1. A veces sale solo en su auto. Misterio. Cuando se vieron en el acto de la CGT, Guzm\u00e1n ya ten\u00eda decidido renunciar y a la noche empez\u00f3 a redactar la carta que dar\u00eda a conocer al otro d\u00eda.<\/p>\n<p>El s\u00e1bado Fern\u00e1ndez estaba en lo del empresario Fabi\u00e1n de Sousa, socio de Crist\u00f3bal L\u00f3pez. Almorzaron y buscaron distenderse viendo televisi\u00f3n, con una premisa: no sintonizar el discurso que iba a dar Cristina Kirchner. Alberto no quer\u00eda escucharla.<\/p>\n<p>Guzm\u00e1n le sigui\u00f3 mensajeando sin \u00e9xito. Como ya ten\u00eda decidido difundir su carta en simult\u00e1neo con la aparici\u00f3n de la vicepresidenta en Ensenada, se apur\u00f3 a decirle por chat que renunciar\u00eda. El Presidente busc\u00f3 convencerlo de que se quedara, pero no encontr\u00f3 margen. En segundos pas\u00f3 a un estado de furia para decirle: \u201cVos sos todo por m\u00ed; te vas y no vas a ser nadie\u201d. Otra paradoja. Despu\u00e9s se qued\u00f3 algunas horas m\u00e1s en Z\u00e1rate conversando sobre las implicancias de la salida de Guzm\u00e1n (quien asegura que se quedar\u00e1 en la Argentina y que no piensa volver a Columbia).<\/p>\n<p>Una charla entre amigos que comentaban la realidad. Dicen que estaba tranquilo. Mientras tanto, en Olivos lo esperaban angustiados sus funcionarios m\u00e1s cercanos para empezar a resolver la situaci\u00f3n. \u00c9l lleg\u00f3 cerca de las 9 de la noche.<\/p>\n<p><em><strong><span id=\"p686102-m1148-6-1149\" class=\"articulo-subtitulo\">La reacci\u00f3n en el kirchnerismo ante Albert Fern\u00e1ndez<\/span><\/strong><\/em><\/p>\n<p id=\"p686102-m1154-7-1155\" class=\"contenido\">En el entorno de Cristina tambi\u00e9n hubo cabildeos, m\u00e1s all\u00e1 de las maldiciones a Guzm\u00e1n. Durante el fin de semana la vicepresidenta no luci\u00f3 del todo consciente de la delicada situaci\u00f3n institucional. No parece percibir que sus embestidas est\u00e1n terminando de hundir a Fern\u00e1ndez. Aduce que esa debilidad es provocada por su impericia y falta de determinaci\u00f3n. Adem\u00e1s, advierte que Alberto no puede dar un portazo cuando quiera, sin que ella lo permita.<\/p>\n<p>C\u00f3digos de una Cosa Nostra de arrabal, como ella sugiri\u00f3 en Ensenada al comentar que no todos pod\u00edan exhibir sus mensajes del celular. Fueron laderos como Wado De Pedro o Axel Kicillof quienes le advirtieron a la vicepresidenta que no hab\u00eda mucho margen para seguir martillando sobre los clavos flojos de Alberto.<\/p>\n<p>Les hab\u00eda llegado informaci\u00f3n de lo que estaba pasando en Olivos. Corr\u00edan el riesgo de quedar como golpistas, cuando en realidad estaban convencidos de que una salida anticipada del Presidente tambi\u00e9n representar\u00eda el final de la construcci\u00f3n de salvataje electoral que Cristina planifica para 2023, con sede en el Congreso y en la provincia de Buenos Aires.<\/p>\n<p>La vice no solo estaba enojada con Guzm\u00e1n porque le agu\u00f3 su discurso, sino tambi\u00e9n por las conversaciones que invocaban su presunto aval al plan de desembarco de Sergio Massa. All\u00ed dijo en privado lo que el viernes repiti\u00f3 en p\u00fablico desde El Calafate: \u201cYo soy la \u00fanica que hablo por m\u00ed, no tengo interlocutores\u201d. En ese microclima se ley\u00f3 como una se\u00f1al de desautorizaci\u00f3n a su hijo M\u00e1ximo, quien s\u00ed hab\u00eda estado hablando seguido con el presidente de la C\u00e1mara de Diputados.<\/p>\n<p>Este episodio fue muy significativo por dos razones. La primera, porque demostr\u00f3 que cuando la situaci\u00f3n se complica la \u00fanica que ejerce un poder no delegado es Cristina Kirchner. Todo el resto de los actores orbitan en torno de ella, incluida La C\u00e1mpora.<\/p>\n<p>Segundo, porque volvi\u00f3 a demostrar lo dif\u00edcil que le ser\u00e1 a Massa seguir proyectando su futuro electoral bajo el amparo de la vicepresidenta, cuando ni siquiera lo respald\u00f3 para ser un jefe de Gabinete plenipotenciario (nadie reflej\u00f3 mejor la desaz\u00f3n massista que el empresario Claudio Belocopitt, quien en una reuni\u00f3n de la c\u00e1mara de prepagas lament\u00f3: \u201cLo ten\u00edamos todo y nos quedamos sin nada\u201d).<\/p>\n<p>Entre la negaci\u00f3n de Alberto Fern\u00e1ndez y la minimizaci\u00f3n de Cristina de Kirchner, finalmente hablaron en la noche del domingo, in extremis. El temor a un desenlace indeseado llev\u00f3 a la reasunci\u00f3n del di\u00e1logo.<\/p>\n<p>Aunque solo haya sido para acordar el desembarco de Silvina Batakis y evitar un lunes sin ministro. El di\u00e1logo fue muy tenso y cargado de meses de reproches contenidos. Cristina hizo saber que habilitaba la llegada de la economista, pero que no la consideraba propia. Por primera vez la vicepresidenta apareci\u00f3 como responsable del manejo econ\u00f3mico, una mirada que le recorta su posibilidad de cuestionar medidas.<\/p>\n<p>El mismo mensaje transmitir\u00edan despu\u00e9s desde La C\u00e1mpora: \u201cLa apoyamos a Silvina, pero no es nuestra\u201d. El apadrinamiento que ejerci\u00f3 Wado para su llegada no tuvo gestos posteriores. Cristina no fue a su asunci\u00f3n ni habl\u00f3 de ella en El Calafate.<\/p>\n<p>El kirchnerismo solo se preocup\u00f3 por conservar su basti\u00f3n en Energ\u00eda, pero no aport\u00f3 nombres para el resto del equipo, que qued\u00f3 configurado con un marcado sesgo bonaerense (un ilusionismo para Scioli). \u201cEst\u00e1 en observaci\u00f3n hasta ver qu\u00e9 hace\u201d, se\u00f1alan en el Instituto Patria. A la vicepresidenta le cay\u00f3 p\u00e9simo que en sus primeras apariciones p\u00fablicas la flamante ministra hablara de \u201cmantener el rumbo\u201d de la gesti\u00f3n Guzm\u00e1n, una l\u00ednea acordada con Alberto. Tuvo que salir a hablar en p\u00fablico sin una la hoja de ruta definida, y se not\u00f3.<\/p>\n<p>Entre el domingo y el jueves, Alberto y Cristina hablaron al menos cuatro veces, tres de ellas en forma personal. En dos oportunidades, en Olivos; la otra podr\u00eda haber sido en territorio cristinista. Ella muchas veces utiliza la casa de su secretario Mariano como sede de reuniones, para evitar su departamento de Recoleta (igualmente estar\u00eda por mudarse al mismo edificio de su hija Florencia en San Telmo, aunque en otro piso).<\/p>\n<p>Adem\u00e1s del di\u00e1logo del domingo a la noche, cenaron el lunes en Olivos y hubo un nuevo contacto el martes, en otro momento en que Fern\u00e1ndez qued\u00f3 fuera del radar de su entorno durante unas horas. El mi\u00e9rcoles se vieron en Olivos, y se sum\u00f3 Massa. No fueron las cumbres de Teher\u00e1n, Yalta y Potsdam, pero hablaron m\u00e1s veces en cinco d\u00edas que en todo el resto del a\u00f1o. Quiz\u00e1s descubrieron demasiado tarde el valor del di\u00e1logo.<\/p>\n<p>En ese pu\u00f1ado de intercambios se not\u00f3 que las desconfianzas y recelos no son f\u00e1ciles de superar despu\u00e9s de un tiempo.\u00a0Alberto Fern\u00e1ndez busc\u00f3 disimular un hecho ya inocultable: que sus amagues de autonom\u00eda se terminaron y que debi\u00f3 exponer su debilidad ante Cristina, de ahora en m\u00e1s \u00fanica rectora de la gesti\u00f3n.<\/p>\n<p>El Gobierno cambi\u00f3 definitivamente de manos. La vicepresidenta solo busca sostener en pie la administraci\u00f3n para mantener vigente su plan 2023. \u00c9l piensa en un presente absoluto; ella, en sostener un futuro incierto. Sellaron una tregua que se not\u00f3 en el tono menos belicoso que Cristina utiliz\u00f3 el viernes. Alguien que habl\u00f3 con ella esta semana se qued\u00f3 con la sensaci\u00f3n de que se trata de un interludio. \u201cElla va a aflojar un poco por temor a que Alberto se vaya. Pero sigue con el arma cargada. Enfund\u00f3 por un par de meses\u201d.<\/p>\n<p>Quiz\u00e1s por eso el Presidente se aisl\u00f3 la mayor parte de la semana, no respondi\u00f3 mensajes a sus funcionarios y no busc\u00f3 dar certezas cuando el jueves al mediod\u00eda arreciaban versiones sobre su renuncia. De hecho lo tuvieron que convencer para hacer algunas fotos de ocasi\u00f3n con Arabela Carreras y despu\u00e9s con Carla Vizzotti para dar se\u00f1ales de que estaba en funciones. \u00c9l aduce que no se va a dejar correr por los medios, sin percibir que es la realidad la que lo condiciona. Los que lo vieron en la semana quedaron preocupados.<\/p>\n<p><em><strong><span id=\"p686102-m1186-9-1187\" class=\"articulo-subtitulo\">El futuro imperfecto de Argentina<\/span><\/strong><\/em><\/p>\n<p id=\"p686102-m1192-10-1193\" class=\"contenido\">En las conversaciones de esta semana Cristina y Massa se mostraron convencidos de que con el recambio en Econom\u00eda no alcanza y que es necesario un replanteo m\u00e1s amplio del gabinete. Los mercados alterados coincidieron con ellos.<\/p>\n<p>Fern\u00e1ndez, siempre m\u00e1s minimalista, sospecha que le quieren terminar de licuar lo que le queda de la investidura. Esgrime que en la reformulaci\u00f3n posterior a las PASO se cambiaron muchos nombres y la din\u00e1mica no mejor\u00f3. Massa sigue interesado en entrar al gabinete, pero ahora tiene el problema de que el casillero principal ya fue ocupado. Su alternativa es esperar que en un nuevo giro de la crisis en un par de meses su nombre emerja como \u00fanica soluci\u00f3n. El tramo pol\u00edtico de las cumbres termin\u00f3 en un stand-by.<\/p>\n<p>Pero tampoco hubo una evoluci\u00f3n n\u00edtida sobre lo que es el nudo central del proyecto oficialista: el rumbo econ\u00f3mico. El establishment dirigencial descuenta que Batakis va a responder a los lineamientos de Cristina. La consideran una economista s\u00f3lida con visi\u00f3n pol\u00edtica, pero sin los pergaminos para domesticar la cr\u00edtica situaci\u00f3n.<\/p>\n<p>Su paso por el Ministerio de Econom\u00eda bonaerense no es una gran referencia porque su margen de acci\u00f3n era muy acotado entre la presi\u00f3n de Kicillof por un lado, y la administraci\u00f3n real que ejerc\u00eda por detr\u00e1s Rafael Perelmiter, el contador hist\u00f3rico de Daniel Scioli. Despu\u00e9s fue rescatada por Wado de Pedro, quien como un yogui la introdujo en la sabidur\u00eda de la doctrina kirchnerista.<\/p>\n<p>Quiz\u00e1s por eso al describirla en su informe de esta semana, la consultora Infomedia, de Roberto Starke, plante\u00f3 que \u201cno va a tomar ninguna decisi\u00f3n sin la consulta correspondiente a la vicepresidenta. Su referente no es Alberto Fern\u00e1ndez, sino Cristina Kirchner\u201d.<\/p>\n<p>La misma mirada describieron en Equilibra, de Mart\u00edn Rapetti y Diego Bossio: \u201cSu cercan\u00eda con Cristina Kirchner nos hace pensar que dif\u00edcilmente implemente una moderaci\u00f3n del gasto. Por el contrario, no nos sorprender\u00eda una expansi\u00f3n del gasto\u201d.<\/p>\n<p>En el FMI lo intuyeron al instante. En sus conversaciones con referentes locales, Julie Kozack, subdirectora del Hemisferio Occidental, no hizo m\u00e1s que lamentar la salida de Guzm\u00e1n.<\/p>\n<p>En el staff reconocen que tienen poco margen para torcer el rumbo de la Argentina porque no quieren aparecer como responsables de la crisis. \u201cComo dicen los argentinos, nos tienen agarrados de los huevos\u201d, admiti\u00f3 esta semana el ingl\u00e9s Ben Kelmelson, representante del organismo en el pa\u00eds.<\/p>\n<p>Solo imploran que el Gobierno se acerque al menos a algunas de las metas comprometidas, para poder justificar ante los enfurecidos accionistas alemanes y japoneses la continuidad del programa con la Argentina.<\/p>\n<p>Batakis ya est\u00e1 seteada para retomar el reclamo de un replanteo de metas con el FMI, con el argumento de la guerra en Ucrania. Es parte de las medidas que intenta articular para dar un vuelco en las expectativas.<\/p>\n<p>Entre los temas que trabaja se incluyen un d\u00f3lar desdoblado para el turismo, posibles modificaciones en algunos impuestos \u201cpara hacer m\u00e1s progresiva la pir\u00e1mide tributaria\u201d, una suba de tasas en bonos del Tesoro y para los dep\u00f3sitos, y una al\u00edcuota especial del 15 % para la renta inesperada. Habr\u00eda clausurado por ahora otras demandas kirchneristas, como el ingreso b\u00e1sico universal y mayores retenciones. Aseguran que no convalidar\u00e1 un salto devaluatorio, pero la propia Batakis escuch\u00f3 de boca de los privados la necesidad de ajustar el tipo de cambio, antes de que lo imponga desordenadamente la crisis.<\/p>\n<p>Alberto\u00a0Fern\u00e1ndez neg\u00f3 este s\u00e1bado que tuviese diferencias &#8220;en lo sustancial&#8221; con la vicepresidenta del pa\u00eds, Cristina\u00a0Fern\u00e1ndez de Kirchner, tras varias semanas de tensiones en el seno del oficialismo por las discrepancias p\u00fablicas entre ambos l\u00edderes.<\/p>\n<p>&#8220;Hay un momento en que todos nos damos cuenta de que tenemos un com\u00fan denominador que nos une: yo puedo tener diferencias con Cristina, pero en lo sustancial no las tengo. Ella representa los mismos intereses que yo. Puedo tener diferencias sobre c\u00f3mo implementar una medida u otra, pero no en lo sustancial&#8221;, asever\u00f3 el jefe de Estado en declaraciones al canal de noticias C5N.<\/p>\n<p>Durante la entrevista, el mandatario cit\u00f3 varias cuestiones que comparte con la vicepresidenta, como la discusi\u00f3n en torno a los programas de ayudas sociales, que marc\u00f3 un punto de fricci\u00f3n entre ambos en el \u00faltimo mes. &#8220;Sus preocupaciones sobre los planes sociales son de todos nosotros. Lo que Argentina necesita es consolidar trabajo, no seguir promoviendo el auxilio social, que es necesario. Me pareci\u00f3 que muchas de esas cosas las puedo compartir, en lo sustancial nunca he tenido una enorme diferencia con Cristina&#8221;, subray\u00f3.<\/p>\n<p>El presidente, que viaj\u00f3 hasta la localidad norte\u00f1a de San Miguel de Tucum\u00e1n con motivo del D\u00eda de la Independencia, hizo este s\u00e1bado un fuerte llamamiento en favor de la &#8220;unidad&#8221; del oficialismo, al tiempo que critic\u00f3 a quienes &#8220;siembran des\u00e1nimo&#8221; sobre el rumbo del pa\u00eds.<\/p>\n<p>No obstante, la gravedad de la situaci\u00f3n qued\u00f3 plasmada ayer en Tucum\u00e1n. Fern\u00e1ndez ley\u00f3 un mensaje al que considera fundacional de una nueva etapa. Los ministros lo acompa\u00f1aron. En la delegaci\u00f3n se percib\u00eda la tensi\u00f3n de la fragilidad institucional. El efecto adoctrinador del temor es notable.<\/p>\n<p><span id=\"p686102-m1236-14-1237\" class=\"articulo-subtitulo\"><em><strong>Marcha opositora en Argentina<\/strong><\/em>\u00a0<\/span><\/p>\n<p id=\"p686102-m1242-15-1243\" class=\"contenido\">Centenares de opositores al gobierno argentino marcharon el s\u00e1bado por el centro de Buenos Aires bajo el lema &#8220;Defendamos la Rep\u00fablica&#8221; en el D\u00eda de la Independencia. &#8220;Argentina sin Cristina&#8221;, fue otra de las consignas entonadas por los manifestantes, en alusi\u00f3n a la vicepresidenta Cristina Kirchner, l\u00edder de un sector de centroizquierda del gobierno del presidente peronista\u00a0Alberto\u00a0Fern\u00e1ndez.<\/p>\n<p>La movilizaci\u00f3n opositora fue convocada a trav\u00e9s de las redes sociales por activistas y dirigentes de Juntos por el Cambio (alianza centroderechista). La caminata desemboc\u00f3 en la Plaza de Mayo, frente a la sede gubernamental.<\/p>\n<p>La incertidumbre desat\u00f3 remarcaciones de precios de productos de primera necesidad en m\u00e1s de 30 por ciento esta semana. M\u00e1s temprano, la Plaza de Mayo fue ocupada por centenares de activistas de los partidos del Frente de Izquierda, tambi\u00e9n en oposici\u00f3n al gobierno.<\/p>\n<p><em>JORGE LIOTTI<\/em><br \/>\n<em>LA NACI\u00d3N (GDA)<\/em><br \/>\n<em>BUENOS AIRES<\/em><\/p>\n<div id=\"p686102-m1198-11-1199\" class=\"fotografia\">\n<div class=\"imagen-cuerpo-bk\">\n<p><a href=\"https:\/\/www.eltiempo.com\/mundo\/latinoamerica\/argentina-alberto-fernandez-amenaza-con-renunciar-686102\" name=\"Facebook\"><\/a><\/p>\n<\/div>\n<\/div>\n","protected":false},"excerpt":{"rendered":"<p>El presidente de Argentina, Alberto Fern\u00e1ndez, durante la Asamblea General de la ONU. \u00a0FOTO:\u00a0AFP &#8211; El presidente argentino lanz\u00f3 una fuerte advertencia ante su entorno&hellip;<\/p>\n","protected":false},"author":99,"featured_media":504226,"comment_status":"open","ping_status":"open","sticky":false,"template":"","format":"standard","meta":{"footnotes":""},"categories":[11358,23],"tags":[],"class_list":["post-504225","post","type-post","status-publish","format-standard","has-post-thumbnail","hentry","category-especiales","category-latinoamerica"],"_links":{"self":[{"href":"https:\/\/diarioelpopular.com\/index.php\/wp-json\/wp\/v2\/posts\/504225","targetHints":{"allow":["GET"]}}],"collection":[{"href":"https:\/\/diarioelpopular.com\/index.php\/wp-json\/wp\/v2\/posts"}],"about":[{"href":"https:\/\/diarioelpopular.com\/index.php\/wp-json\/wp\/v2\/types\/post"}],"author":[{"embeddable":true,"href":"https:\/\/diarioelpopular.com\/index.php\/wp-json\/wp\/v2\/users\/99"}],"replies":[{"embeddable":true,"href":"https:\/\/diarioelpopular.com\/index.php\/wp-json\/wp\/v2\/comments?post=504225"}],"version-history":[{"count":2,"href":"https:\/\/diarioelpopular.com\/index.php\/wp-json\/wp\/v2\/posts\/504225\/revisions"}],"predecessor-version":[{"id":504228,"href":"https:\/\/diarioelpopular.com\/index.php\/wp-json\/wp\/v2\/posts\/504225\/revisions\/504228"}],"wp:featuredmedia":[{"embeddable":true,"href":"https:\/\/diarioelpopular.com\/index.php\/wp-json\/wp\/v2\/media\/504226"}],"wp:attachment":[{"href":"https:\/\/diarioelpopular.com\/index.php\/wp-json\/wp\/v2\/media?parent=504225"}],"wp:term":[{"taxonomy":"category","embeddable":true,"href":"https:\/\/diarioelpopular.com\/index.php\/wp-json\/wp\/v2\/categories?post=504225"},{"taxonomy":"post_tag","embeddable":true,"href":"https:\/\/diarioelpopular.com\/index.php\/wp-json\/wp\/v2\/tags?post=504225"}],"curies":[{"name":"wp","href":"https:\/\/api.w.org\/{rel}","templated":true}]}}