{"id":504288,"date":"2022-07-13T08:20:56","date_gmt":"2022-07-13T12:20:56","guid":{"rendered":"https:\/\/diarioelpopular.com\/?p=504288"},"modified":"2022-07-13T08:20:56","modified_gmt":"2022-07-13T12:20:56","slug":"mexico-declaran-inicio-de-emergencia-por-sequia","status":"publish","type":"post","link":"https:\/\/diarioelpopular.com\/index.php\/2022\/07\/13\/mexico-declaran-inicio-de-emergencia-por-sequia\/","title":{"rendered":"M\u00e9xico: Declaran inicio de emergencia por sequ\u00eda"},"content":{"rendered":"<p>&nbsp;<\/p>\n<p><img loading=\"lazy\" decoding=\"async\" class=\"alignnone size-custom-full-size wp-image-504289\" src=\"https:\/\/diarioelpopular.com\/wp-content\/uploads\/2022\/07\/36d6c4ed32d58a9cf0b25527ba921a35.jpg\" alt=\"\" width=\"476\" height=\"317\" srcset=\"https:\/\/diarioelpopular.com\/wp-content\/uploads\/2022\/07\/36d6c4ed32d58a9cf0b25527ba921a35.jpg 476w, https:\/\/diarioelpopular.com\/wp-content\/uploads\/2022\/07\/36d6c4ed32d58a9cf0b25527ba921a35-300x200.jpg 300w, https:\/\/diarioelpopular.com\/wp-content\/uploads\/2022\/07\/36d6c4ed32d58a9cf0b25527ba921a35-110x73.jpg 110w\" sizes=\"auto, (max-width: 476px) 100vw, 476px\" \/><\/p>\n<p>&nbsp;<\/p>\n<h4><em><strong>&#8211; Gaceta oficial difunde decreto para adoptar medidas urgentes<\/strong><\/em><\/h4>\n<p><em><strong>CIUDAD DE MEXICO, 13 JUL &#8211;<\/strong><\/em> La Comisi\u00f3n Nacional del Agua (Conagua), un organismo que depende del ministerio de Agricultura y Desarrollo Rural, declar\u00f3 a partir de hoy el inicio de un per\u00edodo de emergencia por sequ\u00eda en todo el pa\u00eds, en el cual se anuncian medidas apremiantes para enfrentar esta circunstancia.<br \/>\nA trav\u00e9s del Diario Oficial de la Federaci\u00f3n, la gaceta oficial del gobierno, la Conagua difundi\u00f3 una resoluci\u00f3n que prev\u00e9 adoptar &#8220;medidas transitorias y concertadas con los usuarios para garantizar el abasto de agua a la poblaci\u00f3n en cuencas o municipios que presenten dichas condiciones&#8221;, seg\u00fan el Monitor de Sequ\u00eda en M\u00e9xico.<br \/>\nEl &#8220;Acuerdo de car\u00e1cter general de inicio de emergencia por ocurrencia de sequ\u00eda severa, extrema o excepcional en cuencas para el 2022&#8221;, como se llama oficialmente este decreto, indica que la decisi\u00f3n fue adoptada como resultado de &#8220;los an\u00e1lisis y dict\u00e1menes realizados&#8221; sobre las condiciones de lluvias en el pa\u00eds.<br \/>\nEl Monitor de Sequ\u00eda de M\u00e9xico, que forma parte del North American Drought Monitor, publica cada 15 d\u00edas un informe que en los \u00faltimos meses ha pasado de preocupante a dram\u00e1tico.<br \/>\nLa Conagua se\u00f1al\u00f3 que, conforme a la declaratoria de emergencia, se prev\u00e9 &#8220;dar aviso a la Autoridad del Agua, para proporcionar a terceros en forma provisional el uso total o parcial de las aguas concesionadas&#8221;.<br \/>\nTambi\u00e9n se contempla la obligaci\u00f3n de &#8220;ceder o transmitir temporalmente&#8221; al organismo &#8220;sus derechos y solicitar la interrupci\u00f3n de la caducidad de los vol\u00famenes concesionados que no utilicen, en tanto subsiste la emergencia&#8221;.<br \/>\nLa Conagua &#8220;verificar\u00e1 que los vol\u00famenes que se transfieran o cedan temporalmente, se entreguen directamente a la red de distribuci\u00f3n en coordinaci\u00f3n con el organismo operador, en tanto subsista la emergencia&#8221; y, en el caso de otros usos, se analizar\u00e1 tambi\u00e9n &#8220;la conveniencia de una conexi\u00f3n directa a la red&#8221;.<br \/>\nA fin de garantizar el abasto de agua para uso dom\u00e9stico y p\u00fablico urbano, la entidad podr\u00e1 &#8220;ejecutar las medidas transitorias concertadas con los representantes de los usuarios&#8221; que presenten condiciones de sequ\u00eda severa, extrema o excepcional.<br \/>\nLa comisi\u00f3n llam\u00f3 a los consumidores de las zonas afectadas a &#8220;tomar medidas&#8221; para afrontar la situaci\u00f3n e inform\u00f3 que &#8220;dar\u00e1 seguimiento a dichas acciones&#8221;.<br \/>\nEl lunes, la Conagua dio a conocer que el estado norte\u00f1o de Nuevo Le\u00f3n, uno de los m\u00e1s golpeados por la sequ\u00eda, hab\u00eda entrado en &#8220;fase cr\u00edtica&#8221; debido a la falta de lluvia y cuya capital, Monterrey, lleva meses racionando el agua y sufriendo un desabastecimiento notorio en varios sectores, incluida la zona adyacente, donde viven m\u00e1s de 5 millones de personas.<br \/>\nUno de los tres embalses de Nuevo Le\u00f3n, Cerro Prieto, ubicado en el municipio de Linares, t\u00e9cnicamente qued\u00f3 sin una gota y &#8220;se vienen semanas complicadas&#8221;, dijo Luis Carlos Alatorre, director regional de Conagua.<br \/>\nLa crisis se agudiza por las altas temperaturas de la &#8220;can\u00edcula&#8221;, el per\u00edodo del verano cuando hace m\u00e1s calor y cae menos lluvia, con un pron\u00f3stico de precipitaciones del 35%, muy por debajo del promedio hist\u00f3rico en julio.<br \/>\nEn t\u00e9rminos lapidarios, Alatorre afirm\u00f3 que &#8220;la situaci\u00f3n m\u00e1s cr\u00edtica&#8221; en Nuevo Le\u00f3n &#8220;la estamos viviendo en este momento&#8221; pues para Conagua la represa Cerro Prieto &#8220;ya se termin\u00f3 y si acaso le queda un d\u00eda m\u00e1s de vida&#8221;, pues no se extrae ya m\u00e1s agua&#8221;.<br \/>\nCon esta p\u00e9rdida, Monterrey y sus alrededores s\u00f3lo recibir\u00e1n 10.500 litros por segundo de este preciado recurso, contra 16.000 que requieren, lo que significa un d\u00e9ficit de 35%, por lo que las autoridades anticiparon que &#8220;habr\u00e1 sectores que no tendr\u00e1n un suministro continuo de agua&#8221;.<br \/>\nPero el estado m\u00e1s golpeado por la sequ\u00eda es Coahuila, en la tambi\u00e9n semi\u00e1rida regi\u00f3n norte, vecino a Nuevo Le\u00f3n y colindante con Estados Unidos, donde el nivel de los r\u00edos ha bajado en forma alarmante.<br \/>\nLa secretaria del Medio Ambiente de Coahuila, Eglantina Canales, dijo que &#8220;en estos momentos las presas del estado registran niveles cr\u00edticos, por lo que los diferentes cauces est\u00e1n por debajo de los niveles hist\u00f3ricos&#8221;.<br \/>\n&#8220;Los r\u00edos cumplen una funci\u00f3n ambiental muy importante&#8221;, pero tambi\u00e9n brindan &#8220;servicios ambientales para la comunidad&#8221; que son vitales, como la &#8220;biodiversidad, el abasto de agua&#8221; y actividades humanas como la agricultura y el abasto, se\u00f1al\u00f3.<\/p>\n","protected":false},"excerpt":{"rendered":"<p>&nbsp; &nbsp; &#8211; Gaceta oficial difunde decreto para adoptar medidas urgentes CIUDAD DE MEXICO, 13 JUL &#8211; La Comisi\u00f3n Nacional del Agua (Conagua), un organismo&hellip;<\/p>\n","protected":false},"author":99,"featured_media":504289,"comment_status":"open","ping_status":"open","sticky":false,"template":"","format":"standard","meta":{"footnotes":""},"categories":[23],"tags":[],"class_list":["post-504288","post","type-post","status-publish","format-standard","has-post-thumbnail","hentry","category-latinoamerica"],"_links":{"self":[{"href":"https:\/\/diarioelpopular.com\/index.php\/wp-json\/wp\/v2\/posts\/504288","targetHints":{"allow":["GET"]}}],"collection":[{"href":"https:\/\/diarioelpopular.com\/index.php\/wp-json\/wp\/v2\/posts"}],"about":[{"href":"https:\/\/diarioelpopular.com\/index.php\/wp-json\/wp\/v2\/types\/post"}],"author":[{"embeddable":true,"href":"https:\/\/diarioelpopular.com\/index.php\/wp-json\/wp\/v2\/users\/99"}],"replies":[{"embeddable":true,"href":"https:\/\/diarioelpopular.com\/index.php\/wp-json\/wp\/v2\/comments?post=504288"}],"version-history":[{"count":1,"href":"https:\/\/diarioelpopular.com\/index.php\/wp-json\/wp\/v2\/posts\/504288\/revisions"}],"predecessor-version":[{"id":504290,"href":"https:\/\/diarioelpopular.com\/index.php\/wp-json\/wp\/v2\/posts\/504288\/revisions\/504290"}],"wp:featuredmedia":[{"embeddable":true,"href":"https:\/\/diarioelpopular.com\/index.php\/wp-json\/wp\/v2\/media\/504289"}],"wp:attachment":[{"href":"https:\/\/diarioelpopular.com\/index.php\/wp-json\/wp\/v2\/media?parent=504288"}],"wp:term":[{"taxonomy":"category","embeddable":true,"href":"https:\/\/diarioelpopular.com\/index.php\/wp-json\/wp\/v2\/categories?post=504288"},{"taxonomy":"post_tag","embeddable":true,"href":"https:\/\/diarioelpopular.com\/index.php\/wp-json\/wp\/v2\/tags?post=504288"}],"curies":[{"name":"wp","href":"https:\/\/api.w.org\/{rel}","templated":true}]}}