{"id":504341,"date":"2022-07-15T09:14:47","date_gmt":"2022-07-15T13:14:47","guid":{"rendered":"https:\/\/diarioelpopular.com\/?p=504341"},"modified":"2022-07-15T09:14:47","modified_gmt":"2022-07-15T13:14:47","slug":"una-ola-ultraconservadora-3-leyes-del-congreso-de-peru-cuestionadas-por-el-retroceso-para-la-mujer-y-la-igualdad","status":"publish","type":"post","link":"https:\/\/diarioelpopular.com\/index.php\/2022\/07\/15\/una-ola-ultraconservadora-3-leyes-del-congreso-de-peru-cuestionadas-por-el-retroceso-para-la-mujer-y-la-igualdad\/","title":{"rendered":"&#8220;Una ola ultraconservadora&#8221;: 3 leyes del Congreso de Per\u00fa cuestionadas por el &#8220;retroceso&#8221; para la mujer y la igualdad"},"content":{"rendered":"<p><img loading=\"lazy\" decoding=\"async\" class=\"alignnone size-custom-full-size wp-image-504342\" src=\"https:\/\/diarioelpopular.com\/wp-content\/uploads\/2022\/07\/125883503_carlosgarciagranthon-636x358.jpg\" alt=\"\" width=\"636\" height=\"358\" srcset=\"https:\/\/diarioelpopular.com\/wp-content\/uploads\/2022\/07\/125883503_carlosgarciagranthon-636x358.jpg 636w, https:\/\/diarioelpopular.com\/wp-content\/uploads\/2022\/07\/125883503_carlosgarciagranthon-300x169.jpg 300w, https:\/\/diarioelpopular.com\/wp-content\/uploads\/2022\/07\/125883503_carlosgarciagranthon-768x432.jpg 768w, https:\/\/diarioelpopular.com\/wp-content\/uploads\/2022\/07\/125883503_carlosgarciagranthon-130x73.jpg 130w, https:\/\/diarioelpopular.com\/wp-content\/uploads\/2022\/07\/125883503_carlosgarciagranthon.jpg 800w\" sizes=\"auto, (max-width: 636px) 100vw, 636px\" \/><\/p>\n<div class=\"bbc-19j92fr essoxwk0\" dir=\"ltr\">\n<p class=\"bbc-bm53ic e1cc2ql70\" dir=\"ltr\"><em><b>&#8211; Per\u00fa vive hace tiempo sumido en la par\u00e1lisis pol\u00edtica.<\/b><\/em><\/p>\n<\/div>\n<div class=\"bbc-19j92fr essoxwk0\" dir=\"ltr\">\n<p class=\"bbc-bm53ic e1cc2ql70\" dir=\"ltr\">Desde que\u00a0Pedro Castillo\u00a0fue elegido presidente como candidato de un partido de izquierda tras derrotar por ajustado margen a\u00a0Keiko Fujimori, la tensi\u00f3n entre el gobierno y el Congreso dominan la pol\u00edtica nacional.<\/p>\n<\/div>\n<div class=\"bbc-19j92fr essoxwk0\" dir=\"ltr\">\n<p class=\"bbc-bm53ic e1cc2ql70\" dir=\"ltr\">El fujimorismo mantiene una oposici\u00f3n frontal a Castillo y con otras fuerzas de corte conservador plantea un pulso permanente en el Congreso, donde el gobierno se ve obligado a\u00a0permanentes negociaciones\u00a0para forjar las precarias alianzas que le permiten sobrevivir. Sin una mayor\u00eda estable, Castillo ya ha enfrentado dos intentos de vacancia.<\/p>\n<\/div>\n<div class=\"bbc-19j92fr essoxwk0\" dir=\"ltr\">\n<p class=\"bbc-bm53ic e1cc2ql70\" dir=\"ltr\">Pero hay algo en lo que una mayor\u00eda s\u00ed se pone de acuerdo en el Congreso de Per\u00fa: los modificaciones legales sobre educaci\u00f3n y familia que, seg\u00fan algunos expertos, est\u00e1n llevando a una\u00a0&#8220;ola ultraconservadora&#8221;\u00a0en el pa\u00eds.<\/p>\n<p dir=\"ltr\">Natalia Gonz\u00e1lez, investigadora principal del Instituto de Estudios Peruanos, le dijo a BBC Mundo que &#8220;pese a la polarizaci\u00f3n existente, hay una sorprendente similitud en el pensamiento tan conservador sobre temas como la familia y la mujer entre el presidente Castillo y la oposici\u00f3n en el Congreso&#8221;.<\/p>\n<div class=\"bbc-19j92fr essoxwk0\" dir=\"ltr\">\n<p class=\"bbc-bm53ic e1cc2ql70\" dir=\"ltr\">Seg\u00fan la experta, en los \u00faltimos meses se ha producido &#8220;una avalancha de normas que responden a una agenda ultraconservadora que hace retroceder la igualdad y pone en peligro los avances en pol\u00edticas p\u00fablicas conseguidos en los \u00faltimos a\u00f1os&#8221;.<\/p>\n<\/div>\n<div class=\"bbc-19j92fr essoxwk0\" dir=\"ltr\">\n<p class=\"bbc-bm53ic e1cc2ql70\" dir=\"ltr\">A continuaci\u00f3n BBC Mundo explica tres leyes recientes que muestran esa agenda.<\/p>\n<div class=\"bbc-19j92fr essoxwk0\" dir=\"ltr\">\n<h2 id=\"Del-Ministerio-de-la-Mujer-al-Ministerio-de-la-Familia\" class=\"bbc-l3e97o e1hixjf30\" tabindex=\"-1\">Del Ministerio de la Mujer al Ministerio de la Familia<\/h2>\n<\/div>\n<div class=\"bbc-19j92fr essoxwk0\" dir=\"ltr\">\n<p class=\"bbc-bm53ic e1cc2ql70\" dir=\"ltr\">Una comisi\u00f3n parlamentaria aprob\u00f3 el 5 de julio un proyecto de ley para cambiarle el nombre al\u00a0Ministerio de la Mujer y Poblaciones Vulnerables, que pasar\u00eda a llamarse de Familia y Poblaciones Vulnerables.<\/p>\n<\/div>\n<div class=\"bbc-19j92fr essoxwk0\" dir=\"ltr\">\n<p class=\"bbc-bm53ic e1cc2ql70\" dir=\"ltr\">Los congresistas que promueven el cambio se\u00f1alan que no es solo la mujer la que necesita protecci\u00f3n y la que sufre abusos en la sociedad.<\/p>\n<\/div>\n<div class=\"bbc-19j92fr essoxwk0\" dir=\"ltr\">\n<p class=\"bbc-bm53ic e1cc2ql70\" dir=\"ltr\">&#8220;Ciertamente, las mujeres violentadas son un grupo vulnerable en nuestro pa\u00eds que merece pol\u00edticas p\u00fablicas que las protejan; pero tambi\u00e9n los ni\u00f1os en estado de abandono y los adultos mayores en el mismo estado de abandono necesitan de pol\u00edticas p\u00fablicas que inciden en su protecci\u00f3n&#8221;, se\u00f1ala la moci\u00f3n que firmaron.<\/p>\n<\/div>\n<div class=\"bbc-19j92fr essoxwk0\" dir=\"ltr\">\n<p class=\"bbc-bm53ic e1cc2ql70\" dir=\"ltr\">La norma, a\u00fan pendiente de aprobaci\u00f3n definitiva,\u00a0ha hecho saltar las alarmas\u00a0de organizaciones civiles y organismos internacionales.<\/p>\n<\/div>\n<div class=\"bbc-19j92fr essoxwk0\" dir=\"ltr\">\n<p class=\"bbc-bm53ic e1cc2ql70\" dir=\"ltr\">La representaci\u00f3n de Naciones Unidas en Per\u00fa emiti\u00f3 un comunicado en el que mostr\u00f3 su &#8220;preocupaci\u00f3n&#8221; por el &#8220;retroceso&#8221; que implicar\u00eda tal cambio de denominaci\u00f3n.<\/p>\n<\/div>\n<div class=\"bbc-19j92fr essoxwk0\" dir=\"ltr\">\n<p class=\"bbc-bm53ic e1cc2ql70\" dir=\"ltr\">Seg\u00fan el comunicado, &#8220;eliminar la referencia a la mujer y sustituirla por familia reforzar\u00eda la valoraci\u00f3n exclusiva de las mujeres por su rol reproductivo e invisibilizar\u00eda la persistente discriminaci\u00f3n y desigualdad estructural contra las mujeres y ni\u00f1as&#8221; en Per\u00fa.<\/p>\n<div class=\"bbc-19j92fr essoxwk0\" dir=\"ltr\">\n<p class=\"bbc-bm53ic e1cc2ql70\" dir=\"ltr\">Tambi\u00e9n la actual ministra de Mujer,\u00a0Diana Miloslavich, se ha manifestado en contra del cambio. &#8220;Somos las mujeres las m\u00e1s afectadas por la pandemia y a eso se suman las m\u00faltiples desigualdades estructurales&#8221;, record\u00f3.<\/p>\n<\/div>\n<div class=\"bbc-19j92fr essoxwk0\" dir=\"ltr\">\n<p class=\"bbc-bm53ic e1cc2ql70\" dir=\"ltr\">Pero que la ministra se oponga no garantiza que el cambio no vaya a ser finalmente aprobado ni tampoco ser\u00eda la primera vez que hay contradicciones en los gabinetes de Castillo.<\/p>\n<\/div>\n<div class=\"bbc-19j92fr essoxwk0\" dir=\"ltr\">\n<p class=\"bbc-bm53ic e1cc2ql70\" dir=\"ltr\">El proyecto deber\u00e1 ser sometido a votaci\u00f3n en el pleno del Congreso. Si sale adelante, el gobierno podr\u00eda &#8220;observar&#8221; la ley, como se conoce en Per\u00fa el procedimiento por el que el Ejecutivo puede plantear objeciones a las leyes aprobadas y devolverlas al Legislativo.<\/p>\n<\/div>\n<div class=\"bbc-19j92fr essoxwk0\" dir=\"ltr\">\n<p class=\"bbc-bm53ic e1cc2ql70\" dir=\"ltr\">Castillo a\u00fan no se ha pronunciado, pero la bancada de Per\u00fa Libre, el partido por el que fue candidato y cuyos votos necesita, dej\u00f3 clara su postura en un comunicado al afirmar que &#8220;la protecci\u00f3n de la familia es un pilar fundamental&#8221; y que &#8220;los derechos de las mujeres peruanas se deben garantizar dentro de la familia como c\u00e9lula b\u00e1sica de la sociedad&#8221;.<\/p>\n<div class=\"bbc-19j92fr essoxwk0\" dir=\"ltr\">\n<h2 id=\"Una-ley-contra-la-ideolog\u00eda-de-g\u00e9nero\" class=\"bbc-l3e97o e1hixjf30\" tabindex=\"-1\">Una ley contra la &#8220;ideolog\u00eda de g\u00e9nero&#8221;<\/h2>\n<\/div>\n<div class=\"bbc-19j92fr essoxwk0\" dir=\"ltr\">\n<p class=\"bbc-bm53ic e1cc2ql70\" dir=\"ltr\">La ley 31498, aprobada el 23 de junio, &#8220;impulsa la calidad de las materias y recursos educativos en el Per\u00fa&#8221;.<\/p>\n<\/div>\n<div class=\"bbc-19j92fr essoxwk0\" dir=\"ltr\">\n<p class=\"bbc-bm53ic e1cc2ql70\" dir=\"ltr\">Pese a su denominaci\u00f3n oficial, la norma ha causado pol\u00e9mica por ser una vieja demanda del colectivo conocido como &#8220;Con mis hijos no te metas&#8221;, un grupo vinculado a sectores religiosos opuesto a la ense\u00f1anza de lo que denomina &#8220;ideolog\u00eda de g\u00e9nero&#8221; en la escuela.<\/p>\n<\/div>\n<div class=\"bbc-19j92fr essoxwk0\" dir=\"ltr\">\n<p class=\"bbc-bm53ic e1cc2ql70\" dir=\"ltr\">Alejandro Mu\u00f1ante, exportavoz del colectivo y hoy uno de los congresistas del partido\u00a0Renovaci\u00f3n Popular, que promovi\u00f3 la norma, le dijo a BBC Mundo que el objetivo es &#8220;que no exista una educaci\u00f3n que de una u otra manera oriente al ni\u00f1o a adoptar ciertas conductas que para los padres pueden ser nocivas para sus hijos, como la que tiene que ver con las relaciones anales&#8221;.<\/p>\n<\/div>\n<div class=\"bbc-19j92fr essoxwk0\" dir=\"ltr\">\n<p class=\"bbc-bm53ic e1cc2ql70\" dir=\"ltr\">Mu\u00f1ante cree que &#8220;desde 2017 se ha venido imponiendo en Per\u00fa el enfoque de g\u00e9nero de manera inconsulta&#8221; y celebra que la ley aprobada &#8220;crea el mecanismo de participaci\u00f3n de los padres en la formulaci\u00f3n de los contenidos educativos&#8221; al establecer que las organizaciones de padres tendr\u00e1n derecho de veto sobre los manuales y materiales escolares que consideren inapropiados.<\/p>\n<\/div>\n<div class=\"bbc-19j92fr essoxwk0\" dir=\"ltr\">\n<p class=\"bbc-bm53ic e1cc2ql70\" dir=\"ltr\">Los profesores que desoigan ese veto\u00a0podr\u00e1n ser sancionados e incluso perder su trabajo.<\/p>\n<\/div>\n<div class=\"bbc-19j92fr essoxwk0\" dir=\"ltr\">\n<p class=\"bbc-bm53ic e1cc2ql70\" dir=\"ltr\">Susana Ch\u00e1vez, directora de la ONG\u00a0Promsex, considera que la ley &#8220;es altamente peligrosa, ya que tiene como objetivo sacar del curr\u00edculo todo el tema de la igualdad y la diversidad sexual&#8221;, lo que podr\u00eda agravar el problema de la homofobia en las aulas peruanas.<\/p>\n<\/div>\n<div class=\"bbc-19j92fr essoxwk0\" dir=\"ltr\">\n<p class=\"bbc-bm53ic e1cc2ql70\" dir=\"ltr\">Tambi\u00e9n\u00a0Amnist\u00eda Internacional\u00a0se pronunci\u00f3 en contra de una ley que &#8220;pretende otorgar a determinados grupos de padres y madres de familia la facultad de aprobar o rechazar a discreci\u00f3n materiales educativos, dejando la puerta abierta a que se incorporen dimensiones religiosas y morales en su elaboraci\u00f3n&#8221;.<\/p>\n<\/div>\n<div class=\"bbc-19j92fr essoxwk0\" dir=\"ltr\">\n<p class=\"bbc-bm53ic e1cc2ql70\" dir=\"ltr\">Eso &#8220;limitar\u00eda la implementaci\u00f3n de la educaci\u00f3n sexual integral y la educaci\u00f3n con enfoque de g\u00e9nero, imprescindibles para prevenir la violencia de g\u00e9nero y avanzar hacia una educaci\u00f3n basada en la igualdad&#8221;.<\/p>\n<\/div>\n<div class=\"bbc-19j92fr essoxwk0\" dir=\"ltr\">\n<p class=\"bbc-bm53ic e1cc2ql70\" dir=\"ltr\">El gobierno de Castillo\u00a0no puso objeciones a la ley. El Ministerio de Educaci\u00f3n no respondi\u00f3 a una solicitud de comentarios de BBC Mundo.<\/p>\n<\/div>\n<div class=\"bbc-19j92fr essoxwk0\" dir=\"ltr\">\n<h2 id=\"La-tenencia-compartida-de-los-ni\u00f1os-como-norma\" class=\"bbc-l3e97o e1hixjf30\" tabindex=\"-1\">La tenencia compartida de los ni\u00f1os como norma<\/h2>\n<\/div>\n<div class=\"bbc-19j92fr essoxwk0\" dir=\"ltr\">\n<p class=\"bbc-bm53ic e1cc2ql70\" dir=\"ltr\">El Congreso tambi\u00e9n aprob\u00f3 por abrumadora mayor\u00eda el 8 de abril la reforma de la ley que regulala tenencia compartida de los menores en Per\u00fa.<\/p>\n<\/div>\n<div class=\"bbc-19j92fr essoxwk0\" dir=\"ltr\">\n<p class=\"bbc-bm53ic e1cc2ql70\" dir=\"ltr\">La nueva norma establece que en caso de separaci\u00f3n ambos progenitores puedan pasar el mismo tiempo y tener los mismos derechos sobre la educaci\u00f3n de los menores, salvo en los casos en que un juez dictamine lo contrario.<\/p>\n<\/div>\n<div class=\"bbc-19j92fr essoxwk0\" dir=\"ltr\">\n<p class=\"bbc-bm53ic e1cc2ql70\" dir=\"ltr\">El problema, seg\u00fan los detractores de la norma, es que abre la puerta a que\u00a0hombres denunciados o condenados por violencia dom\u00e9stica\u00a0mantengan su control sobre el n\u00facleo familiar incluso cuando las mujeres se han resuelto a romper su relaci\u00f3n.<\/p>\n<\/div>\n<div class=\"bbc-19j92fr essoxwk0\" dir=\"ltr\">\n<p class=\"bbc-bm53ic e1cc2ql70\" dir=\"ltr\">La ONG Save The Children asegur\u00f3 en un comunicado que la ley &#8220;no contempla la grave situaci\u00f3n de violencia dentro de los hogares, principalmente contra mujeres, ni\u00f1as, ni\u00f1os y adolescentes&#8221;.<\/p>\n<\/div>\n<div class=\"bbc-19j92fr essoxwk0\" dir=\"ltr\">\n<p class=\"bbc-bm53ic e1cc2ql70\" dir=\"ltr\">Seg\u00fan las cifras de esta organizaci\u00f3n,\u00a0solo entre enero y febrero de 2022, se registraron m\u00e1s de 24.000\u00a0casos de agresiones intrafamiliares, incluyendo violencia f\u00edsica (40%), psicol\u00f3gica (45,5%) y sexual (14%).<\/p>\n<\/div>\n<div class=\"bbc-19j92fr essoxwk0\" dir=\"ltr\">\n<p class=\"bbc-bm53ic e1cc2ql70\" dir=\"ltr\">El congresista Mu\u00f1ante cree que las objeciones que la ley ha suscitado obedecen a &#8220;prejuicios ideol\u00f3gicos&#8221; y afirma que la nueva norma permite que el juez de familia anule la tenencia compartida cuando exista peligro para el menor.<\/p>\n<div class=\"bbc-19j92fr essoxwk0\" dir=\"ltr\">\n<h2 id=\"Cambios-en-el-aborto\" class=\"bbc-l3e97o e1hixjf30\" tabindex=\"-1\">\u00bfCambios en el aborto?<\/h2>\n<\/div>\n<div class=\"bbc-19j92fr essoxwk0\" dir=\"ltr\">\n<p class=\"bbc-bm53ic e1cc2ql70\" dir=\"ltr\">Otras iniciativas a\u00fan en tr\u00e1mite en el Congreso han suscitado preocupaci\u00f3n.<\/p>\n<\/div>\n<div class=\"bbc-19j92fr essoxwk0\" dir=\"ltr\">\n<p class=\"bbc-bm53ic e1cc2ql70\" dir=\"ltr\">En la Comisi\u00f3n de Justicia aguarda a ser debatido un proyecto de ley presentado por Renovaci\u00f3n Popular que\u00a0&#8220;reconoce derechos al concebido&#8221;\u00a0y que, seg\u00fan sus cr\u00edticos, pretende colocar a la mujer y al embri\u00f3n en pie de igualdad desde el mismo momento de la fecundaci\u00f3n.<\/p>\n<\/div>\n<div class=\"bbc-19j92fr essoxwk0\" dir=\"ltr\">\n<p class=\"bbc-bm53ic e1cc2ql70\" dir=\"ltr\">De aprobarse, implicar\u00eda un\u00a0mayor endurecimiento del acceso al aborto\u00a0en Per\u00fa, donde solo est\u00e1 permitido en los casos en que la mujer corra peligro de muerte o de que sufra un &#8220;mal grave y permanente&#8221; si no interrumpe el embarazo.<\/p>\n<\/div>\n<div class=\"bbc-19j92fr essoxwk0\" dir=\"ltr\">\n<p class=\"bbc-bm53ic e1cc2ql70\" dir=\"ltr\">El gobierno podr\u00eda observar la ley, si se aprueba, y presentar objeciones, pero es dif\u00edcil que ocurra ya que Castillo en la campa\u00f1a se declar\u00f3 en contra del aborto, la eutanasia y el matrimonio no heterosexual.<\/p>\n<\/div>\n<div class=\"bbc-19j92fr essoxwk0\" dir=\"ltr\">\n<p class=\"bbc-bm53ic e1cc2ql70\" dir=\"ltr\">Pero lo que ocurra en el Congreso entonces depender\u00e1, seg\u00fan la analista Natalia Gonz\u00e1lez, &#8220;del momento pol\u00edtico y de cu\u00e1ntos votos necesite el presidente para sostenerse&#8221;.<\/p>\n<\/div>\n<\/div>\n<\/div>\n<\/div>\n<\/div>\n<\/div>\n","protected":false},"excerpt":{"rendered":"<p>&#8211; Per\u00fa vive hace tiempo sumido en la par\u00e1lisis pol\u00edtica. Desde que\u00a0Pedro Castillo\u00a0fue elegido presidente como candidato de un partido de izquierda tras derrotar por&hellip;<\/p>\n","protected":false},"author":99,"featured_media":504342,"comment_status":"open","ping_status":"open","sticky":false,"template":"","format":"standard","meta":{"footnotes":""},"categories":[23],"tags":[],"class_list":["post-504341","post","type-post","status-publish","format-standard","has-post-thumbnail","hentry","category-latinoamerica"],"_links":{"self":[{"href":"https:\/\/diarioelpopular.com\/index.php\/wp-json\/wp\/v2\/posts\/504341","targetHints":{"allow":["GET"]}}],"collection":[{"href":"https:\/\/diarioelpopular.com\/index.php\/wp-json\/wp\/v2\/posts"}],"about":[{"href":"https:\/\/diarioelpopular.com\/index.php\/wp-json\/wp\/v2\/types\/post"}],"author":[{"embeddable":true,"href":"https:\/\/diarioelpopular.com\/index.php\/wp-json\/wp\/v2\/users\/99"}],"replies":[{"embeddable":true,"href":"https:\/\/diarioelpopular.com\/index.php\/wp-json\/wp\/v2\/comments?post=504341"}],"version-history":[{"count":1,"href":"https:\/\/diarioelpopular.com\/index.php\/wp-json\/wp\/v2\/posts\/504341\/revisions"}],"predecessor-version":[{"id":504343,"href":"https:\/\/diarioelpopular.com\/index.php\/wp-json\/wp\/v2\/posts\/504341\/revisions\/504343"}],"wp:featuredmedia":[{"embeddable":true,"href":"https:\/\/diarioelpopular.com\/index.php\/wp-json\/wp\/v2\/media\/504342"}],"wp:attachment":[{"href":"https:\/\/diarioelpopular.com\/index.php\/wp-json\/wp\/v2\/media?parent=504341"}],"wp:term":[{"taxonomy":"category","embeddable":true,"href":"https:\/\/diarioelpopular.com\/index.php\/wp-json\/wp\/v2\/categories?post=504341"},{"taxonomy":"post_tag","embeddable":true,"href":"https:\/\/diarioelpopular.com\/index.php\/wp-json\/wp\/v2\/tags?post=504341"}],"curies":[{"name":"wp","href":"https:\/\/api.w.org\/{rel}","templated":true}]}}