{"id":504457,"date":"2022-07-22T10:05:48","date_gmt":"2022-07-22T14:05:48","guid":{"rendered":"https:\/\/diarioelpopular.com\/?p=504457"},"modified":"2022-07-22T10:05:48","modified_gmt":"2022-07-22T14:05:48","slug":"argentina-otra-disparada-alocada-del-dolar","status":"publish","type":"post","link":"https:\/\/diarioelpopular.com\/index.php\/2022\/07\/22\/argentina-otra-disparada-alocada-del-dolar\/","title":{"rendered":"Argentina: Otra disparada alocada del d\u00f3lar"},"content":{"rendered":"<p>&nbsp;<\/p>\n<p><img loading=\"lazy\" decoding=\"async\" class=\"alignnone size-custom-full-size wp-image-504458\" src=\"https:\/\/diarioelpopular.com\/wp-content\/uploads\/2022\/07\/2399b1524dec51706a6e078b24584ae4.jpg\" alt=\"\" width=\"476\" height=\"268\" srcset=\"https:\/\/diarioelpopular.com\/wp-content\/uploads\/2022\/07\/2399b1524dec51706a6e078b24584ae4.jpg 476w, https:\/\/diarioelpopular.com\/wp-content\/uploads\/2022\/07\/2399b1524dec51706a6e078b24584ae4-300x169.jpg 300w, https:\/\/diarioelpopular.com\/wp-content\/uploads\/2022\/07\/2399b1524dec51706a6e078b24584ae4-130x73.jpg 130w\" sizes=\"auto, (max-width: 476px) 100vw, 476px\" \/><\/p>\n<p><em>Se dispara la cotizaci\u00f3n del d\u00f3lar en Argentina. Tensi\u00f3n e incertidumbre\u00a0<\/em><\/p>\n<p>&nbsp;<\/p>\n<h4><em><strong>&#8211; Nerviosas reuniones del gobierno. Toman solo algunas medidas<\/strong><\/em><\/h4>\n<p><em><strong>BUENOS AIRES 22 JUL &#8211;<\/strong><\/em> La turbulencia financiera tiene a maltraer a la Argentina y el gobierno de Alberto Fern\u00e1ndez (peronismo, centro izquierda) navega en aguas demasiado agitadas con el billete estadounidense marcando nuevos r\u00e9cord, con una cotizaci\u00f3n de 337 por unidad del peso argentino en el mercado negro.<br \/>\nEl llamado d\u00f3lar blue (mercado no oficial) se dispar\u00f3 este jueves a 332 pesos para la compra y 337 para la venta y, de esta manera, la divisa que se opera en el mercado informal acumula un avance de 20 pesos hoy y de 99 pesos desde que empez\u00f3 el mes.<br \/>\nLa brecha cambiaria (d\u00f3lar oficial-d\u00f3lar paralelo) se ampl\u00eda as\u00ed a 160%, niveles r\u00e9cord para los \u00faltimos 30 a\u00f1os.<br \/>\nEl d\u00f3lar blue anota as\u00ed un incremento del 41% desde que comenz\u00f3 el julio, la suba porcentual m\u00e1s alta para la divisa desde la salida de la convertibilidad, el 6 de enero de 2001 que deriv\u00f3 en una feroz crisis pol\u00edtica, social y econ\u00f3mica.<br \/>\nEl Banco Central de la Rep\u00fablica Argentina (BCRA) se vio forzado a vender poco m\u00e1s de 50 millones de d\u00f3lares, en otra jornada con fuerte demanda de divisas para la importaci\u00f3n de energ\u00eda.<br \/>\nDe esta manera, la autoridad monetaria acumula un saldo negativo de 340 millones de d\u00f3lares solo en lo que va de esta semana.<br \/>\nEntre las nuevas medidas, el Gobierno facilit\u00f3 la liquidaci\u00f3n de divisas de turistas extranjeros, quienes podr\u00e1n vender hasta 5.000 d\u00f3lares al tipo de cambio financiero, y mejor\u00f3 las condiciones de acceso al mercado cambiario para el pago de importaciones de insumos para &#8220;sectores estrat\u00e9gicos&#8221;.<br \/>\nLos anuncios se dieron a conocer en un contexto de tensi\u00f3n por la falta de d\u00f3lares y movimientos del gobierno, donde pujan diferentes posturas respecto a c\u00f3mo resolver la actual crisis cambiaria y apuntalar el rumbo de &#8220;equilibrio fiscal&#8221; marcado por la nueva ministra de Econom\u00eda, Silvina Batakis.<br \/>\nLos anuncios no fueron bien recibidos por el sector financiero, en donde creen que el problema es fiscal. En los primeros seis meses, el d\u00e9ficit acumulado alcanz\u00f3 los 800.000 millones de pesos (1,05% del PBI), inform\u00f3 el diario Clar\u00edn.<br \/>\nEn medio de una feroz inflaci\u00f3n, que seg\u00fan c\u00e1lculos de consultoras privadas superar\u00e1 el 60% este a\u00f1o, el gobierno decidi\u00f3 aumentar el valor del boleto del transporte p\u00fablico en el \u00c1rea Metropolitana de Buenos Aires (AMBA).<br \/>\nLa suba ser\u00e1 del 40% y regir\u00e1 tanto para los buses como para los trenes que circulan por la Capital Federal y el conurbano y, seg\u00fan la resoluci\u00f3n del ministerio de Transporte publicada este jueves en el Bolet\u00edn Oficial, regir\u00e1 a partir del 1 de agosto.<br \/>\nLa suba implica un nuevo golpe al bolsillo de los usuarios en un contexto inflacionario en el que los precios escalan d\u00eda a d\u00eda y se da adem\u00e1s en el marco de la disputa por los subsidios con las c\u00e1maras empresarias, que realizan un lockout que redujo frecuencias del transporte a la mitad y afecta a los pasajeros.<br \/>\nEl precio de los boletos de colectivo y tren en el AMBA est\u00e1 congelado desde hace tres a\u00f1os. El jefe de Gabinete, Juan Manzur, hab\u00eda anticipado en su reciente paso por el Congreso que la suba era una de las medidas que el Gobierno ten\u00eda en agenda.<\/p>\n","protected":false},"excerpt":{"rendered":"<p>&nbsp; Se dispara la cotizaci\u00f3n del d\u00f3lar en Argentina. Tensi\u00f3n e incertidumbre\u00a0 &nbsp; &#8211; Nerviosas reuniones del gobierno. Toman solo algunas medidas BUENOS AIRES 22&hellip;<\/p>\n","protected":false},"author":99,"featured_media":504458,"comment_status":"open","ping_status":"open","sticky":false,"template":"","format":"standard","meta":{"footnotes":""},"categories":[23],"tags":[],"class_list":["post-504457","post","type-post","status-publish","format-standard","has-post-thumbnail","hentry","category-latinoamerica"],"_links":{"self":[{"href":"https:\/\/diarioelpopular.com\/index.php\/wp-json\/wp\/v2\/posts\/504457","targetHints":{"allow":["GET"]}}],"collection":[{"href":"https:\/\/diarioelpopular.com\/index.php\/wp-json\/wp\/v2\/posts"}],"about":[{"href":"https:\/\/diarioelpopular.com\/index.php\/wp-json\/wp\/v2\/types\/post"}],"author":[{"embeddable":true,"href":"https:\/\/diarioelpopular.com\/index.php\/wp-json\/wp\/v2\/users\/99"}],"replies":[{"embeddable":true,"href":"https:\/\/diarioelpopular.com\/index.php\/wp-json\/wp\/v2\/comments?post=504457"}],"version-history":[{"count":1,"href":"https:\/\/diarioelpopular.com\/index.php\/wp-json\/wp\/v2\/posts\/504457\/revisions"}],"predecessor-version":[{"id":504459,"href":"https:\/\/diarioelpopular.com\/index.php\/wp-json\/wp\/v2\/posts\/504457\/revisions\/504459"}],"wp:featuredmedia":[{"embeddable":true,"href":"https:\/\/diarioelpopular.com\/index.php\/wp-json\/wp\/v2\/media\/504458"}],"wp:attachment":[{"href":"https:\/\/diarioelpopular.com\/index.php\/wp-json\/wp\/v2\/media?parent=504457"}],"wp:term":[{"taxonomy":"category","embeddable":true,"href":"https:\/\/diarioelpopular.com\/index.php\/wp-json\/wp\/v2\/categories?post=504457"},{"taxonomy":"post_tag","embeddable":true,"href":"https:\/\/diarioelpopular.com\/index.php\/wp-json\/wp\/v2\/tags?post=504457"}],"curies":[{"name":"wp","href":"https:\/\/api.w.org\/{rel}","templated":true}]}}