{"id":5045,"date":"2011-07-17T22:39:45","date_gmt":"2011-07-18T02:39:45","guid":{"rendered":"http:\/\/retrolab.ca\/elpopular\/?p=5045"},"modified":"2011-07-17T22:39:45","modified_gmt":"2011-07-18T02:39:45","slug":"espana-arrasa-en-el-gran-premio-de-alemania","status":"publish","type":"post","link":"https:\/\/diarioelpopular.com\/index.php\/2011\/07\/17\/espana-arrasa-en-el-gran-premio-de-alemania\/","title":{"rendered":"Espa\u00f1a arrasa en el Gran Premio de Alemania"},"content":{"rendered":"<div id=\"attachment_5046\" style=\"width: 710px\" class=\"wp-caption aligncenter\"><a href=\"http:\/\/retrolab.ca\/elpopular\/wp-content\/uploads\/2011\/07\/Dani-Pedrosa.jpg\"><img loading=\"lazy\" decoding=\"async\" aria-describedby=\"caption-attachment-5046\" class=\"size-full wp-image-5046\" title=\"Dani Pedrosa, entrenamiento en Sachsenring\" src=\"http:\/\/retrolab.ca\/elpopular\/wp-content\/uploads\/2011\/07\/Dani-Pedrosa.jpg\" alt=\"\" width=\"700\" height=\"420\" \/><\/a><p id=\"caption-attachment-5046\" class=\"wp-caption-text\">El piloto espa\u00f1ol de MotoGP Dani Pedrosa, del equipo Honda, durante la sesi\u00f3n de entrenamiento en el circuito Sachsenring de Hohenstein-Ernstthal (Alemania), previa a la celebraci\u00f3n del Gran Premio de Alemania de motociclismo. Foto: Jan Woitas \/ Efe<\/p><\/div>\n<p><em>Juan Antonio Llad\u00f3s. Sachsenring (Alemania).-<\/em> Espa\u00f1a, gracias a los triunfos de Dani Pedrosa (Honda RC 212 V), Marc M\u00e1rquez (Suter) y H\u00e9ctor Faubel (Aprilia), volvi\u00f3 a copar este domingo la victoria en todas las categor\u00edas de los Mundiales de Motociclismo, esta vez en el Gran Premio de Alemania, disputado en el circuito de Sachsenring.<\/p>\n<p>Aunque la jornada comenz\u00f3 harto equilibrada, con la llegada a la mil\u00e9sima de segundo que protagonizaron en los 125 c.c. el espa\u00f1ol H\u00e9ctor Faubel y el franc\u00e9s Johann Zarco (Derbi), las victorias de M\u00e1rquez en Moto2 y Pedrosa en MotoGP redondearon un fin de semana perfecto para la representaci\u00f3n espa\u00f1ola en el mundial de\u00a0motociclismo.<\/p>\n<p>Pedrosa no lograba la victoria desde el Gran Premio de Portugal de esta misma temporada, pero despu\u00e9s de pasar un aut\u00e9ntico calvario en su recuperaci\u00f3n de las lesiones que en uno u otro momento ha tenido en ambas clav\u00edculas, supo aprovechar su oportunidad para imponerse en la carrera alemana por delante de Jorge Lorenzo (Yamaha YZR M 1) y su compa\u00f1ero de escuder\u00eda y l\u00edder del mundial, el australiano Casey Stoner (Honda RC 212 V).<\/p>\n<p>Todos ellos fueron l\u00edderes de la carrera en uno u otro momento, pero en el tramo final de la misma Dani Pedrosa supo atacar a Lorenzo y Stoner para conseguir unos cuantos metros de ventaja que, sin ser demasiados, le garantizaron la victoria y, en gran medida, le devuelve una moral que ten\u00eda bastante tocada despu\u00e9s de todos sus problemas f\u00edsicos.<\/p>\n<p>Pedrosa dio una lecci\u00f3n con su victoria y Lorenzo lo hizo con el pundonor mostrado en la \u00faltima vuelta, en la que en lugar de conformarse con la tercera plaza atac\u00f3 al australiano Stoner para recortar en cuatro puntos m\u00e1s sus diferencias en la clasificaci\u00f3n provisional del mundial, que ahora es de escasamente quince puntos.<\/p>\n<p>Marc M\u00e1rquez (Suter) sum\u00f3 su tercera victoria consecutiva y la cuarta de la temporada en Moto2 y muy a pesar de los esfuerzos del local Stefan Bradl (Kalex) por doblegarlo, quien lo intent\u00f3 desde el principio pero al final se tuvo que plegar a la superioridad del campe\u00f3n del mundo de los 125 c.c. en 2010.<\/p>\n<p>Las notas negativas en esta carrera fueron para el reaparecido Juli\u00e1n Sim\u00f3n, quien protagoniz\u00f3 un excepcional fin de semana en Alemania, pues tras m\u00e1s de cuarenta d\u00edas de recuperaci\u00f3n de su fractura de tibia y peron\u00e9 se present\u00f3 en Sachsenring y logr\u00f3 la quinta plaza de entrenamientos.<\/p>\n<p>La carrera fue muy distinta y como consecuencia de los nervios al final de la recta de meta, nada m\u00e1s darse la salida, se fue por los suelos y no pudo continuar.<\/p>\n<p>Algo semejante le sucedi\u00f3 a Aleix Espargar\u00f3 (Kalex), tercer mejor tiempo de entrenamientos, que se vio apeado de la competici\u00f3n en la sexta vuelta al sufrir una ca\u00edda cuando su moto recuper\u00f3 s\u00fabitamente adherencia en la rueda trasera y lo lanz\u00f3 por los aires con tan mala fortuna que se llev\u00f3 por delante al alem\u00e1n Max Neukirchner y una de las motos le acab\u00f3 golpeando.<\/p>\n<p>La carrera m\u00e1s emocionante de todas fue la del octavo de litro, en la que el espa\u00f1ol H\u00e9ctor Faubel (Aprilia) y el franc\u00e9s Johann Zarco (Derbi) tuvieron que dirimir sus diferencias por la mejor vuelta r\u00e1pida entre ellos, pues atravesaron la l\u00ednea de llegada empatados a la mil\u00e9sima de segundo.<\/p>\n<p>Un total de seis pilotos se erigieron en protagonistas a lo largo de la prueba de los 125 c.c., Maverick Vi\u00f1ales, H\u00e9ctor Faubel, Sergio Gadea, Johann Zarco, Nicol\u00e1s Terol y Luis Salom.<\/p>\n<p>En el tramo final de la carrera Vi\u00f1ales, Zarco y Faubel lograron una peque\u00f1a ventaja sobre sus perseguidores y se prepararon para el asalto final, en el que Vi\u00f1ales fue el primer descolgado y Faubel y Zarco no cejaron en su empe\u00f1o, lo que les llev\u00f3 a entrar literalmente empatados, pero como la vuelta r\u00e1pida de carrera hab\u00eda sido para H\u00e9ctor Faubel, \u00e9ste se hizo con el pelda\u00f1o m\u00e1s alto del podio en Sachsenring.<\/p>\n","protected":false},"excerpt":{"rendered":"<p>Espa\u00f1a, gracias a los triunfos de Dani Pedrosa, Marc M\u00e1rquez y H\u00e9ctor Faubel, volvi\u00f3 a copar la victoria en todas las categor\u00edas de los Mundiales de motociclismo, esta vez en el Gran Premio de Alemania, disputado en el circuito de Sachsenring.<\/p>\n","protected":false},"author":1,"featured_media":5046,"comment_status":"closed","ping_status":"open","sticky":false,"template":"","format":"standard","meta":{"footnotes":""},"categories":[28],"tags":[6798,6799,6800],"class_list":["post-5045","post","type-post","status-publish","format-standard","has-post-thumbnail","hentry","category-deportes","tag-dani-pedrosa","tag-motociclismo","tag-sachsenring"],"_links":{"self":[{"href":"https:\/\/diarioelpopular.com\/index.php\/wp-json\/wp\/v2\/posts\/5045","targetHints":{"allow":["GET"]}}],"collection":[{"href":"https:\/\/diarioelpopular.com\/index.php\/wp-json\/wp\/v2\/posts"}],"about":[{"href":"https:\/\/diarioelpopular.com\/index.php\/wp-json\/wp\/v2\/types\/post"}],"author":[{"embeddable":true,"href":"https:\/\/diarioelpopular.com\/index.php\/wp-json\/wp\/v2\/users\/1"}],"replies":[{"embeddable":true,"href":"https:\/\/diarioelpopular.com\/index.php\/wp-json\/wp\/v2\/comments?post=5045"}],"version-history":[{"count":0,"href":"https:\/\/diarioelpopular.com\/index.php\/wp-json\/wp\/v2\/posts\/5045\/revisions"}],"wp:featuredmedia":[{"embeddable":true,"href":"https:\/\/diarioelpopular.com\/index.php\/wp-json\/"}],"wp:attachment":[{"href":"https:\/\/diarioelpopular.com\/index.php\/wp-json\/wp\/v2\/media?parent=5045"}],"wp:term":[{"taxonomy":"category","embeddable":true,"href":"https:\/\/diarioelpopular.com\/index.php\/wp-json\/wp\/v2\/categories?post=5045"},{"taxonomy":"post_tag","embeddable":true,"href":"https:\/\/diarioelpopular.com\/index.php\/wp-json\/wp\/v2\/tags?post=5045"}],"curies":[{"name":"wp","href":"https:\/\/api.w.org\/{rel}","templated":true}]}}