{"id":504512,"date":"2022-07-26T08:25:39","date_gmt":"2022-07-26T12:25:39","guid":{"rendered":"https:\/\/diarioelpopular.com\/?p=504512"},"modified":"2022-07-26T08:25:39","modified_gmt":"2022-07-26T12:25:39","slug":"chile-apruebo-sube-2-puntos-y-acorta-distancia","status":"publish","type":"post","link":"https:\/\/diarioelpopular.com\/index.php\/2022\/07\/26\/chile-apruebo-sube-2-puntos-y-acorta-distancia\/","title":{"rendered":"Chile: Apruebo sube 2 puntos y acorta distancia"},"content":{"rendered":"<p>&nbsp;<\/p>\n<p><img loading=\"lazy\" decoding=\"async\" class=\"alignnone size-custom-full-size wp-image-504513\" src=\"https:\/\/diarioelpopular.com\/wp-content\/uploads\/2022\/07\/6c7c25f01809f3c530040a99465ed284.jpg\" alt=\"\" width=\"476\" height=\"317\" srcset=\"https:\/\/diarioelpopular.com\/wp-content\/uploads\/2022\/07\/6c7c25f01809f3c530040a99465ed284.jpg 476w, https:\/\/diarioelpopular.com\/wp-content\/uploads\/2022\/07\/6c7c25f01809f3c530040a99465ed284-300x200.jpg 300w, https:\/\/diarioelpopular.com\/wp-content\/uploads\/2022\/07\/6c7c25f01809f3c530040a99465ed284-110x73.jpg 110w\" sizes=\"auto, (max-width: 476px) 100vw, 476px\" \/><\/p>\n<p><em>La ex presidenta Bachelet anuncio que votar\u00e1 por la aprobaci\u00f3n. (foto: EPA)<\/em><\/p>\n<p>&nbsp;<\/p>\n<h4><em><strong>&#8211; Rechazo cay\u00f3 esta semana 5 puntos, \u00bfefecto Michelle Bachelet?<\/strong><\/em><\/h4>\n<p><em><strong>SANTIAGO DE CHILE, 26 JUL &#8211;<\/strong><\/em> En la semana que la dos veces expresidenta de Chile, Michelle Bachelet, ratific\u00f3 que votar\u00e1 Apruebo en el Plebiscito Constitucional del 4 de septiembre, la opci\u00f3n se recuper\u00f3 y escal\u00f3 dos puntos, acortando distancia con el Rechazo, que cay\u00f3 cinco puntos.<br \/>\nAs\u00ed lo arroj\u00f3 la encuesta semanal Cadem, la cual destac\u00f3 que igual el Rechazo sigue al frente con el 47% de las intenciones de voto.<br \/>\nLa actual Alta Comisionada de Naciones Unidas para los Derechos Humanos record\u00f3 los versos del trovador cubano Pablo Milan\u00e9s para referirse a su postura frente a la nueva Constituci\u00f3n, redactada por 154 convencionales democr\u00e1ticamente electos: &#8220;No es perfecta, m\u00e1s se acerca a lo que yo tanto so\u00f1\u00e9&#8221;, dijo la mandataria, encendiendo al sector del Apruebo.<br \/>\nLa exmandataria lleg\u00f3 esta semana a Chile, en visita privada, y su Fundaci\u00f3n Horizonte dio a conocer el s\u00e1bado una carta de ella, donde apunt\u00f3 a que los &#8220;chilenos y chilenas, tienen en sus manos la definici\u00f3n del camino a seguir, como antes cuando derrotaron al dictador, como ayer cuando demandaron dignidad y fin a los abusos, como ahora que no dejan de pedir una Constituci\u00f3n nada en democracia&#8221;.<br \/>\nAgreg\u00f3 que &#8220;veo en la Constituci\u00f3n un camino abierto para vivir mejor, para conquistar lo que tanto necesita Chile: M\u00e1s y mejores derechos sociales y m\u00e1s y mejor democracia&#8221;.<br \/>\nAsimismo, recalc\u00f3 que &#8220;conf\u00edo en que aprobar esta Constituci\u00f3n es el mejor punto de partida para hacer realidad lo que tanto tiempo nos fue negado&#8221; y sostuvo que &#8220;con el Apruebo es m\u00e1s f\u00e1cil conducir las transformaciones y llegar m\u00e1s lejos&#8221;.<br \/>\nLa exmandataria se alej\u00f3 as\u00ed de las posturas enunciadas antes por dos ex presidentes, el dem\u00f3crata cristiano Eduardo Frei Ru\u00ed Tagle y el socialdem\u00f3crata Ricardo Lagos.<br \/>\nLa encuesta Cadem pregunt\u00f3 por cu\u00e1l opci\u00f3n &#8220;votar\u00eda con la informaci\u00f3n que usted tiene actualmente&#8221;, el 39% de los encuestados dijo que aprobar\u00eda la propuesta de nueva Constituci\u00f3n, lo que representa un alza de dos puntos respecto al sondeo de la semana anterior.<br \/>\nFrente a la interrogante sobre &#8220;\u00bfQu\u00e9 sentimiento le produce la propuesta de nueva constituci\u00f3n elaborada por la Convenci\u00f3n Constitucional?&#8221;, el 58% expres\u00f3 preocupaci\u00f3n o temor, y el 39%, esperanza.<br \/>\nConsultados respecto a cu\u00e1l de las distintas variantes de intenci\u00f3n de voto que han surgido en el debate p\u00fablico consideran &#8220;mejor para el pa\u00eds&#8221;, el 10% respondi\u00f3 que es que el texto &#8220;se apruebe y se aplique tal y como se propuso&#8221; (-1% comparado con la \u00faltima encuesta), el 36% mencion\u00f3 que &#8220;se apruebe para despu\u00e9s reformar en lo que sea necesario&#8221; (aument\u00f3 1%).<br \/>\nEn cambio, el 31% dijo que &#8220;se rechace para que se proponga un nuevo proceso que permita tener una nueva Constituci\u00f3n&#8221; (baj\u00f3 4%) y el 21% respald\u00f3 que &#8220;se rechace y se siga con la Constituci\u00f3n actual&#8221; (creci\u00f3 3%).<br \/>\nFrente a las expectativas de qu\u00e9 opci\u00f3n cree que se impondr\u00e1 en septiembre, el 50% respondi\u00f3 que cree que ganar\u00e1 el Rechazo (retrocedi\u00f3 dos puntos), mientras el 44% se\u00f1al\u00f3 que el Apruebo (increment\u00f3 cuatro puntos).<br \/>\nEl 70% -cuatro puntos menos que la semana pasada- sigue estando de acuerdo con que se inicie un nuevo proceso constituyente si en el plebiscito vence el Rechazo a la Carta Fundamental propuesta por la Convenci\u00f3n Constitucional.<br \/>\nFrente a esa alternativa, el 71% apunt\u00f3 a un nuevo plebiscito para definir el mecanismo, y el 25%, un acuerdo pol\u00edtico entre el Congreso y el Gobierno; una Convenci\u00f3n 100% electa (36%), una Constituyente mixta con integrantes electos y nombrados por el Congreso (29%) y un comit\u00e9 de expertos electo (23%) aparecen como las principales preferencias.<br \/>\nPara algunos expertos, el resultado del Plebiscito est\u00e1 directamente ligado a la gesti\u00f3n del gobierno. La encuesta Cadem midi\u00f3 que la desaprobaci\u00f3n al gobierno del presidente Gabriel Boric cay\u00f3 del 58% al 55% mientras la aprobaci\u00f3n aument\u00f3 desde el 38% al 40%.<br \/>\nDesde el inicio de mes, la desaprobaci\u00f3n lleva tres semanas a la baja, con un retroceso total de siete puntos, y la aprobaci\u00f3n, la misma cantidad de tiempo al alza, acumulando un crecimiento de siete puntos.<\/p>\n","protected":false},"excerpt":{"rendered":"<p>&nbsp; La ex presidenta Bachelet anuncio que votar\u00e1 por la aprobaci\u00f3n. (foto: EPA) &nbsp; &#8211; Rechazo cay\u00f3 esta semana 5 puntos, \u00bfefecto Michelle Bachelet? SANTIAGO&hellip;<\/p>\n","protected":false},"author":99,"featured_media":504513,"comment_status":"open","ping_status":"open","sticky":false,"template":"","format":"standard","meta":{"footnotes":""},"categories":[23],"tags":[],"class_list":["post-504512","post","type-post","status-publish","format-standard","has-post-thumbnail","hentry","category-latinoamerica"],"_links":{"self":[{"href":"https:\/\/diarioelpopular.com\/index.php\/wp-json\/wp\/v2\/posts\/504512","targetHints":{"allow":["GET"]}}],"collection":[{"href":"https:\/\/diarioelpopular.com\/index.php\/wp-json\/wp\/v2\/posts"}],"about":[{"href":"https:\/\/diarioelpopular.com\/index.php\/wp-json\/wp\/v2\/types\/post"}],"author":[{"embeddable":true,"href":"https:\/\/diarioelpopular.com\/index.php\/wp-json\/wp\/v2\/users\/99"}],"replies":[{"embeddable":true,"href":"https:\/\/diarioelpopular.com\/index.php\/wp-json\/wp\/v2\/comments?post=504512"}],"version-history":[{"count":1,"href":"https:\/\/diarioelpopular.com\/index.php\/wp-json\/wp\/v2\/posts\/504512\/revisions"}],"predecessor-version":[{"id":504514,"href":"https:\/\/diarioelpopular.com\/index.php\/wp-json\/wp\/v2\/posts\/504512\/revisions\/504514"}],"wp:featuredmedia":[{"embeddable":true,"href":"https:\/\/diarioelpopular.com\/index.php\/wp-json\/wp\/v2\/media\/504513"}],"wp:attachment":[{"href":"https:\/\/diarioelpopular.com\/index.php\/wp-json\/wp\/v2\/media?parent=504512"}],"wp:term":[{"taxonomy":"category","embeddable":true,"href":"https:\/\/diarioelpopular.com\/index.php\/wp-json\/wp\/v2\/categories?post=504512"},{"taxonomy":"post_tag","embeddable":true,"href":"https:\/\/diarioelpopular.com\/index.php\/wp-json\/wp\/v2\/tags?post=504512"}],"curies":[{"name":"wp","href":"https:\/\/api.w.org\/{rel}","templated":true}]}}