{"id":504520,"date":"2022-07-26T09:45:20","date_gmt":"2022-07-26T13:45:20","guid":{"rendered":"https:\/\/diarioelpopular.com\/?p=504520"},"modified":"2022-07-26T09:45:20","modified_gmt":"2022-07-26T13:45:20","slug":"70-anos-de-la-muerte-de-evita-el-extraordinario-y-macabro-destino-del-cuerpo-de-eva-peron","status":"publish","type":"post","link":"https:\/\/diarioelpopular.com\/index.php\/2022\/07\/26\/70-anos-de-la-muerte-de-evita-el-extraordinario-y-macabro-destino-del-cuerpo-de-eva-peron\/","title":{"rendered":"70 a\u00f1os de la muerte de Evita: el extraordinario y macabro destino del cuerpo de Eva Per\u00f3n"},"content":{"rendered":"<p><img loading=\"lazy\" decoding=\"async\" class=\"alignnone size-custom-full-size wp-image-504526\" src=\"https:\/\/diarioelpopular.com\/wp-content\/uploads\/2022\/07\/125930240_1-636x358.jpg\" alt=\"\" width=\"636\" height=\"358\" srcset=\"https:\/\/diarioelpopular.com\/wp-content\/uploads\/2022\/07\/125930240_1-636x358.jpg 636w, https:\/\/diarioelpopular.com\/wp-content\/uploads\/2022\/07\/125930240_1-300x169.jpg 300w, https:\/\/diarioelpopular.com\/wp-content\/uploads\/2022\/07\/125930240_1-768x432.jpg 768w, https:\/\/diarioelpopular.com\/wp-content\/uploads\/2022\/07\/125930240_1-130x73.jpg 130w, https:\/\/diarioelpopular.com\/wp-content\/uploads\/2022\/07\/125930240_1.jpg 800w\" sizes=\"auto, (max-width: 636px) 100vw, 636px\" \/><\/p>\n<p><em>El cuerpo de Eva Per\u00f3n fue embalsamado tras su muerte, el 26 de julio de 1952.<\/em><\/p>\n<p>&nbsp;<\/p>\n<p><em><b>&#8211; La vida de Mar\u00eda Eva Duarte de Per\u00f3n, m\u00e1s conocida como &#8220;Evita&#8221;, fue tan m\u00edtica que inspir\u00f3 uno de los musicales m\u00e1s populares de la historia y, a 70 a\u00f1os de su muerte, la exprimera dama sigue siendo la mujer m\u00e1s famosa de Argentina.<\/b><\/em><\/p>\n<div class=\"bbc-19j92fr ebmt73l0\" dir=\"ltr\">\n<ul class=\"bbc-k0l9bd euvj3t12\" role=\"list\">\n<li class=\"bbc-1a3w4ok euvj3t11\" role=\"listitem\">Veronica Smink<\/li>\n<\/ul>\n<p class=\"bbc-hhl7in e17g058b0\" dir=\"ltr\"><em><strong>BUENOS AIRES, ARGENTINA.-<\/strong> <\/em>Pero no solo la vida de la esposa del fundador del movimiento peronista, Juan Domingo Per\u00f3n, fue legendaria. Tambi\u00e9n lo fue su muerte.<\/p>\n<\/div>\n<div class=\"bbc-19j92fr ebmt73l0\" dir=\"ltr\">\n<p class=\"bbc-hhl7in e17g058b0\" dir=\"ltr\">No nos referimos al momento en que falleci\u00f3, aquel 26 de julio de 1952 (aunque sin dudas fue un momento \u00e9pico, con dos millones de personas alineando las calles por donde pas\u00f3 su f\u00e9retro, en un velatorio que dur\u00f3 dos semanas).<\/p>\n<\/div>\n<div class=\"bbc-19j92fr ebmt73l0\" dir=\"ltr\">\n<p class=\"bbc-hhl7in e17g058b0\" dir=\"ltr\">Lo que fue casi tan novelesca como su fugaz vida fue\u00a0la odisea de m\u00e1s de 20 a\u00f1os que padeci\u00f3 su cuerpo\u00a0despu\u00e9s de fallecer.<\/p>\n<p dir=\"ltr\">Aqu\u00ed te contamos el\u00a0incre\u00edble y siniestro calvario\u00a0por el que pas\u00f3 el cad\u00e1ver de Evita hasta llegar a su lugar de reposo actual, en el cementerio m\u00e1s exclusivo de Buenos Aires, la Recoleta.<\/p>\n<div class=\"bbc-19j92fr ebmt73l0\" dir=\"ltr\">\n<h2 id=\"La-muerte\" class=\"bbc-1f03ibc eglt09e0\" tabindex=\"-1\">La muerte<\/h2>\n<\/div>\n<div class=\"bbc-19j92fr ebmt73l0\" dir=\"ltr\">\n<p class=\"bbc-hhl7in e17g058b0\" dir=\"ltr\">La exactriz convertida en &#8220;abanderada de los humildes&#8221;, que cultiv\u00f3 durante los gobiernos de su marido niveles similares de adoraci\u00f3n y odio entre los argentinos, falleci\u00f3 a los 33 a\u00f1os de un c\u00e1ncer de cuello de \u00fatero.<\/p>\n<\/div>\n<div class=\"bbc-19j92fr ebmt73l0\" dir=\"ltr\">\n<p class=\"bbc-hhl7in e17g058b0\" dir=\"ltr\">El nivel de fervor que generaba y la importancia simb\u00f3lica de Evita para el peronismo era tal que, poco antes de morir, el Congreso le hab\u00eda otorgado el t\u00edtulo de &#8220;Jefa Espiritual de la Naci\u00f3n&#8221;.<\/p>\n<\/div>\n<div class=\"bbc-19j92fr ebmt73l0\" dir=\"ltr\">\n<p class=\"bbc-hhl7in e17g058b0\" dir=\"ltr\">Per\u00f3n quer\u00eda que su esposa\u00a0fuera embalsamada\u00a0y que sus restos descansaran en el &#8220;Monumento al descamisado&#8221;, un fara\u00f3nico pante\u00f3n que iba a ser construido especialmente para ella.<\/p>\n<\/div>\n<div class=\"bbc-19j92fr ebmt73l0\" dir=\"ltr\">\n<p class=\"bbc-hhl7in e17g058b0\" dir=\"ltr\">Encomend\u00f3 la conservaci\u00f3n del cuerpo al prestigioso anatomista espa\u00f1ol Pedro Ara, quien comenz\u00f3 su tarea apenas horas despu\u00e9s de que falleciera la primera dama.<\/p>\n<\/div>\n<div class=\"bbc-19j92fr ebmt73l0\" dir=\"ltr\">\n<p class=\"bbc-hhl7in e17g058b0\" dir=\"ltr\">Sin embargo, convertir a Evita en &#8220;una estatua&#8221; -como registr\u00f3 Ara en sus memorias-, tardar\u00eda muchos meses m\u00e1s.<\/p>\n<\/div>\n<div class=\"bbc-19j92fr ebmt73l0\" dir=\"ltr\">\n<p class=\"bbc-hhl7in e17g058b0\" dir=\"ltr\">Mientras se planificaba la construcci\u00f3n del gigante mausoleo, el m\u00e9dico realizaba sus tareas en el segundo piso de la Confederaci\u00f3n General del Trabajo (CGT), la principal central sindical de Argentina, donde hab\u00eda sido llevado el cuerpo tras el hist\u00f3rico funeral.<\/p>\n<p dir=\"ltr\"><img loading=\"lazy\" decoding=\"async\" class=\"alignnone size-custom-full-size wp-image-504525\" src=\"https:\/\/diarioelpopular.com\/wp-content\/uploads\/2022\/07\/125930242_2-636x422.jpg\" alt=\"\" width=\"636\" height=\"422\" srcset=\"https:\/\/diarioelpopular.com\/wp-content\/uploads\/2022\/07\/125930242_2-636x422.jpg 636w, https:\/\/diarioelpopular.com\/wp-content\/uploads\/2022\/07\/125930242_2-300x199.jpg 300w, https:\/\/diarioelpopular.com\/wp-content\/uploads\/2022\/07\/125930242_2-768x510.jpg 768w, https:\/\/diarioelpopular.com\/wp-content\/uploads\/2022\/07\/125930242_2-85x55.jpg 85w, https:\/\/diarioelpopular.com\/wp-content\/uploads\/2022\/07\/125930242_2-110x73.jpg 110w, https:\/\/diarioelpopular.com\/wp-content\/uploads\/2022\/07\/125930242_2.jpg 800w\" sizes=\"auto, (max-width: 636px) 100vw, 636px\" \/><\/p>\n<p dir=\"ltr\"><em>El momento en el que el f\u00e9retro de Eva Per\u00f3n arrib\u00f3 al edificio de la CGT, en Buenos Aires.<\/em><\/p>\n<p dir=\"ltr\">\n<div class=\"bbc-19j92fr ebmt73l0\" dir=\"ltr\">\n<p class=\"bbc-hhl7in e17g058b0\" dir=\"ltr\">Al a\u00f1o, Ara hab\u00eda concluido su tarea, pero el mausoleo segu\u00eda siendo apenas un proyecto, por lo que el espa\u00f1ol debi\u00f3 quedar al cuidado del cad\u00e1ver embalsamado en el edificio de la CGT.<\/p>\n<\/div>\n<div class=\"bbc-19j92fr ebmt73l0\" dir=\"ltr\">\n<h2 id=\"Cae-Per\u00f3n\" class=\"bbc-1f03ibc eglt09e0\" tabindex=\"-1\">Cae Per\u00f3n<\/h2>\n<\/div>\n<div class=\"bbc-19j92fr ebmt73l0\" dir=\"ltr\">\n<p class=\"bbc-hhl7in e17g058b0\" dir=\"ltr\">Los planes dieron un inesperado giro en 1955, tres a\u00f1os despu\u00e9s de la muerte de Evita, cuando Per\u00f3n fue derrocado por un golpe militar durante la llamada &#8220;Revoluci\u00f3n Libertadora&#8221;, que proscribi\u00f3 el peronismo durante casi dos d\u00e9cadas.<\/p>\n<\/div>\n<div class=\"bbc-19j92fr ebmt73l0\" dir=\"ltr\">\n<p class=\"bbc-hhl7in e17g058b0\" dir=\"ltr\">El depuesto mandatario huy\u00f3 al exilio, pero el cuerpo de quien fuera su segunda esposa qued\u00f3 en la CGT, bajo el cuidado de Ara.<\/p>\n<\/div>\n<div class=\"bbc-19j92fr ebmt73l0\" dir=\"ltr\">\n<p class=\"bbc-hhl7in e17g058b0\" dir=\"ltr\">Lo que ocurri\u00f3 luego\u00a0se mantuvo en secreto por 16 a\u00f1os, y reci\u00e9n ser\u00eda develado d\u00e9cadas m\u00e1s tarde gracias a investigaciones period\u00edsticas y libros como el popular &#8220;Santa Evita&#8221; (1995), de Tom\u00e1s Eloy Mart\u00ednez, que\u00a0acaba de ser convertido en serie\u00a0por la plataforma Star+.<\/p>\n<\/div>\n<div class=\"bbc-19j92fr ebmt73l0\" dir=\"ltr\">\n<p class=\"bbc-hhl7in e17g058b0\" dir=\"ltr\">Uno de los trabajos m\u00e1s exhaustivos fue el del periodista, pol\u00edtico y exmilitante de la organizaci\u00f3n guerrillera peronista Montoneros Miguel Bonasso, que sirvi\u00f3 como gui\u00f3n del documental &#8220;Evita &#8211; La Tumba Sin Paz&#8221;, realizado en 1997 por el cineasta y actual ministro de Cultura de Argentina, Trist\u00e1n Bauer,<\/p>\n<\/div>\n<div class=\"bbc-19j92fr ebmt73l0\" dir=\"ltr\">\n<p class=\"bbc-hhl7in e17g058b0\" dir=\"ltr\">Seg\u00fan Bonasso, los militares que hab\u00edan destituido a Per\u00f3n quisieron verificar que el cuerpo que yac\u00eda en la CGT era efectivamente el de su mujer y que no se trataba &#8220;de una mu\u00f1eca de cera&#8221;.<\/p>\n<\/div>\n<div class=\"bbc-19j92fr ebmt73l0\" dir=\"ltr\">\n<p class=\"bbc-hhl7in e17g058b0\" dir=\"ltr\">&#8220;Para averiguarlo nombraron una comisi\u00f3n de m\u00e9dicos notables. Los notables le extrajeron un pedazo de tejido de la oreja izquierda para el examen histol\u00f3gico (y) le cortaron un dedo para la huella digital&#8221;, cuenta el documental sobre las primeras dos mutilaciones que sufrir\u00eda el cad\u00e1ver de Evita.<\/p>\n<\/div>\n<div class=\"bbc-19j92fr ebmt73l0\" dir=\"ltr\">\n<p class=\"bbc-hhl7in e17g058b0\" dir=\"ltr\">Tras realizar las pruebas, que incluyeron una serie de radiograf\u00edas, confirmaron que se trataba de la exprimera dama, a quien Ara hab\u00eda logrado conservar &#8220;con todos sus \u00f3rganos internos&#8221;.<\/p>\n<\/div>\n<div class=\"bbc-19j92fr ebmt73l0\" dir=\"ltr\">\n<p class=\"bbc-hhl7in e17g058b0\" dir=\"ltr\">El temor de que los peronistas pudieran tratar de robar el cuerpo &#8220;y usarlo como una tea para incendiar el pa\u00eds&#8221; llev\u00f3 a los militares a urdir un siniestro plan secreto:\u00a0secuestrar el cad\u00e1ver y hacerlo desaparecer.<\/p>\n<\/div>\n<div class=\"bbc-sffzb7 e1hrqbfn0\">\n<div class=\"bbc-19j92fr ebmt73l0\" dir=\"ltr\">\n<h2 id=\"No-me-olvides\" class=\"bbc-1f03ibc eglt09e0\" tabindex=\"-1\">&#8220;No me olvides&#8221;<\/h2>\n<\/div>\n<\/div>\n<div class=\"bbc-19j92fr ebmt73l0\" dir=\"ltr\">\n<p class=\"bbc-hhl7in e17g058b0\" dir=\"ltr\">El presidente de facto Pedro Eugenio Aramburu le encarg\u00f3 el operativo al teniente coronel Carlos Moori K\u00f6enig, jefe del Servicio de Inteligencia del Ej\u00e9rcito (SIE).<\/p>\n<p dir=\"ltr\"><img loading=\"lazy\" decoding=\"async\" class=\"alignnone size-custom-full-size wp-image-504524\" src=\"https:\/\/diarioelpopular.com\/wp-content\/uploads\/2022\/07\/125930243_3-636x358.jpg\" alt=\"\" width=\"636\" height=\"358\" srcset=\"https:\/\/diarioelpopular.com\/wp-content\/uploads\/2022\/07\/125930243_3-636x358.jpg 636w, https:\/\/diarioelpopular.com\/wp-content\/uploads\/2022\/07\/125930243_3-300x169.jpg 300w, https:\/\/diarioelpopular.com\/wp-content\/uploads\/2022\/07\/125930243_3-768x432.jpg 768w, https:\/\/diarioelpopular.com\/wp-content\/uploads\/2022\/07\/125930243_3-130x73.jpg 130w, https:\/\/diarioelpopular.com\/wp-content\/uploads\/2022\/07\/125930243_3.jpg 800w\" sizes=\"auto, (max-width: 636px) 100vw, 636px\" \/><\/p>\n<p dir=\"ltr\"><em>El presidente de facto Pedro Eugenio Aramburu fue un personaje clave en la historia de lo que ocurri\u00f3 con los restos de Evita.<\/em><\/p>\n<p dir=\"ltr\">\n<div class=\"bbc-19j92fr ebmt73l0\" dir=\"ltr\">\n<p class=\"bbc-hhl7in e17g058b0\" dir=\"ltr\">Seg\u00fan el historiador argentino Felipe Pigna, quien escribi\u00f3 dos libros sobre Eva Per\u00f3n, la orden era secuestrar el cuerpo y darle &#8220;cristiana sepultura, lo cual no pod\u00eda significar otra cosa que un entierro clandestino&#8221;.<\/p>\n<\/div>\n<div class=\"bbc-19j92fr ebmt73l0\" dir=\"ltr\">\n<p class=\"bbc-hhl7in e17g058b0\" dir=\"ltr\">Pero Moori K\u00f6enig desobedeci\u00f3 al presidente. Sus hombres se llevaron el cuerpo en un caj\u00f3n com\u00fan y sin identificaci\u00f3n e intentaron esconderlo en distintos puntos de Buenos Aires.<\/p>\n<\/div>\n<div class=\"bbc-19j92fr ebmt73l0\" dir=\"ltr\">\n<p class=\"bbc-hhl7in e17g058b0\" dir=\"ltr\">Sin embargo, sus movimientos eran seguidos por miembros de la naciente resistencia peronista, que vigilaba el sigiloso recorrido del cad\u00e1ver y dejaba velas y flores\u00a0-seg\u00fan Pigna eran de la planta Myosotis, m\u00e1s conocida como &#8220;no me olvides&#8221;-, indicando que sab\u00edan d\u00f3nde estaba.<\/p>\n<\/div>\n<div class=\"bbc-19j92fr ebmt73l0\" dir=\"ltr\">\n<p class=\"bbc-hhl7in e17g058b0\" dir=\"ltr\">En su p\u00e1gina web el historiador.com.ar, Pigna relat\u00f3 c\u00f3mo el creciente nerviosismo de los secuestradores termin\u00f3 provocando una tragedia, un hecho tambi\u00e9n consignado en &#8220;Santa Evita&#8221;.<\/p>\n<\/div>\n<div class=\"bbc-19j92fr ebmt73l0\" dir=\"ltr\">\n<p class=\"bbc-hhl7in e17g058b0\" dir=\"ltr\">Ocurri\u00f3 cuando Moori K\u00f6enig puso el cuerpo embalsamado al cuidado personal de su segundo, el mayor Eduardo Arand\u00eda.<\/p>\n<\/div>\n<div class=\"bbc-19j92fr ebmt73l0\" dir=\"ltr\">\n<p class=\"bbc-hhl7in e17g058b0\" dir=\"ltr\">Arand\u00eda escondi\u00f3 el caj\u00f3n de Evita en el altillo de la casa que compart\u00eda con su esposa y su peque\u00f1a hija.<\/p>\n<\/div>\n<div class=\"bbc-19j92fr ebmt73l0\" dir=\"ltr\">\n<p class=\"bbc-hhl7in e17g058b0\" dir=\"ltr\">&#8220;La paranoia no dejaba dormir al mayor Arand\u00eda&#8221;, cuenta Pigna.<\/p>\n<\/div>\n<div class=\"bbc-19j92fr ebmt73l0\" dir=\"ltr\">\n<p class=\"bbc-hhl7in e17g058b0\" dir=\"ltr\">&#8220;Una noche, escuch\u00f3 ruidos en su casa de la avenida General Paz al 500 y, creyendo que se trataba de un comando peronista que ven\u00eda a rescatar a su abanderada, tom\u00f3 su pistola 9 mil\u00edmetros y vaci\u00f3 el cargador sobre un bulto que se mov\u00eda en la oscuridad:\u00a0era su mujer embarazada, quien cay\u00f3 muerta en el acto&#8221;.<\/p>\n<\/div>\n<div class=\"bbc-19j92fr ebmt73l0\" dir=\"ltr\">\n<p class=\"bbc-hhl7in e17g058b0\" dir=\"ltr\">Despu\u00e9s de ese episodio, Moori K\u00f6enig -quien, seg\u00fan el historiador, ten\u00eda &#8220;una pasi\u00f3n enfermiza por el cad\u00e1ver&#8221;- llev\u00f3 el cuerpo de Evita a su oficina, a un peque\u00f1o cuarto al lado de su despacho, donde lo coloc\u00f3 en posici\u00f3n vertical, escondido dentro de una caja que originalmente conten\u00eda material para radiotransmisiones.<\/p>\n<\/div>\n<div class=\"bbc-19j92fr ebmt73l0\" dir=\"ltr\">\n<p class=\"bbc-hhl7in e17g058b0\" dir=\"ltr\">Pigna y Bonasso coinciden en que el coronel ten\u00eda una obsesi\u00f3n con el cad\u00e1ver de Evita, al que adem\u00e1s exhib\u00eda\u00a0&#8220;como un trofeo&#8221;.<\/p>\n<div class=\"bbc-19j92fr ebmt73l0\" dir=\"ltr\">\n<p class=\"bbc-hhl7in e17g058b0\" dir=\"ltr\">Pero una de las personas a las que mostr\u00f3 el cuerpo, la joven Mar\u00eda Luisa Bemberg -quien m\u00e1s tarde se convertir\u00eda en una premiada cineasta- qued\u00f3 horrorizada y revel\u00f3 el secreto a un amigo de su poderosa familia, quien ten\u00eda un importante cargo militar.<\/p>\n<\/div>\n<div class=\"bbc-19j92fr ebmt73l0\" dir=\"ltr\">\n<p class=\"bbc-hhl7in e17g058b0\" dir=\"ltr\">Fue as\u00ed como se enter\u00f3 del secreto el presidente Aramburu, quien relev\u00f3 a Moori K\u00f6enig y nombr\u00f3 en su lugar al teniente coronel H\u00e9ctor Cabanillas, un duro antiperonista que hab\u00eda organizado frustrados atentados contra Per\u00f3n en el exilio.<\/p>\n<\/div>\n<div class=\"bbc-19j92fr ebmt73l0\" dir=\"ltr\">\n<p class=\"bbc-hhl7in e17g058b0\" dir=\"ltr\">Cabanillas propuso sacar el cuerpo del pa\u00eds y en 1957 dio inicio al Operativo Traslado, tambi\u00e9n conocido como Operaci\u00f3n Evasi\u00f3n.<\/p>\n<\/div>\n<div class=\"bbc-19j92fr ebmt73l0\" dir=\"ltr\">\n<h2 id=\"Ayuda-del-Vaticano\" class=\"bbc-1f03ibc eglt09e0\" tabindex=\"-1\">Ayuda del Vaticano<\/h2>\n<\/div>\n<div class=\"bbc-19j92fr ebmt73l0\" dir=\"ltr\">\n<p class=\"bbc-hhl7in e17g058b0\" dir=\"ltr\">Entrevistado para el documental &#8220;Evita &#8211; La Tumba Sin Paz&#8221;, Cabanillas, quien falleci\u00f3 en 1998, explic\u00f3 que su decisi\u00f3n de llevar el cuerpo al extranjero no solo se bas\u00f3 en inteligencia que indicaba que &#8220;comandos peronistas estaban preparados para rescatar el cad\u00e1ver y usarlo como bandera pol\u00edtica para sus fines&#8221;.<\/p>\n<\/div>\n<div class=\"bbc-19j92fr ebmt73l0\" dir=\"ltr\">\n<p class=\"bbc-hhl7in e17g058b0\" dir=\"ltr\">Tambi\u00e9n tem\u00eda al &#8220;personal del gobierno que ten\u00eda intenciones de hacer desaparecer el cad\u00e1ver&#8221;, ya sea arroj\u00e1ndolo al r\u00edo\u00a0-un anticipo de los &#8220;vuelos de la muerte&#8221; de la d\u00e9cada de 1970- o haciendo &#8220;volar el edificio&#8221; del SIE para que desaparecieran los restos.<\/p>\n<\/div>\n<div class=\"bbc-19j92fr ebmt73l0\" dir=\"ltr\">\n<p class=\"bbc-hhl7in e17g058b0\" dir=\"ltr\">Se decidi\u00f3 trasladar el cuerpo a Italia, objetivo que -dijo Cabanillas- se logr\u00f3 &#8220;gracias a la activa y muy especial intervenci\u00f3n de la Iglesia (cat\u00f3lica)&#8221;.<\/p>\n<\/div>\n<div class=\"bbc-19j92fr ebmt73l0\" dir=\"ltr\">\n<p class=\"bbc-hhl7in e17g058b0\" dir=\"ltr\">&#8220;Intervino directamente un delegado de su Santidad para allanarme el camino&#8221;, cont\u00f3 el militar sobre el operativo que fue tan secreto que ni el presidente Aramburu supo los detalles.<\/p>\n<\/div>\n<div class=\"bbc-19j92fr ebmt73l0\" dir=\"ltr\">\n<p class=\"bbc-hhl7in e17g058b0\" dir=\"ltr\">El delegado del Vaticano compr\u00f3 una tumba en un cementerio comunal de Mil\u00e1n y se encarg\u00f3 de tramitar los papeles para el arribo del cuerpo.<\/p>\n<\/div>\n<div class=\"bbc-19j92fr ebmt73l0\" dir=\"ltr\">\n<p class=\"bbc-hhl7in e17g058b0\" dir=\"ltr\">En abril de 1957, el ata\u00fad de Eva Per\u00f3n fue trasladado en barco a G\u00e9nova, haci\u00e9ndolo pasar por el de una viuda italiana fallecida en Argentina llamada\u00a0Mar\u00eda Maggi de Magistris.<\/p>\n<\/div>\n<div class=\"bbc-19j92fr ebmt73l0\" dir=\"ltr\">\n<p class=\"bbc-hhl7in e17g058b0\" dir=\"ltr\">Pigna cuenta que los dos hombres encargados del traslado pasaron un susto al llegar al puerto genov\u00e9s, ya que se encontraron con una gran muchedumbre esperando el arribo del barco y temieron que fueran adoradores de Evita (quien hab\u00eda sido muy popular durante sus visitas a Italia y Espa\u00f1a en los a\u00f1os &#8217;40).<\/p>\n<\/div>\n<div class=\"bbc-19j92fr ebmt73l0\" dir=\"ltr\">\n<p class=\"bbc-hhl7in e17g058b0\" dir=\"ltr\">Result\u00f3 que en el mismo buque viajaban unas partituras de Giuseppe Verdi, que hab\u00edan sido repatriadas de Brasil y eso explicaba la multitud.<\/p>\n<\/div>\n<div class=\"bbc-19j92fr ebmt73l0\" dir=\"ltr\">\n<p class=\"bbc-hhl7in e17g058b0\" dir=\"ltr\">El f\u00e9retro fue trasladado a Mil\u00e1n, donde los restos fueron, finalmente, inhumados en el\u00a0<i class=\"bbc-h1y5j7 eih42320\">Cimitero Maggiore<\/i>.<\/p>\n<div class=\"bbc-19j92fr ebmt73l0\" dir=\"ltr\">\n<p class=\"bbc-hhl7in e17g058b0\" dir=\"ltr\">Evita pasar\u00eda 14 a\u00f1os enterrada all\u00ed\u00a0bajo esa l\u00e1pida falsa. Para no levantar sospechas, incluso se le pag\u00f3 a una religiosa llamada Giuseppina para que le llevara flores a la tumba.<\/p>\n<\/div>\n<div class=\"bbc-19j92fr ebmt73l0\" dir=\"ltr\">\n<p class=\"bbc-hhl7in e17g058b0\" dir=\"ltr\">La &#8220;t\u00eda Pina&#8221; -como la conoc\u00edan- &#8220;nunca supo que le estaba llevando flores a Eva Per\u00f3n&#8221;, cuenta Pigna, quien la entrevist\u00f3.<\/p>\n<\/div>\n<div class=\"bbc-19j92fr ebmt73l0\" dir=\"ltr\">\n<h2 id=\"Operativo-Devoluci\u00f3n\" class=\"bbc-1f03ibc eglt09e0\" tabindex=\"-1\">Operativo Devoluci\u00f3n<\/h2>\n<\/div>\n<div class=\"bbc-19j92fr ebmt73l0\" dir=\"ltr\">\n<p class=\"bbc-hhl7in e17g058b0\" dir=\"ltr\">El destino de los restos de Evita fue un misterio para los argentinos hasta 1970. Ese a\u00f1o, un grupo de j\u00f3venes Montoneros secuestr\u00f3 y asesin\u00f3 al expresidente Aramburu, acus\u00e1ndolo, entre otras cosas, de haber hecho desaparecer el cuerpo.<\/p>\n<\/div>\n<div class=\"bbc-19j92fr ebmt73l0\" dir=\"ltr\">\n<p class=\"bbc-hhl7in e17g058b0\" dir=\"ltr\">En medio de la crisis y el creciente poder de la juventud peronista, el nuevo l\u00edder militar del pa\u00eds, el general Alejandro Lanusse, propuso un &#8220;Gran Acuerdo Nacional&#8221; con Per\u00f3n, y -como prueba de buena voluntad-\u00a0ofreci\u00f3 devolverle al exiliado exmandatario los restos\u00a0de su segunda esposa.<\/p>\n<\/div>\n<div class=\"bbc-19j92fr ebmt73l0\" dir=\"ltr\">\n<p class=\"bbc-hhl7in e17g058b0\" dir=\"ltr\">Lanusse le pidi\u00f3 a Cabanillas que organizara el Operativo Devoluci\u00f3n.<\/p>\n<\/div>\n<div class=\"bbc-19j92fr ebmt73l0\" dir=\"ltr\">\n<p class=\"bbc-hhl7in e17g058b0\" dir=\"ltr\">A finales 1971 el cad\u00e1ver fue exhumado y llevado por carretera hasta la residencia de Per\u00f3n en Madrid.<\/p>\n<\/div>\n<div class=\"bbc-19j92fr ebmt73l0\" dir=\"ltr\">\n<p class=\"bbc-hhl7in e17g058b0\" dir=\"ltr\">Seg\u00fan la investigaci\u00f3n de Bonasso, all\u00ed el expresidente tom\u00f3 fotograf\u00edas del cuerpo de su exmujer que revelaban 35 lesiones diferentes. Pero esas im\u00e1genes permanecieron ocultas.<\/p>\n<\/div>\n<div class=\"bbc-19j92fr ebmt73l0\" dir=\"ltr\">\n<p class=\"bbc-hhl7in e17g058b0\" dir=\"ltr\">Bonasso tambi\u00e9n asegur\u00f3 que mientras el cad\u00e1ver permaneci\u00f3 en la residencia de Per\u00f3n en Puerta de Hierro, su joven tercera esposa, Mar\u00eda Estela Mart\u00ednez -m\u00e1s conocida como Isabel-, celebraba ceremonias secretas de transmutaci\u00f3n de poder, de la mano del &#8220;brujo&#8221; Jos\u00e9 L\u00f3pez Rega, con la intenci\u00f3n de recibir &#8220;el carisma de Evita&#8221;, pero no hay evidencia de que esto haya ocurrido.<\/p>\n<p dir=\"ltr\"><img loading=\"lazy\" decoding=\"async\" class=\"alignnone size-custom-full-size wp-image-504523\" src=\"https:\/\/diarioelpopular.com\/wp-content\/uploads\/2022\/07\/125930246_6-636x422.jpg\" alt=\"\" width=\"636\" height=\"422\" srcset=\"https:\/\/diarioelpopular.com\/wp-content\/uploads\/2022\/07\/125930246_6-636x422.jpg 636w, https:\/\/diarioelpopular.com\/wp-content\/uploads\/2022\/07\/125930246_6-300x199.jpg 300w, https:\/\/diarioelpopular.com\/wp-content\/uploads\/2022\/07\/125930246_6-768x510.jpg 768w, https:\/\/diarioelpopular.com\/wp-content\/uploads\/2022\/07\/125930246_6-85x55.jpg 85w, https:\/\/diarioelpopular.com\/wp-content\/uploads\/2022\/07\/125930246_6-110x73.jpg 110w, https:\/\/diarioelpopular.com\/wp-content\/uploads\/2022\/07\/125930246_6.jpg 800w\" sizes=\"auto, (max-width: 636px) 100vw, 636px\" \/><\/p>\n<p dir=\"ltr\"><em>Isabel Per\u00f3n junto con su mano derecha, Jos\u00e9 L\u00f3pez Rega, conocido como &#8220;el brujo&#8221; por su afinidad al esoterismo.<\/em><\/p>\n<p dir=\"ltr\">\n<div class=\"bbc-19j92fr ebmt73l0\" dir=\"ltr\">\n<p class=\"bbc-hhl7in e17g058b0\" dir=\"ltr\">Tras el regreso de los Per\u00f3n a Argentina, en 1973, y el triunfo en los comicios de ese a\u00f1o, con Isabel como vicepresidenta, creci\u00f3 la presi\u00f3n para que se repatriaran los restos de Evita.<\/p>\n<\/div>\n<div class=\"bbc-19j92fr ebmt73l0\" dir=\"ltr\">\n<p class=\"bbc-hhl7in e17g058b0\" dir=\"ltr\">Pero eso no ocurri\u00f3 hasta despu\u00e9s de la muerte del fundador del peronismo, en 1974.<\/p>\n<\/div>\n<div class=\"bbc-19j92fr ebmt73l0\" dir=\"ltr\">\n<p class=\"bbc-hhl7in e17g058b0\" dir=\"ltr\">En\u00a0un macabro toma y daca, lo que finalmente hizo que el cuerpo embalsamado de Eva Per\u00f3n volviera a Argentina fue el robo de otro cad\u00e1ver: el del hombre que hab\u00eda encargado su secuestro, Aramburu.<\/p>\n<\/div>\n<div class=\"bbc-19j92fr ebmt73l0\" dir=\"ltr\">\n<p class=\"bbc-hhl7in e17g058b0\" dir=\"ltr\">El mismo grupo guerrillero que lo hab\u00eda ejecutado sustrajo su cuerpo del cementerio de la Recoleta y exigi\u00f3 como rescate que el flamante gobierno de Isabel Per\u00f3n trajera de regreso a &#8220;la compa\u00f1era Evita&#8221;.<\/p>\n<\/div>\n<div class=\"bbc-19j92fr ebmt73l0\" dir=\"ltr\">\n<p class=\"bbc-hhl7in e17g058b0\" dir=\"ltr\">Ello ocurri\u00f3, y en noviembre de 1974 el cuerpo de la exprimera dama\u00a0volvi\u00f3\u00a0definitivamente a su pa\u00eds, donde fue momificado, restaurado y exhibido junto con el de su marido -\u00e9l, a caj\u00f3n cerrado- en la cripta f\u00fanebre de la residencia presidencial de Olivos.<\/p>\n<p dir=\"ltr\"><img loading=\"lazy\" decoding=\"async\" class=\"alignnone size-custom-full-size wp-image-504522\" src=\"https:\/\/diarioelpopular.com\/wp-content\/uploads\/2022\/07\/125930247_7-636x487.jpg\" alt=\"\" width=\"636\" height=\"487\" srcset=\"https:\/\/diarioelpopular.com\/wp-content\/uploads\/2022\/07\/125930247_7-636x487.jpg 636w, https:\/\/diarioelpopular.com\/wp-content\/uploads\/2022\/07\/125930247_7-300x230.jpg 300w, https:\/\/diarioelpopular.com\/wp-content\/uploads\/2022\/07\/125930247_7-768x588.jpg 768w, https:\/\/diarioelpopular.com\/wp-content\/uploads\/2022\/07\/125930247_7-95x73.jpg 95w, https:\/\/diarioelpopular.com\/wp-content\/uploads\/2022\/07\/125930247_7.jpg 800w\" sizes=\"auto, (max-width: 636px) 100vw, 636px\" \/><\/p>\n<p dir=\"ltr\"><em>Los restos de Evita finalmente fueron exhibidos al p\u00fablico 22 a\u00f1os despu\u00e9s de su muerte, junto con el f\u00e9retro de su marido.<\/em><\/p>\n<p dir=\"ltr\">\n<div class=\"bbc-19j92fr ebmt73l0\" dir=\"ltr\">\n<p class=\"bbc-hhl7in e17g058b0\" dir=\"ltr\">La idea de Isabel era crear un gran mausoleo -el Altar de la Patria- para albergar los restos de ambos y el de otros pr\u00f3ceres nacionales, pero ese proyecto tambi\u00e9n qued\u00f3 truncado.<\/p>\n<\/div>\n<div class=\"bbc-19j92fr ebmt73l0\" dir=\"ltr\">\n<p class=\"bbc-hhl7in e17g058b0\" dir=\"ltr\">Tras menos de dos a\u00f1os de gobierno los militares la derrocaron, y regresaron al poder en Argentina, dando pie al r\u00e9gimen m\u00e1s sangriento que tuvo el pa\u00eds.<\/p>\n<\/div>\n<div class=\"bbc-19j92fr ebmt73l0\" dir=\"ltr\">\n<p class=\"bbc-hhl7in e17g058b0\" dir=\"ltr\">El nuevo gobierno de facto\u00a0entreg\u00f3 los restos de Eva a la familia Duarte, quien la sepult\u00f3, bajo estrictas normas de seguridad en su b\u00f3veda familiar en la Recoleta, donde ya yac\u00edan su madre y su querido hermano Juan.<\/p>\n<\/div>\n<div class=\"bbc-19j92fr ebmt73l0\" dir=\"ltr\">\n<p class=\"bbc-hhl7in e17g058b0\" dir=\"ltr\">Fue as\u00ed como la &#8220;abanderada de los humildes&#8221; termin\u00f3 en una tumba del\u00a0cementerio m\u00e1s caro y exclusivo de Buenos Aires, que a\u00fan hoy, a 70 a\u00f1os de su muerte, sigue siendo\u00a0la m\u00e1s visitada.<\/p>\n<p dir=\"ltr\"><img loading=\"lazy\" decoding=\"async\" class=\"alignnone size-custom-full-size wp-image-504521\" src=\"https:\/\/diarioelpopular.com\/wp-content\/uploads\/2022\/07\/125930248_8-636x422.jpg\" alt=\"\" width=\"636\" height=\"422\" srcset=\"https:\/\/diarioelpopular.com\/wp-content\/uploads\/2022\/07\/125930248_8-636x422.jpg 636w, https:\/\/diarioelpopular.com\/wp-content\/uploads\/2022\/07\/125930248_8-300x199.jpg 300w, https:\/\/diarioelpopular.com\/wp-content\/uploads\/2022\/07\/125930248_8-768x510.jpg 768w, https:\/\/diarioelpopular.com\/wp-content\/uploads\/2022\/07\/125930248_8-85x55.jpg 85w, https:\/\/diarioelpopular.com\/wp-content\/uploads\/2022\/07\/125930248_8-110x73.jpg 110w, https:\/\/diarioelpopular.com\/wp-content\/uploads\/2022\/07\/125930248_8.jpg 800w\" sizes=\"auto, (max-width: 636px) 100vw, 636px\" \/><\/p>\n<\/div>\n<\/div>\n<\/div>\n<\/div>\n<\/div>\n<\/div>\n<\/div>\n<\/div>\n","protected":false},"excerpt":{"rendered":"<p>El cuerpo de Eva Per\u00f3n fue embalsamado tras su muerte, el 26 de julio de 1952. &nbsp; &#8211; La vida de Mar\u00eda Eva Duarte de&hellip;<\/p>\n","protected":false},"author":99,"featured_media":504526,"comment_status":"open","ping_status":"open","sticky":false,"template":"","format":"standard","meta":{"footnotes":""},"categories":[11358,23],"tags":[],"class_list":["post-504520","post","type-post","status-publish","format-standard","has-post-thumbnail","hentry","category-especiales","category-latinoamerica"],"_links":{"self":[{"href":"https:\/\/diarioelpopular.com\/index.php\/wp-json\/wp\/v2\/posts\/504520","targetHints":{"allow":["GET"]}}],"collection":[{"href":"https:\/\/diarioelpopular.com\/index.php\/wp-json\/wp\/v2\/posts"}],"about":[{"href":"https:\/\/diarioelpopular.com\/index.php\/wp-json\/wp\/v2\/types\/post"}],"author":[{"embeddable":true,"href":"https:\/\/diarioelpopular.com\/index.php\/wp-json\/wp\/v2\/users\/99"}],"replies":[{"embeddable":true,"href":"https:\/\/diarioelpopular.com\/index.php\/wp-json\/wp\/v2\/comments?post=504520"}],"version-history":[{"count":1,"href":"https:\/\/diarioelpopular.com\/index.php\/wp-json\/wp\/v2\/posts\/504520\/revisions"}],"predecessor-version":[{"id":504527,"href":"https:\/\/diarioelpopular.com\/index.php\/wp-json\/wp\/v2\/posts\/504520\/revisions\/504527"}],"wp:featuredmedia":[{"embeddable":true,"href":"https:\/\/diarioelpopular.com\/index.php\/wp-json\/wp\/v2\/media\/504526"}],"wp:attachment":[{"href":"https:\/\/diarioelpopular.com\/index.php\/wp-json\/wp\/v2\/media?parent=504520"}],"wp:term":[{"taxonomy":"category","embeddable":true,"href":"https:\/\/diarioelpopular.com\/index.php\/wp-json\/wp\/v2\/categories?post=504520"},{"taxonomy":"post_tag","embeddable":true,"href":"https:\/\/diarioelpopular.com\/index.php\/wp-json\/wp\/v2\/tags?post=504520"}],"curies":[{"name":"wp","href":"https:\/\/api.w.org\/{rel}","templated":true}]}}