{"id":50454,"date":"2012-01-06T23:45:22","date_gmt":"2012-01-07T04:45:22","guid":{"rendered":"http:\/\/diarioelpopular.com\/?p=50454"},"modified":"2012-01-06T23:45:22","modified_gmt":"2012-01-07T04:45:22","slug":"brasil-acabo-2011-con-la-mayor-inflacion-en-siete-anos","status":"publish","type":"post","link":"https:\/\/diarioelpopular.com\/index.php\/2012\/01\/06\/brasil-acabo-2011-con-la-mayor-inflacion-en-siete-anos\/","title":{"rendered":"Brasil acab\u00f3 2011 con la mayor inflaci\u00f3n en siete a\u00f1os"},"content":{"rendered":"<div id=\"attachment_50455\" style=\"width: 310px\" class=\"wp-caption alignright\"><a href=\"https:\/\/diarioelpopular.com\/wp-content\/uploads\/2012\/01\/Dilma-Rousseff-presidenta-de-Brasil.jpg\"><img loading=\"lazy\" decoding=\"async\" aria-describedby=\"caption-attachment-50455\" class=\"size-medium wp-image-50455\" title=\"Dilma Rousseff, presidenta de Brasil\" src=\"https:\/\/diarioelpopular.com\/wp-content\/uploads\/2012\/01\/Dilma-Rousseff-presidenta-de-Brasil-300x180.jpg\" alt=\"\" width=\"300\" height=\"180\" \/><\/a><p id=\"caption-attachment-50455\" class=\"wp-caption-text\">Dilma Rousseff, presidenta de Brasil<\/p><\/div>\n<p><em><strong>Efe. R\u00edo de Janeiro (Brasil).-<\/strong><\/em>\u00a0Brasil\u00a0termin\u00f3 2011 con una inflaci\u00f3n del 6,50 por ciento, la mayor para un a\u00f1o desde 2004 (7,60 por ciento) y m\u00e1s de medio porcentual por encima de la de 2010 (5,91 por ciento), inform\u00f3 este viernes el Gobierno.<\/p>\n<p>Adem\u00e1s de haber sido la mayor tasa en los \u00faltimos siete a\u00f1os, la inflaci\u00f3n se ubic\u00f3 exactamente en el techo de la meta que se impuso el Gobierno para 2011, seg\u00fan los datos divulgados por el estatal Instituto Brasile\u00f1o de Geograf\u00eda y Estad\u00edsticas.<\/p>\n<p>A partir de 2005 y hasta el 2013 el Gobierno se impuso la meta de alcanzar una inflaci\u00f3n del 4,50 por ciento anual, pero ese objetivo admite un margen de tolerancia de dos puntos porcentuales hacia arriba o hacia abajo, por lo que puede llegar a un m\u00e1ximo del 6,50 por ciento.<\/p>\n<p>Como el \u00edndice de precios se ubic\u00f3 exactamente en el techo tolerado, el Gobierno asegur\u00f3 haber cumplido su meta por octavo a\u00f1o consecutivo, lo que evit\u00f3 que el Banco Central fuese obligado a presentar ante el Ministerio de Hacienda una explicaci\u00f3n oficial, con detalles sobre lo ocurrido y medidas para corregir el rumbo.<\/p>\n<p>Desde que cre\u00f3 el sistema de metas de inflaci\u00f3n, en 1999, la tasa apenas super\u00f3 el objetivo propuesto en 2001, 2002 y 2003.<\/p>\n<p>Pese a que la inflaci\u00f3n aument\u00f3 en 2011 con respecto a 2010, el pa\u00eds termin\u00f3 el a\u00f1o con una menor presi\u00f3n sobre los precios. La inflaci\u00f3n en diciembre de 2011 fue del 0,50 por ciento, por debajo del 0,52 por ciento medido en noviembre del a\u00f1o pasado y del 0,63 por ciento del mismo mes de 2010.<\/p>\n<p>&#8220;La subida de los precios se concentr\u00f3 en el primer trimestre de 2011, cuando la tasa subi\u00f3 un 2,44 por ciento debido principalmente a la elevaci\u00f3n de las tarifas del grupo educaci\u00f3n (matr\u00edculas y material escolar), as\u00ed como a los aumentos de los precios de los alimentos y de las tarifas de autob\u00fas&#8221;, explic\u00f3 la economista Eulina Nunes dos Santos, coordinadora de los estudios sobre inflaci\u00f3n del organismo estatal.<\/p>\n<p>&#8220;En el segundo trimestre los alimentos siguieron presionando la inflaci\u00f3n, pero de forma menos fuerte. En el tercer trimestre la presi\u00f3n ya fue mucho menor&#8221;, agreg\u00f3.<\/p>\n<p>&#8220;La inflaci\u00f3n est\u00e1 en trayectoria descendiente y termin\u00f3 2011 en 6,5 por ciento tras haber alcanzado un \u00edndice interanual del 7,3 por ciento al final del tercer trimestre&#8221;, aleg\u00f3 el presidente del Banco Central, Alexandre Tomini, en un comunicado.<\/p>\n<p>El presidente del organismo emisor agreg\u00f3 que &#8220;otros indicadores refuerzan la percepci\u00f3n de significativo enfriamiento de las presiones inflacionarias&#8221;.<\/p>\n<p>De acuerdo con Tombini, la inflaci\u00f3n retroceder\u00e1 a lo largo de 2012 y se dirigir\u00e1 hacia niveles m\u00e1s pr\u00f3ximos al centro de la meta oficial.<\/p>\n<p>El organismo prev\u00e9 que la inflaci\u00f3n se ubicar\u00e1 en el 4,7 por ciento tanto en 2012 como en 2013, pero los economistas de los bancos privados proyectan una tasa del 5,32 por ciento para este a\u00f1o.<\/p>\n<p>Los precios de los alimentos, que hab\u00edan subido un 10,39 por ciento en 2010, acumularon un incremento del 7,18 por ciento el a\u00f1o pasado. Pese a ello los alimentos fueron el sector con mayor impacto sobre la inflaci\u00f3n en 2011.<\/p>\n","protected":false},"excerpt":{"rendered":"<p>Brasil termin\u00f3 2011 con una inflaci\u00f3n del 6,50 por ciento, la mayor para un a\u00f1o desde 2004 (7,60 por ciento) y m\u00e1s de medio porcentual por encima de la de 2010 (5,91 por ciento).<\/p>\n","protected":false},"author":1,"featured_media":50455,"comment_status":"closed","ping_status":"open","sticky":false,"template":"","format":"standard","meta":{"footnotes":""},"categories":[23],"tags":[478,479],"class_list":["post-50454","post","type-post","status-publish","format-standard","has-post-thumbnail","hentry","category-latinoamerica","tag-brasil","tag-inflacion"],"_links":{"self":[{"href":"https:\/\/diarioelpopular.com\/index.php\/wp-json\/wp\/v2\/posts\/50454","targetHints":{"allow":["GET"]}}],"collection":[{"href":"https:\/\/diarioelpopular.com\/index.php\/wp-json\/wp\/v2\/posts"}],"about":[{"href":"https:\/\/diarioelpopular.com\/index.php\/wp-json\/wp\/v2\/types\/post"}],"author":[{"embeddable":true,"href":"https:\/\/diarioelpopular.com\/index.php\/wp-json\/wp\/v2\/users\/1"}],"replies":[{"embeddable":true,"href":"https:\/\/diarioelpopular.com\/index.php\/wp-json\/wp\/v2\/comments?post=50454"}],"version-history":[{"count":0,"href":"https:\/\/diarioelpopular.com\/index.php\/wp-json\/wp\/v2\/posts\/50454\/revisions"}],"wp:featuredmedia":[{"embeddable":true,"href":"https:\/\/diarioelpopular.com\/index.php\/wp-json\/"}],"wp:attachment":[{"href":"https:\/\/diarioelpopular.com\/index.php\/wp-json\/wp\/v2\/media?parent=50454"}],"wp:term":[{"taxonomy":"category","embeddable":true,"href":"https:\/\/diarioelpopular.com\/index.php\/wp-json\/wp\/v2\/categories?post=50454"},{"taxonomy":"post_tag","embeddable":true,"href":"https:\/\/diarioelpopular.com\/index.php\/wp-json\/wp\/v2\/tags?post=50454"}],"curies":[{"name":"wp","href":"https:\/\/api.w.org\/{rel}","templated":true}]}}