{"id":504571,"date":"2022-07-28T09:57:32","date_gmt":"2022-07-28T13:57:32","guid":{"rendered":"https:\/\/diarioelpopular.com\/?p=504571"},"modified":"2022-07-28T09:57:32","modified_gmt":"2022-07-28T13:57:32","slug":"ahorrar-gastando-por-que-en-argentina-muchos-consideran-una-mejor-inversion-consumir-su-dinero-que-guardarlo","status":"publish","type":"post","link":"https:\/\/diarioelpopular.com\/index.php\/2022\/07\/28\/ahorrar-gastando-por-que-en-argentina-muchos-consideran-una-mejor-inversion-consumir-su-dinero-que-guardarlo\/","title":{"rendered":"&#8220;Ahorrar gastando&#8221;: por qu\u00e9 en Argentina muchos consideran una mejor inversi\u00f3n consumir su dinero que guardarlo"},"content":{"rendered":"<p>&nbsp;<\/p>\n<p><img loading=\"lazy\" decoding=\"async\" class=\"alignnone size-custom-full-size wp-image-504572\" src=\"https:\/\/diarioelpopular.com\/wp-content\/uploads\/2022\/07\/126020455_1-636x358.jpg\" alt=\"\" width=\"636\" height=\"358\" srcset=\"https:\/\/diarioelpopular.com\/wp-content\/uploads\/2022\/07\/126020455_1-636x358.jpg 636w, https:\/\/diarioelpopular.com\/wp-content\/uploads\/2022\/07\/126020455_1-300x169.jpg 300w, https:\/\/diarioelpopular.com\/wp-content\/uploads\/2022\/07\/126020455_1-768x432.jpg 768w, https:\/\/diarioelpopular.com\/wp-content\/uploads\/2022\/07\/126020455_1-130x73.jpg 130w, https:\/\/diarioelpopular.com\/wp-content\/uploads\/2022\/07\/126020455_1.jpg 800w\" sizes=\"auto, (max-width: 636px) 100vw, 636px\" \/><\/p>\n<p>&nbsp;<\/p>\n<div class=\"bbc-19j92fr ebmt73l0\" dir=\"ltr\">\n<p class=\"bbc-hhl7in e17g058b0\" dir=\"ltr\"><em><b>&#8211; Acostumbrados a lidiar con una de las inflaciones m\u00e1s altas del mundo y una de las monedas m\u00e1s devaluadas, los argentinos est\u00e1n habituados a desplegar toda una serie de estrategias para hacer rendir sus ingresos mensuales.<\/b><\/em><\/p>\n<ul class=\"bbc-k0l9bd euvj3t12\" role=\"list\">\n<li class=\"bbc-1a3w4ok euvj3t11\" role=\"listitem\">Veronica Smink<\/li>\n<\/ul>\n<\/div>\n<div class=\"bbc-19j92fr ebmt73l0\" dir=\"ltr\">\n<p class=\"bbc-hhl7in e17g058b0\" dir=\"ltr\">En este pa\u00eds, algo tan sencillo como hacer las compras semanales requiere m\u00e1s t\u00e1cticas que un juego de estrategia.<\/p>\n<\/div>\n<div class=\"bbc-19j92fr ebmt73l0\" dir=\"ltr\">\n<p class=\"bbc-hhl7in e17g058b0\" dir=\"ltr\">No es cuesti\u00f3n de agarrar las bolsas o el carrito e ir a la tienda m\u00e1s cercana a buscar lo que se necesita.<\/p>\n<\/div>\n<div class=\"bbc-19j92fr ebmt73l0\" dir=\"ltr\">\n<p class=\"bbc-hhl7in e17g058b0\" dir=\"ltr\">No. Ac\u00e1 primero se sientan a planificar qu\u00e9 d\u00eda ir a qu\u00e9 supermercado para comprar qu\u00e9 producto y as\u00ed poder aprovechar las mejores ofertas, descuentos y formas de pago que ofrecen desde supermercados y bancos hasta los principales diarios del pa\u00eds.<\/p>\n<p dir=\"ltr\">Pero la aceleraci\u00f3n de la inflaci\u00f3n en 2022, que ya alcanza el 64% interanual\u00a0y sigue en aumento, y la r\u00e1pida depreciaci\u00f3n del peso, que perdi\u00f3 un cuarto de su valor contra el d\u00f3lar en los primeros seis meses del a\u00f1o, ha hecho que los argentinos tengan que agudizar a\u00fan m\u00e1s su ingenio a la hora de manejar sus finanzas.<\/p>\n<div class=\"bbc-19j92fr ebmt73l0\" dir=\"ltr\">\n<p class=\"bbc-hhl7in e17g058b0\" dir=\"ltr\">Ahora no solo tienen que pensar cu\u00e1l es la forma m\u00e1s eficiente de gastar su dinero.<\/p>\n<\/div>\n<div class=\"bbc-19j92fr ebmt73l0\" dir=\"ltr\">\n<p class=\"bbc-hhl7in e17g058b0\" dir=\"ltr\">Tambi\u00e9n tienen que descifrar de qu\u00e9 forma\u00a0resguardar el valor de sus ahorros\u00a0(si logran tener alg\u00fan sobrante a fin de mes).<\/p>\n<\/div>\n<div class=\"bbc-19j92fr ebmt73l0\" dir=\"ltr\">\n<p class=\"bbc-hhl7in e17g058b0\" dir=\"ltr\">Y es que las formas tradicionales de atesoramiento hoy est\u00e1n limitadas o no son rentables.<\/p>\n<\/div>\n<div class=\"bbc-19j92fr ebmt73l0\" dir=\"ltr\">\n<p class=\"bbc-hhl7in e17g058b0\" dir=\"ltr\">Los argentinos tradicionalmente\u00a0se vuelcan al d\u00f3lar\u00a0como moneda de reserva o colocan sus pesos en plazos fijos.<\/p>\n<\/div>\n<div class=\"bbc-19j92fr ebmt73l0\" dir=\"ltr\">\n<p class=\"bbc-hhl7in e17g058b0\" dir=\"ltr\">Pero fuertes controles de capital -conocidos aqu\u00ed como &#8220;cepos&#8221;- han restringido much\u00edsimo el acceso al billete verde.<\/p>\n<p dir=\"ltr\">Hoy no se pueden comprar d\u00f3lares a su valor oficial (cercano a los 135 pesos). Para adquirir moneda estadounidense hay que pagar tasas del 65%, y lo m\u00e1ximo que se pueden comprar son\u00a0US$200 por mes\u00a0(algo solo permitido a quienes cobran en blanco y trabajan para empresas que no recibieron ayuda financiera del Estado durante la pandemia).<\/p>\n<div class=\"bbc-19j92fr ebmt73l0\" dir=\"ltr\">\n<p class=\"bbc-hhl7in e17g058b0\" dir=\"ltr\">Acudir al mercado informal -como hasta ahora era costumbre para muchas personas de clase media o alta- tampoco es una alternativa para la mayor\u00eda, debido a la vertiginosa escalada del billete estadounidense, que ya super\u00f3 la barrera de los\u00a0$330, una cotizaci\u00f3n r\u00e9cord\u00a0que lo hace inaccesible para el com\u00fan de la gente.<\/p>\n<\/div>\n<div class=\"bbc-19j92fr ebmt73l0\" dir=\"ltr\">\n<p class=\"bbc-hhl7in e17g058b0\" dir=\"ltr\">En tanto, con intereses por debajo de la inflaci\u00f3n, los plazos fijos resultan poco atractivos y, aunque existen algunos que se ajustan por inflaci\u00f3n, hay muchas trabas para acceder a ellos.<\/p>\n<\/div>\n<div class=\"bbc-19j92fr ebmt73l0\" dir=\"ltr\">\n<p class=\"bbc-hhl7in e17g058b0\" dir=\"ltr\">Ante este escenario, quienes tienen salarios con&#8221;paritarias&#8221;(o aumentos por inflaci\u00f3n), y pueden llegar a fin de mes con algo de dinero en sus bolsillos, optan crecientemente por hacer algo que, a primera vista,\u00a0suena como un ox\u00edmoron econ\u00f3mico: ahorrar gastando.<\/p>\n<\/div>\n<div class=\"bbc-19j92fr ebmt73l0\" dir=\"ltr\">\n<p class=\"bbc-hhl7in e17g058b0\" dir=\"ltr\">En vez de comprar d\u00f3lares o depositar su excedente de pesos en el banco, muchos consideran una mejor inversi\u00f3n usarlos para adquirir productos que duran, desde latas de at\u00fan, shampoo y botellas de vino hasta bienes durables como ropa, celulares, electrodom\u00e9sticos y motocicletas.<\/p>\n<div class=\"bbc-sffzb7 e1hrqbfn0\">\n<div class=\"bbc-19j92fr ebmt73l0\" dir=\"ltr\">\n<h2 id=\"Pesos-que-queman\" class=\"bbc-1f03ibc eglt09e0\" tabindex=\"-1\">Pesos que &#8220;queman&#8221;<\/h2>\n<\/div>\n<\/div>\n<div class=\"bbc-19j92fr ebmt73l0\" dir=\"ltr\">\n<p class=\"bbc-hhl7in e17g058b0\" dir=\"ltr\">Luis, un pizzero de 35 a\u00f1os, analiza cuidadosamente una vidriera que est\u00e1 llena de m\u00e1quinas para cortar el pelo en una popular calle comercial de San Fernando, un barrio de clase media en las afueras de Buenos Aires.<\/p>\n<\/div>\n<div class=\"bbc-19j92fr ebmt73l0\" dir=\"ltr\">\n<p class=\"bbc-hhl7in e17g058b0\" dir=\"ltr\">Le cuenta a BBC Mundo que planea comprarse una que vale $3.000.<\/p>\n<\/div>\n<div class=\"bbc-19j92fr ebmt73l0\" dir=\"ltr\">\n<p class=\"bbc-hhl7in e17g058b0\" dir=\"ltr\">&#8220;Prefiero comprarlo ahora antes de que valga $6.000&#8221;, afirma.<\/p>\n<\/div>\n<div class=\"bbc-19j92fr ebmt73l0\" dir=\"ltr\">\n<p class=\"bbc-hhl7in e17g058b0\" dir=\"ltr\">&#8220;Es mejor negocio que comprar d\u00f3lares&#8221;, razona.<\/p>\n<\/div>\n<div class=\"bbc-19j92fr ebmt73l0\" dir=\"ltr\">\n<p class=\"bbc-hhl7in e17g058b0\" dir=\"ltr\">&#8220;Se lo conoce como la fuga del consumo&#8221;, explica el economista Santiago Manoukian de la consultora Ecolatina.<\/p>\n<\/div>\n<div class=\"bbc-19j92fr ebmt73l0\" dir=\"ltr\">\n<p class=\"bbc-hhl7in e17g058b0\" dir=\"ltr\">&#8220;La gente que tiene pesos\u00a0intenta sac\u00e1rselos de encima porque queman, entonces los usan para consumir bienes, en especial los que tienen muchos componentes importados, y as\u00ed mantienen el valor de su dinero&#8221;, se\u00f1al\u00f3.<\/p>\n<div class=\"bbc-19j92fr ebmt73l0\" dir=\"ltr\">\n<p class=\"bbc-hhl7in e17g058b0\" dir=\"ltr\">\u00bfPor qu\u00e9 queman los pesos argentinos? Por un lado, por la inflaci\u00f3n mensual, que viene oscilando\u00a0entre el 5% y el 8%, y hace que pierdan valor r\u00e1pidamente.<\/p>\n<\/div>\n<div class=\"bbc-19j92fr ebmt73l0\" dir=\"ltr\">\n<p class=\"bbc-hhl7in e17g058b0\" dir=\"ltr\">Pero tambi\u00e9n porque la suba tan pronunciada del d\u00f3lar informal o &#8220;blue&#8221;, que aument\u00f3 casi $100 en lo que va de julio y ya cotiza casi 150% por encima del valor del d\u00f3lar oficial, aumenta las\u00a0presiones para que haya una devaluaci\u00f3n\u00a0fuerte del peso, aunque las autoridades aseguran que esto no ocurrir\u00e1.<\/p>\n<\/div>\n<div class=\"bbc-19j92fr ebmt73l0\" dir=\"ltr\">\n<p class=\"bbc-hhl7in e17g058b0\" dir=\"ltr\">Es esa combinaci\u00f3n de\u00a0inflaci\u00f3n acelerada y expectativa de devaluaci\u00f3n\u00a0lo que lleva a muchos, como Luis, a\u00a0adelantar consumos\u00a0que creen van a estar m\u00e1s caros en el futuro pr\u00f3ximo.<\/p>\n<\/div>\n<div class=\"bbc-19j92fr ebmt73l0\" dir=\"ltr\">\n<p class=\"bbc-hhl7in e17g058b0\" dir=\"ltr\">&#8220;Ahora lo puedo comprar, capaz el mes que viene sale doble y ya no voy a poder llegar&#8221;, nos dice.<\/p>\n<\/div>\n<div class=\"bbc-19j92fr ebmt73l0\" dir=\"ltr\">\n<p class=\"bbc-hhl7in e17g058b0\" dir=\"ltr\">Seg\u00fan Manoukian, &#8220;el ahorro y la inversi\u00f3n no son m\u00e1s que sacrificar consumo presente para tener mayor consumo en el futuro. Pero si vos no ten\u00e9s esa percepci\u00f3n, si el horizonte se te acorta cada vez m\u00e1s, como viene pasando ac\u00e1, lo m\u00e1s probable es que tomes una actitud de gastar ahora, no gastar despu\u00e9s&#8221;.<\/p>\n<\/div>\n<div class=\"bbc-19j92fr ebmt73l0\" dir=\"ltr\">\n<h2 id=\"Gastar-ahora\" class=\"bbc-1f03ibc eglt09e0\" tabindex=\"-1\">&#8220;Gastar ahora&#8221;<\/h2>\n<\/div>\n<div class=\"bbc-19j92fr ebmt73l0\" dir=\"ltr\">\n<p class=\"bbc-hhl7in e17g058b0\" dir=\"ltr\">Daniel es due\u00f1o desde hace 30 a\u00f1os de una tienda de productos para el hogar y cuenta a BBC Mundo que la demanda, en especial de electrodom\u00e9sticos, es alta.<\/p>\n<\/div>\n<div class=\"bbc-19j92fr ebmt73l0\" dir=\"ltr\">\n<p class=\"bbc-hhl7in e17g058b0\" dir=\"ltr\">&#8220;Hace tiempo vemos que la gente llega\u00a0desesperada por sacarse de encima sus pesos, porque saben que el mes siguiente van a perder valor&#8221;, se\u00f1ala.<\/p>\n<div class=\"bbc-19j92fr ebmt73l0\" dir=\"ltr\">\n<p class=\"bbc-hhl7in e17g058b0\" dir=\"ltr\">Daniel afirma que la mayor\u00eda de sus consumidores no son personas de alto poder adquisitivo.<\/p>\n<\/div>\n<div class=\"bbc-19j92fr ebmt73l0\" dir=\"ltr\">\n<p class=\"bbc-hhl7in e17g058b0\" dir=\"ltr\">&#8220;Es gente de\u00a0clase media y clase media baja, y los productos que m\u00e1s buscan son cocinas, lavarropas, heladeras, alg\u00fan que otro televisor y celulares, bienes que hoy para muchos son pr\u00e1cticamente de lujo&#8221;.<\/p>\n<\/div>\n<div class=\"bbc-19j92fr ebmt73l0\" dir=\"ltr\">\n<p class=\"bbc-hhl7in e17g058b0\" dir=\"ltr\">Pero \u00bfc\u00f3mo hace alguien de clase media o media baja para costear el precio de estos aparatos &#8220;de lujo&#8221;?<\/p>\n<\/div>\n<div class=\"bbc-19j92fr ebmt73l0\" dir=\"ltr\">\n<p class=\"bbc-hhl7in e17g058b0\" dir=\"ltr\">La mayor\u00eda lo financia.<\/p>\n<div class=\"bbc-19j92fr ebmt73l0\" dir=\"ltr\">\n<p class=\"bbc-hhl7in e17g058b0\" dir=\"ltr\">&#8220;En general pagan con tarjetas de cr\u00e9dito, aprovechando los\u00a0planes de 6, 12 o 18 cuotas que ofrece el gobierno&#8221;, dice el comerciante.<\/p>\n<\/div>\n<div class=\"bbc-19j92fr ebmt73l0\" dir=\"ltr\">\n<p class=\"bbc-hhl7in e17g058b0\" dir=\"ltr\">Aunque los planes en cuotas tienen intereses, el monto es menor a la inflaci\u00f3n anual, lo que los hace convenientes, explica.<\/p>\n<\/div>\n<div class=\"bbc-19j92fr ebmt73l0\" dir=\"ltr\">\n<h2 id=\"Boom-del-consumo\" class=\"bbc-1f03ibc eglt09e0\" tabindex=\"-1\">Boom del consumo<\/h2>\n<\/div>\n<div class=\"bbc-19j92fr ebmt73l0\" dir=\"ltr\">\n<p class=\"bbc-hhl7in e17g058b0\" dir=\"ltr\">La fuerte demanda, facilitada por estos planes de financiamiento, ha llevado a un verdadero auge del consumo.<\/p>\n<\/div>\n<div class=\"bbc-19j92fr ebmt73l0\" dir=\"ltr\">\n<p class=\"bbc-hhl7in e17g058b0\" dir=\"ltr\">El consumo privado creci\u00f3 9,3%\u00a0interanual en el primer trimestre del a\u00f1o, seg\u00fan el Instituto Nacional de Estad\u00edsticas y Censos (Indec).<\/p>\n<\/div>\n<div class=\"bbc-19j92fr ebmt73l0\" dir=\"ltr\">\n<p class=\"bbc-hhl7in e17g058b0\" dir=\"ltr\">Las ventas de electrodom\u00e9sticos y electr\u00f3nica aumentaron un 23,6% interanual entre enero y mayo de este a\u00f1o, seg\u00fan la empresa de an\u00e1lisis de mercado GfK.<\/p>\n<\/div>\n<div class=\"bbc-19j92fr ebmt73l0\" dir=\"ltr\">\n<p class=\"bbc-hhl7in e17g058b0\" dir=\"ltr\">Otro producto popular son las motocicletas: hubo 31,2% m\u00e1s patentamientos en el primer semestre de 2022 en comparaci\u00f3n con el mismo per\u00edodo del a\u00f1o pasado, seg\u00fan la Asociaci\u00f3n de Concesionarios de Automotores de la Rep\u00fablica Argentina (Acara).<\/p>\n<\/div>\n<div class=\"bbc-19j92fr ebmt73l0\" dir=\"ltr\">\n<p class=\"bbc-hhl7in e17g058b0\" dir=\"ltr\">Y el \u00edndice de confianza del consumidor en la compra de bienes durables es el m\u00e1s elevado desde 2018, de acuerdo con el Centro de Investigaci\u00f3n en Finanzas de la Universidad Torcuato Di Tella.<\/p>\n<div class=\"bbc-19j92fr ebmt73l0\" dir=\"ltr\">\n<p class=\"bbc-hhl7in e17g058b0\" dir=\"ltr\">Tambi\u00e9n hay quienes prefieren consumir sus ahorros en experiencias placenteras como salir a comer, ir al teatro o un recital o viajar, actividades que debieron postergar durante la larga cuarentena por el coronavirus.<\/p>\n<\/div>\n<div class=\"bbc-19j92fr ebmt73l0\" dir=\"ltr\">\n<p class=\"bbc-hhl7in e17g058b0\" dir=\"ltr\">Esto explica por qu\u00e9, a pesar de que el pa\u00eds atraviesa una crisis econ\u00f3mica,\u00a0los restaurantes explotan de gente\u00a0(un aumento del 126% interanual entre enero y mayo, seg\u00fan el \u00cdndice de Volumen en Restaurantes Tradicionales del gobierno de la ciudad de BsAs).<\/p>\n<\/div>\n<div class=\"bbc-19j92fr ebmt73l0\" dir=\"ltr\">\n<p class=\"bbc-hhl7in e17g058b0\" dir=\"ltr\">Tambi\u00e9n hay un\u00a0r\u00e9cord de turismo interno\u00a0(20% m\u00e1s que en 2019, prepandemia).<\/p>\n<div class=\"bbc-19j92fr ebmt73l0\" dir=\"ltr\">\n<p class=\"bbc-hhl7in e17g058b0\" dir=\"ltr\">Y la banda brit\u00e1nica Coldplay acaba de romper el\u00a0r\u00e9cord de m\u00e1s recitales vendidos\u00a0en el pa\u00eds: llenar\u00e1 diez veces el estadio Monumental de River Plate entre octubre y noviembre, dando fin a su gira mundial.<\/p>\n<\/div>\n<div class=\"bbc-19j92fr ebmt73l0\" dir=\"ltr\">\n<h2 id=\"Lo-bueno-y-lo-malo\" class=\"bbc-1f03ibc eglt09e0\" tabindex=\"-1\">Lo bueno y lo malo<\/h2>\n<\/div>\n<div class=\"bbc-19j92fr ebmt73l0\" dir=\"ltr\">\n<p class=\"bbc-hhl7in e17g058b0\" dir=\"ltr\">El gobierno de Alberto Fern\u00e1ndez celebra este boom del consumo y lo considera parte de la\u00a0reactivaci\u00f3n econ\u00f3mica\u00a0que permiti\u00f3 a Argentina revertir en un solo a\u00f1o -2021- la ca\u00edda de cerca del 10% del Producto Interno Bruto (PIB) que hab\u00eda provocado la pandemia el a\u00f1o anterior.<\/p>\n<\/div>\n<div class=\"bbc-19j92fr ebmt73l0\" dir=\"ltr\">\n<p class=\"bbc-hhl7in e17g058b0\" dir=\"ltr\">Para el mandatario, el consumo tambi\u00e9n fue clave para que el pa\u00eds siguiera\u00a0creciendo al 6% en el primer trimestre\u00a0del a\u00f1o.<\/p>\n<\/div>\n<div class=\"bbc-19j92fr ebmt73l0\" dir=\"ltr\">\n<p class=\"bbc-hhl7in e17g058b0\" dir=\"ltr\">&#8220;Argentina es un pa\u00eds que consume el 70% de lo que produce. Cuando uno afecta el consumo, afecta directamente a la producci\u00f3n. Cuando afecta a la producci\u00f3n, afecta al desempleo. Y cuando afecta al desempleo, genera pobreza&#8221;, hab\u00eda dicho antes de asumir, explicando por qu\u00e9 una de sus principales metas ser\u00eda &#8220;volver a generar consumo&#8221;.<\/p>\n<\/div>\n<div class=\"bbc-19j92fr ebmt73l0\" dir=\"ltr\">\n<p class=\"bbc-hhl7in e17g058b0\" dir=\"ltr\">Pero a pesar de que esta estrategia ha sido exitosa para mantener la desocupaci\u00f3n en sus niveles m\u00e1s bajos desde 2016 (7% en el primer trimestre del a\u00f1o), algunos advierten que la contra cara ha sido una reducci\u00f3n en los ingresos y una mayor precariedad laboral.<\/p>\n<\/div>\n<div class=\"bbc-19j92fr ebmt73l0\" dir=\"ltr\">\n<p class=\"bbc-hhl7in e17g058b0\" dir=\"ltr\">De hecho, aunque a primera vista el alto nivel de consumo de los argentinos pareciera sugerir que hubo una mejora en el poder adquisitivo, en realidad ha ocurrido todo lo contrario.<\/p>\n<div class=\"bbc-19j92fr ebmt73l0\" dir=\"ltr\">\n<p class=\"bbc-hhl7in e17g058b0\" dir=\"ltr\">El salario real viene cayendo desde 2018\u00a0y en los primeros cinco meses de este a\u00f1o fue 4,7% menor al del mismo per\u00edodo de 2019, previo a la llegada del coronavirus, seg\u00fan muestra la Remuneraci\u00f3n Imponible Promedio de los Trabajadores Estables (Ripte).<\/p>\n<\/div>\n<div class=\"bbc-19j92fr ebmt73l0\" dir=\"ltr\">\n<p class=\"bbc-hhl7in e17g058b0\" dir=\"ltr\">Para Manoukian se trata de una paradoja de la econom\u00eda argentina.<\/p>\n<\/div>\n<div class=\"bbc-19j92fr ebmt73l0\" dir=\"ltr\">\n<p class=\"bbc-hhl7in e17g058b0\" dir=\"ltr\">&#8220;Lo esperable es que cuando en un pa\u00eds se acelera mucho la inflaci\u00f3n y cae el salario real, cae fuerte el consumo, pero ac\u00e1 no est\u00e1 pasando porque la gente se quiere desprender de sus pesos para mantener el valor de lo que tienen, en bienes&#8221;, afirma.<\/p>\n<\/div>\n<div class=\"bbc-19j92fr ebmt73l0\" dir=\"ltr\">\n<p class=\"bbc-hhl7in e17g058b0\" dir=\"ltr\">Otra paradoja que observa es que mientras que el \u00cdndice de confianza del consumidor muestra optimismo en la compra de bienes durables, denota\u00a0pesimismo en el estado de la macroeconom\u00eda y de la situaci\u00f3n personal.<\/p>\n<div class=\"bbc-19j92fr ebmt73l0\" dir=\"ltr\">\n<p class=\"bbc-hhl7in e17g058b0\" dir=\"ltr\">Muchos economistas tambi\u00e9n advierten que este festival de consumo\u00a0no es equitativo.<\/p>\n<\/div>\n<div class=\"bbc-19j92fr ebmt73l0\" dir=\"ltr\">\n<p class=\"bbc-hhl7in e17g058b0\" dir=\"ltr\">Mientras que ha subido la venta de bienes durables, un reporte de la consultora Scentia, que mide el consumo masivo, indic\u00f3 que el gasto en alimentos en mayo y junio se redujo en comparaci\u00f3n con el a\u00f1o previo.<\/p>\n<\/div>\n<div class=\"bbc-19j92fr ebmt73l0\" dir=\"ltr\">\n<p class=\"bbc-hhl7in e17g058b0\" dir=\"ltr\">Lo que esto muestra, dicen los expertos, es que mientras un sector de la poblaci\u00f3n, con salarios que aumentan a la par de la inflaci\u00f3n, resguardan sus ahorros comprando bienes, el sector m\u00e1s postergado -como el casi 40% de trabajadores informales, o quienes dependen de jubilaciones o ayuda del estado-\u00a0no est\u00e1n pudiendo cubrir sus necesidades b\u00e1sicas.<\/p>\n<\/div>\n<div class=\"bbc-19j92fr ebmt73l0\" dir=\"ltr\">\n<p class=\"bbc-hhl7in e17g058b0\" dir=\"ltr\">Para peor, quienes tienen pesos de sobra est\u00e1n tan desesperados por gastarlos antes de que pierdan valor que est\u00e1n convalidando aumentos de precios muy por encima de la inflaci\u00f3n, lo que hace que se encarezcan para todos.<\/p>\n<\/div>\n<div class=\"bbc-19j92fr ebmt73l0\" dir=\"ltr\">\n<p class=\"bbc-hhl7in e17g058b0\" dir=\"ltr\">El temor es que esto haga aumentar las cifras de\u00a0pobreza, hoy cercanas al 40%, seg\u00fan el Observatorio de la Deuda Social de la Universidad Cat\u00f3lica Argentina (UCA).<\/p>\n<\/div>\n<div class=\"bbc-19j92fr ebmt73l0\" dir=\"ltr\">\n<h2 id=\"Es-sostenible\" class=\"bbc-1f03ibc eglt09e0\" tabindex=\"-1\">\u00bfEs sostenible?<\/h2>\n<\/div>\n<div class=\"bbc-19j92fr ebmt73l0\" dir=\"ltr\">\n<p class=\"bbc-hhl7in e17g058b0\" dir=\"ltr\">Otra preocupaci\u00f3n es que el crecimiento econ\u00f3mico traccionado por el consumo se frene por culpa de un mal que aqueja a Argentina cada vez que se reactiva su producci\u00f3n: la llamada &#8220;restricci\u00f3n externa&#8221; o\u00a0falta de d\u00f3lares.<\/p>\n<div class=\"bbc-19j92fr ebmt73l0\" dir=\"ltr\">\n<p class=\"bbc-hhl7in e17g058b0\" dir=\"ltr\">La industria nacional es muy dependiente de maquinaria e insumos importados, por lo que, cuando aumenta la producci\u00f3n, tambi\u00e9n aumentan las importaciones (que se pagan con los d\u00f3lares del Banco Central).<\/p>\n<\/div>\n<div class=\"bbc-19j92fr ebmt73l0\" dir=\"ltr\">\n<p class=\"bbc-hhl7in e17g058b0\" dir=\"ltr\">En los primeros cinco meses del a\u00f1o Argentina tuvo m\u00e1s exportaciones que importaciones. Pero a partir de junio, la balanza comercial se revirti\u00f3 y empezaron a salir m\u00e1s d\u00f3lares de los que entraron, seg\u00fan el Indec.<\/p>\n<\/div>\n<div class=\"bbc-19j92fr ebmt73l0\" dir=\"ltr\">\n<p class=\"bbc-hhl7in e17g058b0\" dir=\"ltr\">La baja en las reservas internacionales del Banco Central -que ya eran escazas y por eso ten\u00edan &#8220;cepos&#8221; para protegerlas- se hizo tan pronunciada que oblig\u00f3 al gobierno a limitar las importaciones.<\/p>\n<\/div>\n<div class=\"bbc-19j92fr ebmt73l0\" dir=\"ltr\">\n<p class=\"bbc-hhl7in e17g058b0\" dir=\"ltr\">Sin partes, muchas empresas est\u00e1n\u00a0frenando o reduciendo su producci\u00f3n.<\/p>\n<div class=\"bbc-19j92fr ebmt73l0\" dir=\"ltr\">\n<p class=\"bbc-hhl7in e17g058b0\" dir=\"ltr\">Daniel, el due\u00f1o de la tienda de productos para el hogar, dice que esto ya lo est\u00e1 afectando.<\/p>\n<\/div>\n<div class=\"bbc-19j92fr ebmt73l0\" dir=\"ltr\">\n<p class=\"bbc-hhl7in e17g058b0\" dir=\"ltr\">&#8220;La gente viene a comprar y se va de mal humor porque\u00a0no le podemos vender\u00a0algunos electrodom\u00e9sticos, ya que las f\u00e1bricas suspendieron las ventas porque no les permiten importar determinados productos&#8221;, explica.<\/p>\n<\/div>\n<div class=\"bbc-19j92fr ebmt73l0\" dir=\"ltr\">\n<p class=\"bbc-hhl7in e17g058b0\" dir=\"ltr\">Tambi\u00e9n reconoce que hoy tratan de vender &#8220;lo menos posible&#8221;, porque no saben &#8220;a qu\u00e9 precio vamos a poder reponer esos productos&#8221;.<\/p>\n<\/div>\n<div class=\"bbc-19j92fr ebmt73l0\" dir=\"ltr\">\n<p class=\"bbc-hhl7in e17g058b0\" dir=\"ltr\">Estos problemas han llevado a todas las consultoras privadas a estimar que la actividad econ\u00f3mica\u00a0se &#8220;enfriar\u00e1&#8221; en el segundo semestre\u00a0del a\u00f1o.<\/p>\n<\/div>\n<div class=\"bbc-19j92fr ebmt73l0\" dir=\"ltr\">\n<p class=\"bbc-hhl7in e17g058b0\" dir=\"ltr\">Ecolatina proyecta para 2022 un crecimiento del PIB del 3,8%, 0,2% m\u00e1s que la proyecci\u00f3n de la Organizaci\u00f3n para la Cooperaci\u00f3n y el Desarrollo Econ\u00f3micos (OCDE).<\/p>\n<\/div>\n<div class=\"bbc-19j92fr ebmt73l0\" dir=\"ltr\">\n<p class=\"bbc-hhl7in e17g058b0\" dir=\"ltr\">El FMI y el Banco Mundial tienen perspectivas un poco m\u00e1s optimistas, con un crecimiento estimado del 4% y 4,5%, respectivamente.<\/p>\n<\/div>\n<div class=\"bbc-19j92fr ebmt73l0\" dir=\"ltr\">\n<p class=\"bbc-hhl7in e17g058b0\" dir=\"ltr\">&#8220;Sin dudas ha habido una recuperaci\u00f3n en la actividad econ\u00f3mica que vino de la mano de una mejora pronunciada de las ventas internas&#8221;, resume Manoukian. &#8220;Pero la pregunta es\u00a0cu\u00e1n sosteniblees este crecimiento&#8221;.<\/p>\n<\/div>\n<\/div>\n<\/div>\n<\/div>\n<\/div>\n<\/div>\n<\/div>\n<\/div>\n<\/div>\n<\/div>\n<\/div>\n<\/div>\n<\/div>\n","protected":false},"excerpt":{"rendered":"<p>&nbsp; &nbsp; &#8211; Acostumbrados a lidiar con una de las inflaciones m\u00e1s altas del mundo y una de las monedas m\u00e1s devaluadas, los argentinos est\u00e1n&hellip;<\/p>\n","protected":false},"author":99,"featured_media":504572,"comment_status":"open","ping_status":"open","sticky":false,"template":"","format":"standard","meta":{"footnotes":""},"categories":[11358,23],"tags":[],"class_list":["post-504571","post","type-post","status-publish","format-standard","has-post-thumbnail","hentry","category-especiales","category-latinoamerica"],"_links":{"self":[{"href":"https:\/\/diarioelpopular.com\/index.php\/wp-json\/wp\/v2\/posts\/504571","targetHints":{"allow":["GET"]}}],"collection":[{"href":"https:\/\/diarioelpopular.com\/index.php\/wp-json\/wp\/v2\/posts"}],"about":[{"href":"https:\/\/diarioelpopular.com\/index.php\/wp-json\/wp\/v2\/types\/post"}],"author":[{"embeddable":true,"href":"https:\/\/diarioelpopular.com\/index.php\/wp-json\/wp\/v2\/users\/99"}],"replies":[{"embeddable":true,"href":"https:\/\/diarioelpopular.com\/index.php\/wp-json\/wp\/v2\/comments?post=504571"}],"version-history":[{"count":1,"href":"https:\/\/diarioelpopular.com\/index.php\/wp-json\/wp\/v2\/posts\/504571\/revisions"}],"predecessor-version":[{"id":504573,"href":"https:\/\/diarioelpopular.com\/index.php\/wp-json\/wp\/v2\/posts\/504571\/revisions\/504573"}],"wp:featuredmedia":[{"embeddable":true,"href":"https:\/\/diarioelpopular.com\/index.php\/wp-json\/wp\/v2\/media\/504572"}],"wp:attachment":[{"href":"https:\/\/diarioelpopular.com\/index.php\/wp-json\/wp\/v2\/media?parent=504571"}],"wp:term":[{"taxonomy":"category","embeddable":true,"href":"https:\/\/diarioelpopular.com\/index.php\/wp-json\/wp\/v2\/categories?post=504571"},{"taxonomy":"post_tag","embeddable":true,"href":"https:\/\/diarioelpopular.com\/index.php\/wp-json\/wp\/v2\/tags?post=504571"}],"curies":[{"name":"wp","href":"https:\/\/api.w.org\/{rel}","templated":true}]}}