{"id":504599,"date":"2022-07-29T10:07:12","date_gmt":"2022-07-29T14:07:12","guid":{"rendered":"https:\/\/diarioelpopular.com\/?p=504599"},"modified":"2022-07-29T10:07:12","modified_gmt":"2022-07-29T14:07:12","slug":"estados-unidos-entra-en-recesion-tecnica-por-que-es-peligroso-y-como-puede-afectar-a-america-latina","status":"publish","type":"post","link":"https:\/\/diarioelpopular.com\/index.php\/2022\/07\/29\/estados-unidos-entra-en-recesion-tecnica-por-que-es-peligroso-y-como-puede-afectar-a-america-latina\/","title":{"rendered":"Estados Unidos entra en &#8220;recesi\u00f3n t\u00e9cnica&#8221;: por qu\u00e9 es peligroso y c\u00f3mo puede afectar a Am\u00e9rica Latina"},"content":{"rendered":"<p><img loading=\"lazy\" decoding=\"async\" class=\"alignnone size-custom-full-size wp-image-504600\" src=\"https:\/\/diarioelpopular.com\/wp-content\/uploads\/2022\/07\/126092956_gettyimages-1203253307-636x358.jpg\" alt=\"\" width=\"636\" height=\"358\" srcset=\"https:\/\/diarioelpopular.com\/wp-content\/uploads\/2022\/07\/126092956_gettyimages-1203253307-636x358.jpg 636w, https:\/\/diarioelpopular.com\/wp-content\/uploads\/2022\/07\/126092956_gettyimages-1203253307-300x169.jpg 300w, https:\/\/diarioelpopular.com\/wp-content\/uploads\/2022\/07\/126092956_gettyimages-1203253307-768x432.jpg 768w, https:\/\/diarioelpopular.com\/wp-content\/uploads\/2022\/07\/126092956_gettyimages-1203253307-130x73.jpg 130w, https:\/\/diarioelpopular.com\/wp-content\/uploads\/2022\/07\/126092956_gettyimages-1203253307.jpg 800w\" sizes=\"auto, (max-width: 636px) 100vw, 636px\" \/><\/p>\n<div class=\"bbc-1ka88fa ebmt73l0\" dir=\"ltr\">\n<figure class=\"bbc-1qdcvv9 e1aczekt0\">\n<div class=\"bbc-172p16q ebmt73l0\" dir=\"ltr\">\n<div class=\"bbc-172p16q ebmt73l0\" dir=\"ltr\">\n<div class=\"bbc-3edg7g ebmt73l0\" dir=\"ltr\"><\/div>\n<\/div>\n<\/div><figcaption class=\"bbc-rhuvwm e6i104o0\" dir=\"ltr\"><em>Las bolsas est\u00e1n a la expectativa de lo que pueda sucerder en los pr\u00f3ximos meses. (Foto de archivo)<\/em><\/p>\n<\/figcaption><div class=\"bbc-172p16q ebmt73l0\" dir=\"ltr\">\n<div class=\"bbc-3edg7g ebmt73l0\" dir=\"ltr\"><\/div>\n<\/div>\n<\/figure>\n<\/div>\n<div class=\"bbc-19j92fr ebmt73l0\" dir=\"ltr\">\n<p class=\"bbc-hhl7in e17g058b0\" dir=\"ltr\"><b>La mayor econom\u00eda del mundo est\u00e1 en medio de una tormenta.<\/b><\/p>\n<\/div>\n<div class=\"bbc-19j92fr ebmt73l0\" dir=\"ltr\">\n<p class=\"bbc-hhl7in e17g058b0\" dir=\"ltr\">Su crecimiento sufri\u00f3 dos trimestres seguidos de contracci\u00f3n econ\u00f3mica, un hito catalogado como una &#8220;recesi\u00f3n t\u00e9cnica&#8221;, aunque en muchos pa\u00edses es considerado una recesi\u00f3n con todas sus letras.<\/p>\n<\/div>\n<div class=\"bbc-19j92fr ebmt73l0\" dir=\"ltr\">\n<p class=\"bbc-hhl7in e17g058b0\" dir=\"ltr\">No es el caso de Estados Unidos, donde las autoridades est\u00e1n a la espera de otros datos para confirmar si la econom\u00eda ha entrado realmente en un terreno recesivo, un escenario definido por muchos expertos estadounidenses como &#8220;un descenso significativo de la actividad econ\u00f3mica que se extiende por toda la econom\u00eda y dura m\u00e1s de unos pocos meses&#8221;.<\/p>\n<\/div>\n<div class=\"bbc-19j92fr ebmt73l0\" dir=\"ltr\">\n<p class=\"bbc-hhl7in e17g058b0\" dir=\"ltr\">El dato clave dado a conocer este jueves es que\u00a0el Producto Interno Bruto (PIB) anualizado del pa\u00eds disminuy\u00f3 0,9% en el segundo trimestre, sum\u00e1ndose a la ca\u00edda de 1,6% del primer trimestre.<\/p>\n<p dir=\"ltr\">As\u00ed, con estos n\u00fameros en rojo, se borran de un plumazo las expectativas de que el pa\u00eds resistir\u00eda la ca\u00edda a pesar de la actual desaceleraci\u00f3n econ\u00f3mica.<\/p>\n<div class=\"bbc-19j92fr ebmt73l0\" dir=\"ltr\">\n<p class=\"bbc-hhl7in e17g058b0\" dir=\"ltr\">La inversi\u00f3n empresarial, el mercado inmobiliario y la construcci\u00f3n cayeron, el gasto de los consumidores se desaceler\u00f3 y los ingresos bajaron (ajustados por inflaci\u00f3n), seg\u00fan los datos publicados por el Departamento de Comercio estadounidense.<\/p>\n<\/div>\n<div class=\"bbc-19j92fr ebmt73l0\" dir=\"ltr\">\n<p class=\"bbc-hhl7in e17g058b0\" dir=\"ltr\">Estas se\u00f1ales aparecen en medio de una inflaci\u00f3n r\u00e9cord (<b>9,1%<\/b>, el mayor incremento en 40 a\u00f1os), un r\u00e1pido aumento de las tasas de inter\u00e9s y la ca\u00edda del crecimiento econ\u00f3mico, un c\u00f3ctel que sigue alentando la preocupaci\u00f3n.<\/p>\n<div class=\"bbc-19j92fr ebmt73l0\" dir=\"ltr\">\n<h2 id=\"No-me-parece-una-recesi\u00f3n\" class=\"bbc-1f03ibc eglt09e0\" tabindex=\"-1\">&#8220;No me parece una recesi\u00f3n&#8221;<\/h2>\n<\/div>\n<div class=\"bbc-19j92fr ebmt73l0\" dir=\"ltr\">\n<p class=\"bbc-hhl7in e17g058b0\" dir=\"ltr\">Para hacer frente al viento en contra, la Reserva Federal (equivalente al Banco Central en otros pa\u00edses) ha estado tratando de enfriar la econom\u00eda en un intento por controlar la inflaci\u00f3n, y la Casa Blanca ha argumentado que la desaceleraci\u00f3n actual es parte de una transici\u00f3n inevitable hacia un per\u00edodo de crecimiento m\u00e1s estable.<\/p>\n<\/div>\n<div class=\"bbc-19j92fr ebmt73l0\" dir=\"ltr\">\n<p class=\"bbc-hhl7in e17g058b0\" dir=\"ltr\">El presidente de EE.UU., Joe Biden, rechaz\u00f3 este jueves las afirmaciones de que el pa\u00eds est\u00e1 en recesi\u00f3n, luego de que se diera a conocer la contracci\u00f3n econ\u00f3mica por segundo trimestre consecutivo.<\/p>\n<div class=\"bbc-19j92fr ebmt73l0\" dir=\"ltr\">\n<p class=\"bbc-hhl7in e17g058b0\" dir=\"ltr\">Biden se\u00f1al\u00f3 que existe un s\u00f3lido crecimiento del empleo y un repunte en la manufactura, y agreg\u00f3:\u00a0<b>&#8220;<\/b>Eso no me parece una recesi\u00f3n&#8221;.<\/p>\n<\/div>\n<div class=\"bbc-19j92fr ebmt73l0\" dir=\"ltr\">\n<p class=\"bbc-hhl7in e17g058b0\" dir=\"ltr\">&#8220;Despu\u00e9s del crecimiento econ\u00f3mico hist\u00f3rico del a\u00f1o pasado, y recuperando todos los empleos del sector privado perdidos durante la crisis pand\u00e9mica, no sorprende que la econom\u00eda se est\u00e9 desacelerando&#8221;, apunt\u00f3 el mandatario.<\/p>\n<\/div>\n<div class=\"bbc-19j92fr ebmt73l0\" dir=\"ltr\">\n<p class=\"bbc-hhl7in e17g058b0\" dir=\"ltr\">La reacci\u00f3n del presidente se suma a las declaraciones de la secretaria del Tesoro, Janet Yellen, quien hace unos d\u00edas hab\u00eda destacado el buen desempe\u00f1o del mercado laboral, y del presidente de la Reserva Federal, Jerome Powell, quien tras anunciar el mi\u00e9rcoles un aumento de 0,75 puntos base en las tasas de inter\u00e9s, intent\u00f3 despejar las nubes en el horizonte.<\/p>\n<\/div>\n<div class=\"bbc-19j92fr ebmt73l0\" dir=\"ltr\">\n<p class=\"bbc-hhl7in e17g058b0\" dir=\"ltr\">&#8220;No creo que Estados Unidos est\u00e9 actualmente en una recesi\u00f3n. Y la raz\u00f3n es que hay demasiadas \u00e1reas de la econom\u00eda que funcionan muy bien&#8221;, sostuvo Powell.<\/p>\n<div class=\"bbc-19j92fr ebmt73l0\" dir=\"ltr\">\n<p class=\"bbc-hhl7in e17g058b0\" dir=\"ltr\">La discusi\u00f3n sobre si Estados Unidos est\u00e1 o no en una recesi\u00f3n es un tema que genera un acalorado debate.<\/p>\n<\/div>\n<div class=\"bbc-19j92fr ebmt73l0\" dir=\"ltr\">\n<p class=\"bbc-hhl7in e17g058b0\" dir=\"ltr\">&#8220;La \u00faltima vez que vimos una inflaci\u00f3n tan alta, en la d\u00e9cada de 1980, tuvimos una recesi\u00f3n bastante profunda&#8221;, le dijo a la BBC Laura Veldkamp, profesora de finanzas de la Escuela de Negocios de la Universidad de Columbia.<\/p>\n<\/div>\n<div class=\"bbc-19j92fr ebmt73l0\" dir=\"ltr\">\n<p class=\"bbc-hhl7in e17g058b0\" dir=\"ltr\">El pa\u00eds ha aprendido de esa experiencia, agreg\u00f3, lo que aumenta las esperanzas de que ocurra una recesi\u00f3n m\u00e1s leve.<\/p>\n<\/div>\n<div class=\"bbc-19j92fr ebmt73l0\" dir=\"ltr\">\n<p class=\"bbc-hhl7in e17g058b0\" dir=\"ltr\">Pero uno de los grandes temores entre los economistas es que los movimientos agresivos de la Reserva Federal (que ha estado subiendo las tasas de inter\u00e9s con el objetivo de reducir la inflaci\u00f3n) afecten el crecimiento y provoquen el escenario recesivo.<\/p>\n<\/div>\n<div class=\"bbc-19j92fr ebmt73l0\" dir=\"ltr\">\n<p class=\"bbc-hhl7in e17g058b0\" dir=\"ltr\">Tanto los mercados como los pol\u00edticos y los economistas han estado siguiendo de cerca la evoluci\u00f3n del mercado de trabajo, un elemento clave para dar luces sobre la potencial llegada de la temida ola recesiva. Hasta ahora\u00a0el nivel de desempleo se mantiene en un 3,6%.<\/p>\n<\/div>\n<div class=\"bbc-sffzb7 e1hrqbfn0\">\n<div class=\"bbc-19j92fr ebmt73l0\" dir=\"ltr\">\n<h2 id=\"D\u00f3nde-est\u00e1-el-peligro\" class=\"bbc-1f03ibc eglt09e0\" tabindex=\"-1\">\u00bfD\u00f3nde est\u00e1 el peligro?<\/h2>\n<\/div>\n<\/div>\n<div class=\"bbc-19j92fr ebmt73l0\" dir=\"ltr\">\n<p class=\"bbc-hhl7in e17g058b0\" dir=\"ltr\">El profesor de la Universidad de Harvard Jeffrey Frankel sostuvo que &#8220;las probabilidades de que se produzca una recesi\u00f3n son sustancialmente m\u00e1s altas que para cualquier otro a\u00f1o&#8221;.<\/p>\n<\/div>\n<div class=\"bbc-19j92fr ebmt73l0\" dir=\"ltr\">\n<p class=\"bbc-hhl7in e17g058b0\" dir=\"ltr\">Las presiones m\u00e1s fuertes vienen desde el frente externo, argument\u00f3 a la BBC. La desaceleraci\u00f3n en China y en Europa, que se han visto m\u00e1s afectadas por el aumento de los precios de la energ\u00eda por la guerra en Ucrania, aumenta los riesgos.<\/p>\n<div class=\"bbc-19j92fr ebmt73l0\" dir=\"ltr\">\n<p class=\"bbc-hhl7in e17g058b0\" dir=\"ltr\">&#8220;Muchos otros pa\u00edses tienen problemas m\u00e1s serios&#8230; es muy probable que se vean afectados y\u00a0que eso pueda derramarse sobre nosotros&#8221;, apunt\u00f3 Frankel.<\/p>\n<\/div>\n<div class=\"bbc-19j92fr ebmt73l0\" dir=\"ltr\">\n<p class=\"bbc-hhl7in e17g058b0\" dir=\"ltr\">El principal peligro del escenario actual m\u00e1s all\u00e1 de la discusi\u00f3n t\u00e9cnica sobre qu\u00e9 es una recesi\u00f3n, se\u00f1alan analistas, es que se produzca una especie de\u00a0&#8220;efecto contagio&#8221;\u00a0entre las econom\u00edas.<\/p>\n<\/div>\n<div class=\"bbc-19j92fr ebmt73l0\" dir=\"ltr\">\n<p class=\"bbc-hhl7in e17g058b0\" dir=\"ltr\">Ya sea porque se desaceleren Europa o China y terminen afectando a Estados Unidos, o porque -al rev\u00e9s- Estados Unidos se sumerja en las aguas recesivas y afecte a los dem\u00e1s, la estrecha interconexi\u00f3n entre las econom\u00edas hace que los vaivenes en un lado del planeta se amplifiquen hacia el resto.<\/p>\n<\/div>\n<div class=\"bbc-19j92fr ebmt73l0\" dir=\"ltr\">\n<p class=\"bbc-hhl7in e17g058b0\" dir=\"ltr\">Los mercados, anticip\u00e1ndose a una posible recesi\u00f3n global, han estado deshaci\u00e9ndose de las inversiones m\u00e1s arriesgadas para cubrirse del potencial aguacero o disminuyendo los contratos a futuro en la compra de algunas materias primas.<\/p>\n<\/div>\n<div class=\"bbc-19j92fr ebmt73l0\" dir=\"ltr\">\n<p class=\"bbc-hhl7in e17g058b0\" dir=\"ltr\">En medio de una estanflaci\u00f3n (alta inflaci\u00f3n con bajo crecimiento) que se expande r\u00e1pidamente por el mundo, el riesgo de recesi\u00f3n es percibido por algunos como una amenaza a la vuelta de la esquina.<\/p>\n<\/div>\n<div class=\"bbc-19j92fr ebmt73l0\" dir=\"ltr\">\n<p class=\"bbc-hhl7in e17g058b0\" dir=\"ltr\">&#8220;Profundizaci\u00f3n de la estanflaci\u00f3n y riesgo de #recesi\u00f3n en rojo intermitente&#8221;, public\u00f3 en Twitter el destacado economista Mohamed el Erian.<\/p>\n<div class=\"bbc-19j92fr ebmt73l0\" dir=\"ltr\">\n<p class=\"bbc-hhl7in e17g058b0\" dir=\"ltr\">Algunos expertos son m\u00e1s cautos sobre la idea del contagio recesivo desde Estados Unidos hacia otras partes del mundo.<\/p>\n<\/div>\n<div class=\"bbc-19j92fr ebmt73l0\" dir=\"ltr\">\n<p class=\"bbc-hhl7in e17g058b0\" dir=\"ltr\">&#8220;Por el momento\u00a0no esperamos que el PIB de Estados Unidos se desacelere hasta el punto de que corra el riesgo de crear una reacci\u00f3n en cadena&#8221;, le dijo a BBC Mundo Cailin Birch, economista del centro de estudios Economist Intelligence Unit.<\/p>\n<\/div>\n<div class=\"bbc-19j92fr ebmt73l0\" dir=\"ltr\">\n<p class=\"bbc-hhl7in e17g058b0\" dir=\"ltr\">&#8220;Los riesgos de recesi\u00f3n son altos para varios pa\u00edses, particularmente en Europa&#8221;, agreg\u00f3.<\/p>\n<div class=\"bbc-19j92fr ebmt73l0\" dir=\"ltr\">\n<p class=\"bbc-hhl7in e17g058b0\" dir=\"ltr\">Pero estos riesgos &#8220;se deben principalmente a las consecuencias econ\u00f3micas de la\u00a0guerra en Ucrania\u00a0y, en menor medida, a las interrupciones en el comercio y la fabricaci\u00f3n creadas por los bloqueos por covid en China&#8221;.<\/p>\n<\/div>\n<div class=\"bbc-19j92fr ebmt73l0\" dir=\"ltr\">\n<p class=\"bbc-hhl7in e17g058b0\" dir=\"ltr\">Un crecimiento mucho m\u00e1s lento en EE.UU. se traducir\u00eda en una menor demanda de importaciones y una menor inversi\u00f3n externa, pero &#8220;es probable que esto represente un lastre para el crecimiento, en lugar de un grave riesgo de recesi\u00f3n en la mayor\u00eda de los casos&#8221;, argument\u00f3 Birch.<\/p>\n<\/div>\n<div class=\"bbc-19j92fr ebmt73l0\" dir=\"ltr\">\n<h2 id=\"C\u00f3mo-puede-afectar-a-Am\u00e9rica-Latina\" class=\"bbc-1f03ibc eglt09e0\" tabindex=\"-1\">C\u00f3mo puede afectar a Am\u00e9rica Latina<\/h2>\n<\/div>\n<div class=\"bbc-19j92fr ebmt73l0\" dir=\"ltr\">\n<p class=\"bbc-hhl7in e17g058b0\" dir=\"ltr\">Desde su perspectiva, el reciente\u00a0fortalecimiento del d\u00f3lar estadounidense presenta riesgos para varias econom\u00edas.<\/p>\n<\/div>\n<div class=\"bbc-19j92fr ebmt73l0\" dir=\"ltr\">\n<p class=\"bbc-hhl7in e17g058b0\" dir=\"ltr\">&#8220;Esto es particularmente cierto para Am\u00e9rica Latina, que tiene fuertes v\u00ednculos comerciales con Estados Unidos&#8221;.<\/p>\n<\/div>\n<div class=\"bbc-19j92fr ebmt73l0\" dir=\"ltr\">\n<p class=\"bbc-hhl7in e17g058b0\" dir=\"ltr\">En ese sentido, sostuvo, las perspectivas econ\u00f3micas m\u00e1s d\u00e9biles para Estados Unidos han aumentado la demanda de d\u00f3lares como un refugio seguro, fortaleciendo a\u00fan m\u00e1s la moneda.<\/p>\n<div class=\"bbc-19j92fr ebmt73l0\" dir=\"ltr\">\n<p class=\"bbc-hhl7in e17g058b0\" dir=\"ltr\">En el caso de los pa\u00edses latinoamericanos muy endeudados en la moneda estadounidense, el d\u00f3lar m\u00e1s fuerte y las tasas de inter\u00e9s m\u00e1s altas &#8220;har\u00e1n que\u00a0los pagos de intereses de la deuda sean mucho m\u00e1s dif\u00edciles de resistir&#8221;, explic\u00f3 la economista.<\/p>\n<\/div>\n<div class=\"bbc-19j92fr ebmt73l0\" dir=\"ltr\">\n<p class=\"bbc-hhl7in e17g058b0\" dir=\"ltr\">Para Jos\u00e9 Luis de la Cruz, director del Instituto para el Desarrollo Industrial y Crecimiento Econ\u00f3mico (IDIC) de M\u00e9xico, lo m\u00e1s inquietante del escenario econ\u00f3mico estadounidense es que el consumo interno se ha debilitado, como tambi\u00e9n la inversi\u00f3n privada.<\/p>\n<\/div>\n<div class=\"bbc-19j92fr ebmt73l0\" dir=\"ltr\">\n<p class=\"bbc-hhl7in e17g058b0\" dir=\"ltr\">De todos modos, dijo el economista en di\u00e1logo con BBC Mundo, &#8220;hay claroscuros&#8221; en el contexto actual, dado que la producci\u00f3n industrial ha seguido avanzando.<\/p>\n<\/div>\n<div class=\"bbc-19j92fr ebmt73l0\" dir=\"ltr\">\n<p class=\"bbc-hhl7in e17g058b0\" dir=\"ltr\">Sin embargo, en la medida que la econom\u00eda de EE.UU. se debilita, los efectos est\u00e1n alcanzando a socios comerciales como China, M\u00e9xico, Canad\u00e1 y la Uni\u00f3n Europea, por el alto nivel de intercambio comercial.<\/p>\n<\/div>\n<div class=\"bbc-19j92fr ebmt73l0\" dir=\"ltr\">\n<p class=\"bbc-hhl7in e17g058b0\" dir=\"ltr\">&#8220;Se produce una ola expansiva donde el comercio exterior se ve afectado&#8221;, coment\u00f3 de la Cruz.<\/p>\n<\/div>\n<div class=\"bbc-19j92fr ebmt73l0\" dir=\"ltr\">\n<p class=\"bbc-hhl7in e17g058b0\" dir=\"ltr\">Otro canal de contagio o &#8220;factor de transmisi\u00f3n&#8221; hacia el exterior es el debilitamiento de los flujos de dinero que salen desde EE.UU..<\/p>\n<div class=\"bbc-19j92fr ebmt73l0\" dir=\"ltr\">\n<p class=\"bbc-hhl7in e17g058b0\" dir=\"ltr\">Pero, al mismo tiempo, una desaceleraci\u00f3n aumenta el env\u00edo de capitales desde el exterior hacia Estados Unidos, porque los inversores buscan protegerse de las tempestades.<\/p>\n<\/div>\n<div class=\"bbc-19j92fr ebmt73l0\" dir=\"ltr\">\n<p class=\"bbc-hhl7in e17g058b0\" dir=\"ltr\">En ese sentido, Latinoam\u00e9rica est\u00e1 bastante expuesta a la fuga de capitales hacia la primera econom\u00eda del mundo.<\/p>\n<\/div>\n<div class=\"bbc-19j92fr ebmt73l0\" dir=\"ltr\">\n<p class=\"bbc-hhl7in e17g058b0\" dir=\"ltr\">Por otro lado, si Estados Unidos sigue desacelerando, eso\u00a0afectar\u00e1 las exportaciones que los pa\u00edses de Am\u00e9rica Latina env\u00edan hacia ese mercado, mermando una importante fuente de ingresos.<\/p>\n<div class=\"bbc-19j92fr ebmt73l0\" dir=\"ltr\">\n<p class=\"bbc-hhl7in e17g058b0\" dir=\"ltr\">A eso hay que agregar, dijo el economista, que ha bajado el precio de las materias primas, lo cual incide en una ca\u00edda de los ingresos.<\/p>\n<\/div>\n<div class=\"bbc-19j92fr ebmt73l0\" dir=\"ltr\">\n<p class=\"bbc-hhl7in e17g058b0\" dir=\"ltr\">Mirando m\u00e1s a largo plazo, Jos\u00e9 Luis de la Cruz advirti\u00f3 que, si Estados Unidos llega a caer en recesi\u00f3n, &#8220;eso le abre la puerta a China en Am\u00e9rica Latina para comprar m\u00e1s\u00a0<i class=\"bbc-h1y5j7 eih42320\">commodities<\/i>&#8221; y reforzar su presencia en la regi\u00f3n.<\/p>\n<\/div>\n<\/div>\n<\/div>\n<\/div>\n<\/div>\n<\/div>\n<\/div>\n<\/div>\n<\/div>\n<\/div>\n<\/div>\n","protected":false},"excerpt":{"rendered":"<p>Las bolsas est\u00e1n a la expectativa de lo que pueda sucerder en los pr\u00f3ximos meses. (Foto de archivo) La mayor econom\u00eda del mundo est\u00e1 en&hellip;<\/p>\n","protected":false},"author":99,"featured_media":504600,"comment_status":"open","ping_status":"open","sticky":false,"template":"","format":"standard","meta":{"footnotes":""},"categories":[11358,23],"tags":[],"class_list":["post-504599","post","type-post","status-publish","format-standard","has-post-thumbnail","hentry","category-especiales","category-latinoamerica"],"_links":{"self":[{"href":"https:\/\/diarioelpopular.com\/index.php\/wp-json\/wp\/v2\/posts\/504599","targetHints":{"allow":["GET"]}}],"collection":[{"href":"https:\/\/diarioelpopular.com\/index.php\/wp-json\/wp\/v2\/posts"}],"about":[{"href":"https:\/\/diarioelpopular.com\/index.php\/wp-json\/wp\/v2\/types\/post"}],"author":[{"embeddable":true,"href":"https:\/\/diarioelpopular.com\/index.php\/wp-json\/wp\/v2\/users\/99"}],"replies":[{"embeddable":true,"href":"https:\/\/diarioelpopular.com\/index.php\/wp-json\/wp\/v2\/comments?post=504599"}],"version-history":[{"count":1,"href":"https:\/\/diarioelpopular.com\/index.php\/wp-json\/wp\/v2\/posts\/504599\/revisions"}],"predecessor-version":[{"id":504601,"href":"https:\/\/diarioelpopular.com\/index.php\/wp-json\/wp\/v2\/posts\/504599\/revisions\/504601"}],"wp:featuredmedia":[{"embeddable":true,"href":"https:\/\/diarioelpopular.com\/index.php\/wp-json\/wp\/v2\/media\/504600"}],"wp:attachment":[{"href":"https:\/\/diarioelpopular.com\/index.php\/wp-json\/wp\/v2\/media?parent=504599"}],"wp:term":[{"taxonomy":"category","embeddable":true,"href":"https:\/\/diarioelpopular.com\/index.php\/wp-json\/wp\/v2\/categories?post=504599"},{"taxonomy":"post_tag","embeddable":true,"href":"https:\/\/diarioelpopular.com\/index.php\/wp-json\/wp\/v2\/tags?post=504599"}],"curies":[{"name":"wp","href":"https:\/\/api.w.org\/{rel}","templated":true}]}}