{"id":504624,"date":"2022-07-30T12:49:45","date_gmt":"2022-07-30T16:49:45","guid":{"rendered":"https:\/\/diarioelpopular.com\/?p=504624"},"modified":"2022-07-30T12:49:45","modified_gmt":"2022-07-30T16:49:45","slug":"chile-expresidente-aclaro-voto-en-plebiscito","status":"publish","type":"post","link":"https:\/\/diarioelpopular.com\/index.php\/2022\/07\/30\/chile-expresidente-aclaro-voto-en-plebiscito\/","title":{"rendered":"Chile: Expresidente aclar\u00f3 voto en plebiscito"},"content":{"rendered":"<p>&nbsp;<\/p>\n<p><img loading=\"lazy\" decoding=\"async\" class=\"alignnone size-custom-full-size wp-image-504625\" src=\"https:\/\/diarioelpopular.com\/wp-content\/uploads\/2022\/07\/cfdebf081a20966dbdd901d533a41870.jpg\" alt=\"\" width=\"476\" height=\"317\" srcset=\"https:\/\/diarioelpopular.com\/wp-content\/uploads\/2022\/07\/cfdebf081a20966dbdd901d533a41870.jpg 476w, https:\/\/diarioelpopular.com\/wp-content\/uploads\/2022\/07\/cfdebf081a20966dbdd901d533a41870-300x200.jpg 300w, https:\/\/diarioelpopular.com\/wp-content\/uploads\/2022\/07\/cfdebf081a20966dbdd901d533a41870-110x73.jpg 110w\" sizes=\"auto, (max-width: 476px) 100vw, 476px\" \/><\/p>\n<p><em>Ricardo Lagos.\u00a0<\/em><\/p>\n<p><em><strong>&#8211; El expresidente socialdem\u00f3crata chileno Ricardo Lagos (2006-2010) sali\u00f3 al paso de las interpretaciones que anticipan que votar\u00e1 Rechazo en el Plebiscito del 4 de septiembre sobre la propuesta de nueva Constituci\u00f3n.<\/strong><\/em><\/p>\n<p><em><strong>\u00a0SANTIAGO DE CHILE, 30 JUL-\u00a0 \u00a0<\/strong> <\/em>En carta al diario el Mercurio, el exmandatario se pregunt\u00f3 que &#8220;\u00bfde d\u00f3nde saca un columnista de su diario el domingo pasado que casi todos los chilenos entendieron que Lagos votar\u00e1 Rechazo?&#8221;.<br \/>\nDe esta manera refut\u00f3 al columnista que utiliza el seud\u00f3nimo Joe Black, quien sostuvo que &#8220;el expresidente Lagos dej\u00f3 claro que no har\u00e1 campa\u00f1a por el Apruebo y casi todos chilenos ya entendimos que seguramente votar\u00e1 Rechazo, aunque sea en la intimidad de la urna&#8221;.<br \/>\n&#8220;Es una conclusi\u00f3n apresurada que hace una lectura muy ligera de lo que he planteado al pa\u00eds&#8221;, reproch\u00f3 el exgobernante.<br \/>\nLagos dio a conocer su postura en una carta de comienzos de mes donde no se pronunci\u00f3 por una opci\u00f3n, sino que dijo -y reiter\u00f3 en su misiva de hoy-, que &#8220;lo que dije, e insisto, es que hay una gran tarea que nos espera el 5 de septiembre y de ah\u00ed en adelante&#8221;.<br \/>\nAnot\u00f3 enseguida que &#8220;Chile no vuelve atr\u00e1s, lo que nos cabe es avanzar hacia una Constituci\u00f3n con visi\u00f3n de presente y futuro, de justicia y progreso, de nuevos desarrollo y nuevas oportunidades&#8221;.<br \/>\nA su juicio, &#8220;lo que nos cabe es aprovechar estas semanas antes del Plebiscito para llegar en las mejores condiciones de di\u00e1logo al desaf\u00edo que nos espera tras esta consulta democr\u00e1tica&#8221;.<br \/>\nRecord\u00f3 que en su carta original escribi\u00f3 que &#8220;hab\u00eda cinco reformas b\u00e1sicas que realizar tanto como ganara el Apruebo o el Rechazo&#8221;.<br \/>\nS\u00ed, admiti\u00f3, en caso de triunfar en Apruebo &#8220;tenemos una gran ventaja, sabemos cu\u00e1les son aquellas cosas indispensables a hacer de acuerdo a la Constituci\u00f3n, en el af\u00e1n de aportarle mejor\u00edas a su texto&#8221;.<br \/>\nAsimismo, agreg\u00f3, &#8220;si gana el Rechazo, ser\u00e1 importante tener claro cu\u00e1les son aquellas propuestas de la Constituci\u00f3n propuesta por la Asamblea Constituyente que deben preservarse a futuro&#8221;. El expresidente Lagos remarc\u00f3 que &#8220;fui muy claro en decir que me niego a hablar de Apruebo o Rechazo a secas porque todo indica que ser\u00e1 indispensable complementar por una v\u00eda democr\u00e1tica lo que el pueblo de Chile decida el d\u00eda 4 de septiembre&#8221;.<br \/>\nLagos cerr\u00f3 diciendo que &#8220;aprovechemos estos d\u00edas que quedan hasta entonces para darles contenido y precisi\u00f3n a esas tareas que ser\u00e1n ineludibles. Y eso es lo que se debiera hacer expl\u00edcito para que la ciudadan\u00eda resuelva desde un conocimiento mayor sobre la marcha que el pa\u00eds toma a partir de su voto&#8221;.<br \/>\n&#8220;Porque, como quiera que sea, el debate constitucional continuar\u00e1 el 5 de septiembre&#8221;, insisti\u00f3.<br \/>\nEl secretario general del Partido Socialista, Camilo Escalona, coment\u00f3 que el exmandatario &#8220;se ha precisado en su posici\u00f3n, y se acerc\u00f3 mucho a lo que se\u00f1al\u00f3 la expresidenta (Michelle) Bachelet, en el sentido de que: es mejor el &#8216;Apruebo&#8217; para poder mejorar el futuro institucional del pa\u00eds. Para nosotros es una buena noticia esa declaraci\u00f3n&#8221;.<br \/>\nA su vez, el ex convencional del Partido Comunista, Marcos Barraza, opin\u00f3 que la nueva carta de Lagos es un &#8220;inequ\u00edvoco gui\u00f1o al Apruebo. Viene a corregir una posici\u00f3n inicial que era m\u00e1s distante del Apruebo o que, en su defecto, equiparaba el Apruebo con el Rechazo&#8221;.<br \/>\n&#8220;Creo que es una se\u00f1al m\u00e1s de que el Apruebo se est\u00e1 vitalizando, goza de buena salud y creo que m\u00e1s actores se van a ir sumando al Apruebo&#8221;, estim\u00f3.<br \/>\nMientras el Consejo Nacional de Televisi\u00f3n (CNTV) sorte\u00f3 hoy el orden de aparici\u00f3n en el primer d\u00eda de la franja televisiva por el Plebiscito.<br \/>\nLa primera emisi\u00f3n se realizar\u00e1 el 5 de agosto y la opci\u00f3n Apruebo ser\u00e1 la encargada de abrir la campa\u00f1a en horario matutino, 12:45, y la opci\u00f3n Rechazo, se tomar\u00e1 el horario nocturno, a las 20:45.<br \/>\nLos d\u00edas posteriores ambas opciones deber\u00e1n intercalar la hora de emisi\u00f3n, con el fin de que no se repita ninguna opci\u00f3n en un mismo horario por d\u00edas consecutivos.<br \/>\nLa emisi\u00f3n de la franja, de 15 minutos cada espacio y que se transmite antes de los noticieros, se extender\u00e1 hasta el 1 de septiembre, tres d\u00edas antes de la votaci\u00f3n.<\/p>\n","protected":false},"excerpt":{"rendered":"<p>&nbsp; Ricardo Lagos.\u00a0 &#8211; El expresidente socialdem\u00f3crata chileno Ricardo Lagos (2006-2010) sali\u00f3 al paso de las interpretaciones que anticipan que votar\u00e1 Rechazo en el Plebiscito&hellip;<\/p>\n","protected":false},"author":99,"featured_media":504625,"comment_status":"open","ping_status":"open","sticky":false,"template":"","format":"standard","meta":{"footnotes":""},"categories":[23],"tags":[],"class_list":["post-504624","post","type-post","status-publish","format-standard","has-post-thumbnail","hentry","category-latinoamerica"],"_links":{"self":[{"href":"https:\/\/diarioelpopular.com\/index.php\/wp-json\/wp\/v2\/posts\/504624","targetHints":{"allow":["GET"]}}],"collection":[{"href":"https:\/\/diarioelpopular.com\/index.php\/wp-json\/wp\/v2\/posts"}],"about":[{"href":"https:\/\/diarioelpopular.com\/index.php\/wp-json\/wp\/v2\/types\/post"}],"author":[{"embeddable":true,"href":"https:\/\/diarioelpopular.com\/index.php\/wp-json\/wp\/v2\/users\/99"}],"replies":[{"embeddable":true,"href":"https:\/\/diarioelpopular.com\/index.php\/wp-json\/wp\/v2\/comments?post=504624"}],"version-history":[{"count":1,"href":"https:\/\/diarioelpopular.com\/index.php\/wp-json\/wp\/v2\/posts\/504624\/revisions"}],"predecessor-version":[{"id":504626,"href":"https:\/\/diarioelpopular.com\/index.php\/wp-json\/wp\/v2\/posts\/504624\/revisions\/504626"}],"wp:featuredmedia":[{"embeddable":true,"href":"https:\/\/diarioelpopular.com\/index.php\/wp-json\/wp\/v2\/media\/504625"}],"wp:attachment":[{"href":"https:\/\/diarioelpopular.com\/index.php\/wp-json\/wp\/v2\/media?parent=504624"}],"wp:term":[{"taxonomy":"category","embeddable":true,"href":"https:\/\/diarioelpopular.com\/index.php\/wp-json\/wp\/v2\/categories?post=504624"},{"taxonomy":"post_tag","embeddable":true,"href":"https:\/\/diarioelpopular.com\/index.php\/wp-json\/wp\/v2\/tags?post=504624"}],"curies":[{"name":"wp","href":"https:\/\/api.w.org\/{rel}","templated":true}]}}