{"id":504650,"date":"2022-08-01T11:39:43","date_gmt":"2022-08-01T15:39:43","guid":{"rendered":"https:\/\/diarioelpopular.com\/?p=504650"},"modified":"2022-08-01T11:39:43","modified_gmt":"2022-08-01T15:39:43","slug":"como-opera-el-temido-tren-de-aragua-la-megabanda-criminal-de-venezuela-que-se-expandio-a-otros-paises-de-america-latina","status":"publish","type":"post","link":"https:\/\/diarioelpopular.com\/index.php\/2022\/08\/01\/como-opera-el-temido-tren-de-aragua-la-megabanda-criminal-de-venezuela-que-se-expandio-a-otros-paises-de-america-latina\/","title":{"rendered":"C\u00f3mo opera el temido Tren de Aragua, la megabanda criminal de Venezuela que se expandi\u00f3 a otros pa\u00edses de Am\u00e9rica Latina"},"content":{"rendered":"<p><img loading=\"lazy\" decoding=\"async\" class=\"alignnone size-custom-full-size wp-image-504651\" src=\"https:\/\/diarioelpopular.com\/wp-content\/uploads\/2022\/08\/126032394_gettyimages-1068377216-636x358.jpg\" alt=\"\" width=\"636\" height=\"358\" srcset=\"https:\/\/diarioelpopular.com\/wp-content\/uploads\/2022\/08\/126032394_gettyimages-1068377216-636x358.jpg 636w, https:\/\/diarioelpopular.com\/wp-content\/uploads\/2022\/08\/126032394_gettyimages-1068377216-300x169.jpg 300w, https:\/\/diarioelpopular.com\/wp-content\/uploads\/2022\/08\/126032394_gettyimages-1068377216-768x432.jpg 768w, https:\/\/diarioelpopular.com\/wp-content\/uploads\/2022\/08\/126032394_gettyimages-1068377216-130x73.jpg 130w, https:\/\/diarioelpopular.com\/wp-content\/uploads\/2022\/08\/126032394_gettyimages-1068377216.jpg 800w\" sizes=\"auto, (max-width: 636px) 100vw, 636px\" \/><\/p>\n<p><em>Autoridades venezolanas vigilando a presos de la c\u00e1rcel de Tocor\u00f3n, que presuntamente funciona como la &#8220;sede&#8221; del Tren de Aragua, durante un torneo penitenciario de rugby.<\/em><\/p>\n<p>&nbsp;<\/p>\n<div class=\"bbc-19j92fr ebmt73l0\" dir=\"ltr\">\n<p class=\"bbc-hhl7in e17g058b0\" dir=\"ltr\"><em><b>&#8211; Tras el desalojo el pasado 16 de junio de 23 casas en el Cerro Chu\u00f1o, un sector pobre de Arica, en el extremo norte de Chile, la polic\u00eda encontr\u00f3 armas, drogas y el cad\u00e1ver enterrado con signos de tortura de un hombre que ya llevaba un mes muerto, seg\u00fan la autopsia.<\/b><\/em><\/p>\n<\/div>\n<div class=\"bbc-19j92fr ebmt73l0\" dir=\"ltr\">\n<p class=\"bbc-hhl7in e17g058b0\" dir=\"ltr\">Los agentes detuvieron a 17 personas que fueron imputadas por delitos de tr\u00e1fico y asociaci\u00f3n il\u00edcita para el tr\u00e1fico de drogas, secuestro, tenencia de armas de fuego, entre otros cargos.<\/p>\n<\/div>\n<div class=\"bbc-19j92fr ebmt73l0\" dir=\"ltr\">\n<p class=\"bbc-hhl7in e17g058b0\" dir=\"ltr\">En algunos pa\u00edses de Am\u00e9rica Latina, este tipo de operaciones se han vuelto comunes en las \u00faltimas d\u00e9cadas, pero en Chile, uno de los pa\u00edses m\u00e1s seguros del continente, causa conmoci\u00f3n.<\/p>\n<\/div>\n<div class=\"bbc-19j92fr ebmt73l0\" dir=\"ltr\">\n<p class=\"bbc-hhl7in e17g058b0\" dir=\"ltr\">&#8220;Quiero que sepan que los vamos a perseguir&#8221;, advirti\u00f3 d\u00edas despu\u00e9s el presidente del pa\u00eds, Gabriel Boric, refiri\u00e9ndose al caso.<\/p>\n<p dir=\"ltr\">De acuerdo con la polic\u00eda, los imputados forman parte del grupo\u00a0&#8220;Los Gallegos&#8221;,\u00a0un brazo de una megabanda criminal venezolana que se ha expandido por casi todo el continente.<\/p>\n<div class=\"bbc-19j92fr ebmt73l0\" dir=\"ltr\">\n<p class=\"bbc-hhl7in e17g058b0\" dir=\"ltr\">El\u00a0Tren de Aragua, como se le conoce, naci\u00f3 en el estado del mismo nombre, en el norte de Venezuela, hace una d\u00e9cada aproximadamente.<\/p>\n<\/div>\n<div class=\"bbc-19j92fr ebmt73l0\" dir=\"ltr\">\n<p class=\"bbc-hhl7in e17g058b0\" dir=\"ltr\">Seg\u00fan expertos, esta temida organizaci\u00f3n es liderada por H\u00e9ctor Rusthenford Guerrero Flores, alias &#8220;Ni\u00f1o Guerrero&#8221;, quien actualmente se encuentra preso en la c\u00e1rcel de Tocor\u00f3n por varios delitos, entre ellos homicidio.<\/p>\n<\/div>\n<div class=\"bbc-19j92fr ebmt73l0\" dir=\"ltr\">\n<p class=\"bbc-hhl7in e17g058b0\" dir=\"ltr\">Hay consenso entre los expertos en que Tocor\u00f3n funciona como &#8220;sede&#8221; del Tren de Aragua.<\/p>\n<div class=\"bbc-19j92fr ebmt73l0\" dir=\"ltr\">\n<h2 id=\"Or\u00edgenes\" class=\"bbc-1f03ibc eglt09e0\" tabindex=\"-1\">Or\u00edgenes<\/h2>\n<\/div>\n<div class=\"bbc-19j92fr ebmt73l0\" dir=\"ltr\">\n<p class=\"bbc-hhl7in e17g058b0\" dir=\"ltr\">Seg\u00fan Luis Izquiel, profesor de Criminolog\u00eda de la Universidad Central de Venezuela, la banda naci\u00f3 hace &#8220;unos 12 o 14 a\u00f1os&#8221; en un sindicato que controlaba un tramo de tren que atravesar\u00eda el estado Aragua.<\/p>\n<\/div>\n<div class=\"bbc-19j92fr ebmt73l0\" dir=\"ltr\">\n<p class=\"bbc-hhl7in e17g058b0\" dir=\"ltr\">&#8220;Los miembros del sindicato extorsionaban a los contratistas, vend\u00edan puestos de trabajo en las obras y se les empez\u00f3 a conocer como &#8216;los del tren de Aragua'&#8221;. asegura el experto en crimen organizado en entrevista con BBC Mundo.<\/p>\n<\/div>\n<div class=\"bbc-19j92fr ebmt73l0\" dir=\"ltr\">\n<p class=\"bbc-hhl7in e17g058b0\" dir=\"ltr\">&#8220;Algunos de estos individuos terminaron presos en una prisi\u00f3n local conocida como la c\u00e1rcel de Tocor\u00f3n y desde all\u00ed comenzaron a tomar fuerza como organizaci\u00f3n criminal&#8221;, prosigue.<\/p>\n<\/div>\n<div class=\"bbc-19j92fr ebmt73l0\" dir=\"ltr\">\n<p class=\"bbc-hhl7in e17g058b0\" dir=\"ltr\">Izquiel explica que, desde la prisi\u00f3n, H\u00e9ctor Rusthenford Guerrero comenz\u00f3 a\u00a0agrupar a exmiembros del sindicato\u00a0y a otros presos comunes y arm\u00f3 poco a poco la organizaci\u00f3n que conocemos actualmente.<\/p>\n<\/div>\n<div class=\"bbc-19j92fr ebmt73l0\" dir=\"ltr\">\n<p class=\"bbc-hhl7in e17g058b0\" dir=\"ltr\">Primero se expandieron afuera de la c\u00e1rcel hacia otros sectores del estado Aragua.<\/p>\n<\/div>\n<div class=\"bbc-19j92fr ebmt73l0\" dir=\"ltr\">\n<p class=\"bbc-hhl7in e17g058b0\" dir=\"ltr\">&#8220;Hoy controlan el barrio de San Vicente en el estado Aragua, que ha pasado a ser su\u00a0epicentro de control\u00a0fuera de la c\u00e1rcel de Tocor\u00f3n&#8221;, agrega.<\/p>\n<\/div>\n<div class=\"bbc-19j92fr ebmt73l0\" dir=\"ltr\">\n<p class=\"bbc-hhl7in e17g058b0\" dir=\"ltr\">Luego se expandieron al resto del pa\u00eds: &#8220;Se sabe que est\u00e1n en el estado Sucre, controlando rutas de narcotr\u00e1fico, y participan en la miner\u00eda ilegal en el estado Bol\u00edvar&#8221;.<\/p>\n<\/div>\n<div class=\"bbc-sffzb7 e1hrqbfn0\">\n<div class=\"bbc-19j92fr ebmt73l0\" dir=\"ltr\">\n<h2 id=\"Liderazgo\" class=\"bbc-1f03ibc eglt09e0\" tabindex=\"-1\">Liderazgo<\/h2>\n<\/div>\n<\/div>\n<div class=\"bbc-19j92fr ebmt73l0\" dir=\"ltr\">\n<p class=\"bbc-hhl7in e17g058b0\" dir=\"ltr\">De acuerdo a la experta en crimen organizado Ronna Risquez, quien actualmente escribe un libro sobre el Tren de Aragua, la primera vez que se empez\u00f3 a escuchar del Tren de Aragua como una banda criminal ya establecida fue a partir de 2013, meses despu\u00e9s de la fuga de la prisi\u00f3n de Tocor\u00f3n del &#8220;Ni\u00f1o Guerrero&#8221;, quien fue recapturado casi un a\u00f1o despu\u00e9s.<\/p>\n<p dir=\"ltr\"><img loading=\"lazy\" decoding=\"async\" class=\"alignnone size-custom-full-size wp-image-504652\" src=\"https:\/\/diarioelpopular.com\/wp-content\/uploads\/2022\/08\/126049783_gettyimages-959882512-636x358.jpg\" alt=\"\" width=\"636\" height=\"358\" srcset=\"https:\/\/diarioelpopular.com\/wp-content\/uploads\/2022\/08\/126049783_gettyimages-959882512-636x358.jpg 636w, https:\/\/diarioelpopular.com\/wp-content\/uploads\/2022\/08\/126049783_gettyimages-959882512-300x169.jpg 300w, https:\/\/diarioelpopular.com\/wp-content\/uploads\/2022\/08\/126049783_gettyimages-959882512-768x432.jpg 768w, https:\/\/diarioelpopular.com\/wp-content\/uploads\/2022\/08\/126049783_gettyimages-959882512-130x73.jpg 130w, https:\/\/diarioelpopular.com\/wp-content\/uploads\/2022\/08\/126049783_gettyimages-959882512.jpg 800w\" sizes=\"auto, (max-width: 636px) 100vw, 636px\" \/><\/p>\n<p dir=\"ltr\"><em>Las c\u00e1rceles venezolanas son controladas por los &#8220;pranes&#8221;, un grupo de presos que tiene m\u00e1s poder que los directores de los centros o los militares que los controlan, seg\u00fan Luis Izquiel.<\/em><\/p>\n<p dir=\"ltr\">\n<div class=\"bbc-19j92fr ebmt73l0\" dir=\"ltr\">\n<p class=\"bbc-hhl7in e17g058b0\" dir=\"ltr\">&#8220;Antes de eso hab\u00edan varias organizaciones, algunas asociadas a la prisi\u00f3n de Tocor\u00f3n y otras que operaban afuera de la prisi\u00f3n en el estado Aragua y a quienes se les vincula con el ferrocarril que estaba en construcci\u00f3n en esa zona&#8221;, le dice la investigadora a BBC Mundo.<\/p>\n<\/div>\n<div class=\"bbc-19j92fr ebmt73l0\" dir=\"ltr\">\n<p class=\"bbc-hhl7in e17g058b0\" dir=\"ltr\">&#8220;De all\u00ed viene el nombre Tren de Aragua&#8221;.<\/p>\n<\/div>\n<div class=\"bbc-19j92fr ebmt73l0\" dir=\"ltr\">\n<p class=\"bbc-hhl7in e17g058b0\" dir=\"ltr\">Risquez asegura que Guerrero Flores es el l\u00edder oficialmente, pero a\u00f1ade que el grupo\u00a0podr\u00eda tener al menos dos l\u00edderes m\u00e1s, y que se sospecha que uno podr\u00eda estar en un estado minero venezolano y el otro en el extranjero.<\/p>\n<\/div>\n<div class=\"bbc-19j92fr ebmt73l0\" dir=\"ltr\">\n<p class=\"bbc-hhl7in e17g058b0\" dir=\"ltr\">El profesor de criminolog\u00eda Luis Izquiel explica el &#8220;Ni\u00f1o Guerrero&#8221; es capaz de controlar el Tren de Aragua desde prisi\u00f3n porque desde hace varios a\u00f1os algunos presos se han &#8220;adue\u00f1ado&#8221; del control de algunas c\u00e1rceles de Venezuela a trav\u00e9s del liderazgo de pandillas carcelarias.<\/p>\n<\/div>\n<div class=\"bbc-19j92fr ebmt73l0\" dir=\"ltr\">\n<p class=\"bbc-hhl7in e17g058b0\" dir=\"ltr\">&#8220;Todo lo que ocurre dentro de estas penitenciarias es manejado por estos criminales, que\u00a0tienen m\u00e1s poder que los directores\u00a0de las c\u00e1rceles o los militares que las custodian&#8221;, asegura.<\/p>\n<\/div>\n<div class=\"bbc-19j92fr ebmt73l0\" dir=\"ltr\">\n<p class=\"bbc-hhl7in e17g058b0\" dir=\"ltr\">A los l\u00edderes delictivos en Venezuela se les conoce como los &#8220;pranes&#8221; y H\u00e9ctor Guerrero Flores es quiz\u00e1 el m\u00e1s importante de todo el pa\u00eds.<\/p>\n<\/div>\n<div class=\"bbc-19j92fr ebmt73l0\" dir=\"ltr\">\n<p class=\"bbc-hhl7in e17g058b0\" dir=\"ltr\">Seg\u00fan Izquiel, esto ocurre con la complicidad de muchos funcionarios del Estado, sea por &#8220;acci\u00f3n u omisi\u00f3n&#8221;.<\/p>\n<\/div>\n<div class=\"bbc-19j92fr ebmt73l0\" dir=\"ltr\">\n<h2 id=\"Expansi\u00f3n-internacional\" class=\"bbc-1f03ibc eglt09e0\" tabindex=\"-1\">Expansi\u00f3n internacional<\/h2>\n<\/div>\n<div class=\"bbc-19j92fr ebmt73l0\" dir=\"ltr\">\n<p class=\"bbc-hhl7in e17g058b0\" dir=\"ltr\">Ronna Risquez afirma que ha identificado la presencia del Tren de Aragua en once estados de Venezuela, pero su actividad actualmente\u00a0no se limita a las fronteras del pa\u00eds caribe\u00f1o.<\/p>\n<\/div>\n<div class=\"bbc-19j92fr ebmt73l0\" dir=\"ltr\">\n<p class=\"bbc-hhl7in e17g058b0\" dir=\"ltr\">Apunta que si bien la primera evidencia p\u00fablica de una expansi\u00f3n extranjera del grupo se registr\u00f3 en Per\u00fa en 2018, puede que sus operaciones internacionales hayan comenzado antes.<\/p>\n<\/div>\n<div class=\"bbc-19j92fr ebmt73l0\" dir=\"ltr\">\n<p class=\"bbc-hhl7in e17g058b0\" dir=\"ltr\">El 3 de agosto de ese a\u00f1o, la Divisi\u00f3n de Investigaci\u00f3n de Robos de la polic\u00eda peruana detuvo a cinco integrantes de una banda que identificaron como &#8220;Los Malditos del Tren de Aragua&#8221;. Les incautaron tres armas de fuego, una camioneta, una granada tipo pi\u00f1a y pasamonta\u00f1as.<\/p>\n<\/div>\n<div class=\"bbc-19j92fr ebmt73l0\" dir=\"ltr\">\n<p class=\"bbc-hhl7in e17g058b0\" dir=\"ltr\">Uno de los detenidos, el venezolano Edison Agust\u00edn Barrera, alias &#8220;catire&#8221;, admiti\u00f3 haber cometido seis homicidios en Per\u00fa bajo la modalidad de sicariato.<\/p>\n<\/div>\n<div class=\"bbc-19j92fr ebmt73l0\" dir=\"ltr\">\n<p class=\"bbc-hhl7in e17g058b0\" dir=\"ltr\">Desde entonces\u00a0la banda se ha expandido\u00a0en ese pa\u00eds. El pasado 19 de julio, la polic\u00eda local detuvo a cuatro implicados de nacionalidad venezolana en el d\u00e9cimo piso de un edificio en Lima, la capital del pa\u00eds.<\/p>\n<\/div>\n<div class=\"bbc-19j92fr ebmt73l0\" dir=\"ltr\">\n<p class=\"bbc-hhl7in e17g058b0\" dir=\"ltr\">En el vecino Brasil, las autoridades han identificado v\u00ednculos entre el Tren de Aragua y el El Primer Comando de la Capital (PCC), la organizaci\u00f3n criminal m\u00e1s importante del pa\u00eds -y que tambi\u00e9n naci\u00f3 en una penitencier\u00eda- en el estado de Roraima, que comparte frontera con Venezuela.<\/p>\n<\/div>\n<div class=\"bbc-19j92fr ebmt73l0\" dir=\"ltr\">\n<p class=\"bbc-hhl7in e17g058b0\" dir=\"ltr\">Tambi\u00e9n se han registrado actividades del grupo en Colombia.<\/p>\n<p dir=\"ltr\"><img loading=\"lazy\" decoding=\"async\" class=\"alignnone size-custom-full-size wp-image-504653\" src=\"https:\/\/diarioelpopular.com\/wp-content\/uploads\/2022\/08\/126017354_gettyimages-1235496094-636x358.jpg\" alt=\"\" width=\"636\" height=\"358\" srcset=\"https:\/\/diarioelpopular.com\/wp-content\/uploads\/2022\/08\/126017354_gettyimages-1235496094-636x358.jpg 636w, https:\/\/diarioelpopular.com\/wp-content\/uploads\/2022\/08\/126017354_gettyimages-1235496094-300x169.jpg 300w, https:\/\/diarioelpopular.com\/wp-content\/uploads\/2022\/08\/126017354_gettyimages-1235496094-768x432.jpg 768w, https:\/\/diarioelpopular.com\/wp-content\/uploads\/2022\/08\/126017354_gettyimages-1235496094-130x73.jpg 130w, https:\/\/diarioelpopular.com\/wp-content\/uploads\/2022\/08\/126017354_gettyimages-1235496094.jpg 800w\" sizes=\"auto, (max-width: 636px) 100vw, 636px\" \/><\/p>\n<p dir=\"ltr\"><em>Seg\u00fan Ronna Risquez, los migrantes venezolanos se han convertido en v\u00edctimas de la organizaci\u00f3n criminal.<\/em><\/p>\n<p dir=\"ltr\">\n<div class=\"bbc-19j92fr ebmt73l0\" dir=\"ltr\">\n<p class=\"bbc-hhl7in e17g058b0\" dir=\"ltr\">&#8220;En Colombia, empez\u00f3 operando en la zona fronteriza con Venezuela,\u00a0entre T\u00e1chira y el Norte de Santander, donde ahora controlan el paso fronterizo del lado colombiano. Luego se expandi\u00f3 a otras regiones colombianas incluida Bogot\u00e1, m\u00e1s recientemente&#8221;, asegura Risquez.<\/p>\n<\/div>\n<div class=\"bbc-19j92fr ebmt73l0\" dir=\"ltr\">\n<p class=\"bbc-hhl7in e17g058b0\" dir=\"ltr\">A principios de julio, un video en el que se puede ver a dos sujetos golpeando, torturando y asfixiando a un migrante hasta quitarle la vida sirvi\u00f3 de prueba para que la polic\u00eda de Bogot\u00e1 capturara en la localidad de Kennedy a alias Alfredito y el Capi, dos presuntos miembros del Tren de Aragua.<\/p>\n<\/div>\n<div class=\"bbc-19j92fr ebmt73l0\" dir=\"ltr\">\n<p class=\"bbc-hhl7in e17g058b0\" dir=\"ltr\">Seg\u00fan las autoridades colombianas, el grupo delincuencial lucha desde 2021 con otras bandas colombianas por el control del negocio de la droga en la capital colombiana.<\/p>\n<\/div>\n<div class=\"bbc-19j92fr ebmt73l0\" dir=\"ltr\">\n<h2 id=\"Su-sello-es-causar-temor\" class=\"bbc-1f03ibc eglt09e0\" tabindex=\"-1\">&#8220;Su sello es causar temor&#8221;<\/h2>\n<\/div>\n<div class=\"bbc-19j92fr ebmt73l0\" dir=\"ltr\">\n<p class=\"bbc-hhl7in e17g058b0\" dir=\"ltr\">Tres semanas antes del operativo policial en Bogot\u00e1, mucho m\u00e1s al sur del continente, el jefe de la Prefectura Antinarc\u00f3ticos y Contra el Crimen Organizado Norte de la polic\u00eda chilena, Rodrigo Fuentes, ofreci\u00f3 detalles de\u00a0c\u00f3mo opera la megabanda en Chile.<\/p>\n<\/div>\n<div class=\"bbc-19j92fr ebmt73l0\" dir=\"ltr\">\n<p class=\"bbc-hhl7in e17g058b0\" dir=\"ltr\">&#8220;Obedecen a un l\u00edder, tienen personas vinculadas al manejo del armamento, otros que se preocupan de la recolecci\u00f3n de dinero, conocida como vacunas, como extorsi\u00f3n, y sicarios&#8221;, detall\u00f3 el funcionario a medios chilenos.<\/p>\n<p dir=\"ltr\"><img loading=\"lazy\" decoding=\"async\" class=\"alignnone size-custom-full-size wp-image-504654\" src=\"https:\/\/diarioelpopular.com\/wp-content\/uploads\/2022\/08\/126017352_gettyimages-1236532374-636x358.jpg\" alt=\"\" width=\"636\" height=\"358\" srcset=\"https:\/\/diarioelpopular.com\/wp-content\/uploads\/2022\/08\/126017352_gettyimages-1236532374-636x358.jpg 636w, https:\/\/diarioelpopular.com\/wp-content\/uploads\/2022\/08\/126017352_gettyimages-1236532374-300x169.jpg 300w, https:\/\/diarioelpopular.com\/wp-content\/uploads\/2022\/08\/126017352_gettyimages-1236532374-768x432.jpg 768w, https:\/\/diarioelpopular.com\/wp-content\/uploads\/2022\/08\/126017352_gettyimages-1236532374-130x73.jpg 130w, https:\/\/diarioelpopular.com\/wp-content\/uploads\/2022\/08\/126017352_gettyimages-1236532374.jpg 800w\" sizes=\"auto, (max-width: 636px) 100vw, 636px\" \/><\/p>\n<p dir=\"ltr\"><em>La polic\u00eda colombiana detuvo a principios de julio a dos presuntos integrantes del Tren de Aragua en la localidad de Kennedy, en Bogot\u00e1.<\/em><\/p>\n<p dir=\"ltr\">\n<div class=\"bbc-19j92fr ebmt73l0\" dir=\"ltr\">\n<p class=\"bbc-hhl7in e17g058b0\" dir=\"ltr\">&#8220;Matan conforme a una orden, aqu\u00ed no se produce la figura del sicariato normal que nosotros conocemos, donde hay un premio o una promesa remuneratoria. Ac\u00e1 hay una orden de\u00a0un l\u00edder que ordena matar a una persona\u00a0que no paga la vacuna, cuando es extorsionada&#8221;, a\u00f1adi\u00f3.<\/p>\n<\/div>\n<div class=\"bbc-19j92fr ebmt73l0\" dir=\"ltr\">\n<p class=\"bbc-hhl7in e17g058b0\" dir=\"ltr\">Seg\u00fan Fuentes, gran parte del dinero obtenido de manera il\u00edcita es enviado a Venezuela.<\/p>\n<\/div>\n<div class=\"bbc-19j92fr ebmt73l0\" dir=\"ltr\">\n<p class=\"bbc-hhl7in e17g058b0\" dir=\"ltr\">&#8220;La organizaci\u00f3n en s\u00ed tiene liderazgos que est\u00e1n en Venezuela y estos liderazgos se transforman en brazos operativos en distintos pa\u00edses&#8221;.<\/p>\n<\/div>\n<div class=\"bbc-19j92fr ebmt73l0\" dir=\"ltr\">\n<p class=\"bbc-hhl7in e17g058b0\" dir=\"ltr\">Mario Carrera, quien es fiscal regional de Arica y Parinacota, una regi\u00f3n cerca de las fronteras de Chile con Per\u00fa y Bolivia, la calific\u00f3 como &#8220;una organizaci\u00f3n\u00a0bastante bruta en su forma de actuar&#8221;.<\/p>\n<\/div>\n<div class=\"bbc-19j92fr ebmt73l0\" dir=\"ltr\">\n<p class=\"bbc-hhl7in e17g058b0\" dir=\"ltr\">&#8220;Normalmente una organizaci\u00f3n criminal buscar actuar con sigilo para no despertar mayores sospechas. Esta gente no, su sello es causar temor y para ello ocupan las t\u00e9cnicas que hemos visto, los homicidios y las torturas&#8221;, dijo la semana pasada durante una intervenci\u00f3n en la Radio Cooperativa de Chile.<\/p>\n<\/div>\n<div class=\"bbc-19j92fr ebmt73l0\" dir=\"ltr\">\n<p class=\"bbc-hhl7in e17g058b0\" dir=\"ltr\">El Tren de Aragua tambi\u00e9n ha sido acusado en Chile y en otros pa\u00edses de trata de mujeres con fines de explotaci\u00f3n sexual y de tr\u00e1fico de migrantes.<\/p>\n<\/div>\n<div class=\"bbc-19j92fr ebmt73l0\" dir=\"ltr\">\n<h2 id=\"Miles-de-integrantes\" class=\"bbc-1f03ibc eglt09e0\" tabindex=\"-1\">Miles de integrantes<\/h2>\n<\/div>\n<div class=\"bbc-19j92fr ebmt73l0\" dir=\"ltr\">\n<p class=\"bbc-hhl7in e17g058b0\" dir=\"ltr\">Ronna Risquez explica que si bien su presencia se ha comprobado en pa\u00edses como Colombia y Per\u00fa, se presume que el Tren de Aragua\u00a0opera en muchos otros pa\u00edses.<\/p>\n<\/div>\n<div class=\"bbc-19j92fr ebmt73l0\" dir=\"ltr\">\n<p class=\"bbc-hhl7in e17g058b0\" dir=\"ltr\">&#8220;Al operar en la frontera entre Chile y Bolivia, se presume que est\u00e1n en Bolivia. A operar en la frontera de Chile y Argentina, tambi\u00e9n se presume que operan en Argentina. Tambi\u00e9n se cree que est\u00e1n en Costa Rica y Panam\u00e1&#8221;, prosigue la experta en crimen organizado.<\/p>\n<\/div>\n<div class=\"bbc-19j92fr ebmt73l0\" dir=\"ltr\">\n<p class=\"bbc-hhl7in e17g058b0\" dir=\"ltr\">Por su parte, Luis Izquiel asegura que la banda tiene presencia en Ecuador, controlando a veces el paso fronterizo con Colombia.<\/p>\n<\/div>\n<div class=\"bbc-19j92fr ebmt73l0\" dir=\"ltr\">\n<p class=\"bbc-hhl7in e17g058b0\" dir=\"ltr\">Seg\u00fan el sitio especializado\u00a0<i class=\"bbc-h1y5j7 eih42320\">Insight crime<\/i><i class=\"bbc-h1y5j7 eih42320\">,\u00a0<\/i>el Tren de Aragua se ha convertido en una &#8220;amenaza criminal transnacional&#8221;.<\/p>\n<\/div>\n<div class=\"bbc-19j92fr ebmt73l0\" dir=\"ltr\">\n<p class=\"bbc-hhl7in e17g058b0\" dir=\"ltr\">&#8220;Ha seguido la trayectoria del \u00e9xodo de migrantes venezolanos y ha encontrado la manera de establecer operaciones permanentes en varios pa\u00edses&#8221;, apunta.<\/p>\n<p dir=\"ltr\"><img loading=\"lazy\" decoding=\"async\" class=\"alignnone size-custom-full-size wp-image-504655\" src=\"https:\/\/diarioelpopular.com\/wp-content\/uploads\/2022\/08\/125928190_gettyimages-1128721249-636x358.jpg\" alt=\"\" width=\"636\" height=\"358\" srcset=\"https:\/\/diarioelpopular.com\/wp-content\/uploads\/2022\/08\/125928190_gettyimages-1128721249-636x358.jpg 636w, https:\/\/diarioelpopular.com\/wp-content\/uploads\/2022\/08\/125928190_gettyimages-1128721249-300x169.jpg 300w, https:\/\/diarioelpopular.com\/wp-content\/uploads\/2022\/08\/125928190_gettyimages-1128721249-768x432.jpg 768w, https:\/\/diarioelpopular.com\/wp-content\/uploads\/2022\/08\/125928190_gettyimages-1128721249-130x73.jpg 130w, https:\/\/diarioelpopular.com\/wp-content\/uploads\/2022\/08\/125928190_gettyimages-1128721249.jpg 800w\" sizes=\"auto, (max-width: 636px) 100vw, 636px\" \/><\/p>\n<p dir=\"ltr\">\n<div class=\"bbc-19j92fr ebmt73l0\" dir=\"ltr\">\n<p class=\"bbc-hhl7in e17g058b0\" dir=\"ltr\">Calcular el\u00a0n\u00famero de integrantes\u00a0del Tren de Aragua es complicado, pero Izquiel calcula que podr\u00edan ser entre 2.500 y 3.000 individuos, mientras que la estimaci\u00f3n de Ronna Risquez va hasta los 5.000.<\/p>\n<\/div>\n<div class=\"bbc-19j92fr ebmt73l0\" dir=\"ltr\">\n<p class=\"bbc-hhl7in e17g058b0\" dir=\"ltr\">Risquez considera importante destacar que se trata de un grupo que no se dedica a una sola actividad delictiva, lo cual le da una &#8220;ventaja&#8221; frente a otras bandas.<\/p>\n<\/div>\n<div class=\"bbc-19j92fr ebmt73l0\" dir=\"ltr\">\n<p class=\"bbc-hhl7in e17g058b0\" dir=\"ltr\">&#8220;El Tren de Aragua tiene una gran capacidad para adaptarse. No es un grupo que se dedica exclusivamente al narcotr\u00e1fico ni al contrabando ni al secuestro. Busca nichos y brechas donde meterse y justamente uno de los nichos que ha aprovechado es la migraci\u00f3n venezolana&#8221;, se\u00f1ala.<\/p>\n<\/div>\n<div class=\"bbc-19j92fr ebmt73l0\" dir=\"ltr\">\n<p class=\"bbc-hhl7in e17g058b0\" dir=\"ltr\">&#8220;Puede que los migrantes venezolanos se hayan convertido en las principales v\u00edctimas del Tren. Los extorsionan, los utilizan para el tr\u00e1fico de migrantes o de personas, para la trata y explotaci\u00f3n sexual&#8221;.<\/p>\n<\/div>\n<div class=\"bbc-19j92fr ebmt73l0\" dir=\"ltr\">\n<p class=\"bbc-hhl7in e17g058b0\" dir=\"ltr\">&#8220;No tienen las armas de los carteles mexicanos ni el conocimiento del manejo de negocios ilegales que tienen las disidencias de las FARC o su experiencia, pero saben moverse y adaptarse&#8221;.<\/p>\n<\/div>\n<\/div>\n<\/div>\n<\/div>\n<\/div>\n<\/div>\n<\/div>\n","protected":false},"excerpt":{"rendered":"<p>Autoridades venezolanas vigilando a presos de la c\u00e1rcel de Tocor\u00f3n, que presuntamente funciona como la &#8220;sede&#8221; del Tren de Aragua, durante un torneo penitenciario de&hellip;<\/p>\n","protected":false},"author":99,"featured_media":504651,"comment_status":"open","ping_status":"open","sticky":false,"template":"","format":"standard","meta":{"footnotes":""},"categories":[11358,23],"tags":[],"class_list":["post-504650","post","type-post","status-publish","format-standard","has-post-thumbnail","hentry","category-especiales","category-latinoamerica"],"_links":{"self":[{"href":"https:\/\/diarioelpopular.com\/index.php\/wp-json\/wp\/v2\/posts\/504650","targetHints":{"allow":["GET"]}}],"collection":[{"href":"https:\/\/diarioelpopular.com\/index.php\/wp-json\/wp\/v2\/posts"}],"about":[{"href":"https:\/\/diarioelpopular.com\/index.php\/wp-json\/wp\/v2\/types\/post"}],"author":[{"embeddable":true,"href":"https:\/\/diarioelpopular.com\/index.php\/wp-json\/wp\/v2\/users\/99"}],"replies":[{"embeddable":true,"href":"https:\/\/diarioelpopular.com\/index.php\/wp-json\/wp\/v2\/comments?post=504650"}],"version-history":[{"count":1,"href":"https:\/\/diarioelpopular.com\/index.php\/wp-json\/wp\/v2\/posts\/504650\/revisions"}],"predecessor-version":[{"id":504656,"href":"https:\/\/diarioelpopular.com\/index.php\/wp-json\/wp\/v2\/posts\/504650\/revisions\/504656"}],"wp:featuredmedia":[{"embeddable":true,"href":"https:\/\/diarioelpopular.com\/index.php\/wp-json\/wp\/v2\/media\/504651"}],"wp:attachment":[{"href":"https:\/\/diarioelpopular.com\/index.php\/wp-json\/wp\/v2\/media?parent=504650"}],"wp:term":[{"taxonomy":"category","embeddable":true,"href":"https:\/\/diarioelpopular.com\/index.php\/wp-json\/wp\/v2\/categories?post=504650"},{"taxonomy":"post_tag","embeddable":true,"href":"https:\/\/diarioelpopular.com\/index.php\/wp-json\/wp\/v2\/tags?post=504650"}],"curies":[{"name":"wp","href":"https:\/\/api.w.org\/{rel}","templated":true}]}}