{"id":504668,"date":"2022-08-02T09:17:08","date_gmt":"2022-08-02T13:17:08","guid":{"rendered":"https:\/\/diarioelpopular.com\/?p=504668"},"modified":"2022-08-02T09:17:08","modified_gmt":"2022-08-02T13:17:08","slug":"fiscal-acusa-a-fernandez-de-kirchner-de-corrupcion-en-juicio","status":"publish","type":"post","link":"https:\/\/diarioelpopular.com\/index.php\/2022\/08\/02\/fiscal-acusa-a-fernandez-de-kirchner-de-corrupcion-en-juicio\/","title":{"rendered":"Fiscal acusa a Fern\u00e1ndez de Kirchner de corrupci\u00f3n en juicio"},"content":{"rendered":"<p><img loading=\"lazy\" decoding=\"async\" class=\"alignnone size-custom-full-size wp-image-504676\" src=\"https:\/\/diarioelpopular.com\/wp-content\/uploads\/2022\/08\/ARGENTINA-VICEPRESIDENTA_JUICIO_29810-636x358.jpg\" alt=\"\" width=\"636\" height=\"358\" srcset=\"https:\/\/diarioelpopular.com\/wp-content\/uploads\/2022\/08\/ARGENTINA-VICEPRESIDENTA_JUICIO_29810-636x358.jpg 636w, https:\/\/diarioelpopular.com\/wp-content\/uploads\/2022\/08\/ARGENTINA-VICEPRESIDENTA_JUICIO_29810-300x169.jpg 300w, https:\/\/diarioelpopular.com\/wp-content\/uploads\/2022\/08\/ARGENTINA-VICEPRESIDENTA_JUICIO_29810-768x432.jpg 768w, https:\/\/diarioelpopular.com\/wp-content\/uploads\/2022\/08\/ARGENTINA-VICEPRESIDENTA_JUICIO_29810-130x73.jpg 130w, https:\/\/diarioelpopular.com\/wp-content\/uploads\/2022\/08\/ARGENTINA-VICEPRESIDENTA_JUICIO_29810.jpg 1024w\" sizes=\"auto, (max-width: 636px) 100vw, 636px\" \/><\/p>\n<p><em>ARCHIVO &#8211; La vicepresidenta argentina Cristina Fern\u00e1ndez, a la izquierda, y el presidente Alberto Fern\u00e1ndez frente al Congreso luego de asistir a la ceremonia de inicio de sesiones del a\u00f1o en Buenos Aires, Argentina, el martes 1 de marzo de 2022. <\/em>\u00a0(AP Foto\/Natacha Pisarenko, Archivo) NATACHA PISARENKO AP<\/p>\n<p>&nbsp;<\/p>\n<p><em><strong>&#8211; Un fiscal federal acus\u00f3 este lunes a la vicepresidenta y exmandataria argentina Cristina Fern\u00e1ndez de Kirchner de haber encabezado un esquema corrupto de asignaci\u00f3n de obras p\u00fablicas durante su mandato en el juicio que enfrenta junto a otros exfuncionarios. <\/strong><\/em><\/p>\n<p>El fiscal federal Diego Luciani apunt\u00f3 contra la exgobernante (2007-2015) como l\u00edder de una \u201casociaci\u00f3n il\u00edcita\u201d que favoreci\u00f3 con obras viales a un empresario allegado en la provincia sure\u00f1a de Santa Cruz. Durante su alegato en el juicio el fiscal tambi\u00e9n incluy\u00f3 en ese supuesto sistema de corrupci\u00f3n a N\u00e9stor Kirchner, fallecido marido de la dirigente peronista y presidente entre 2003 y 2007.<\/p>\n<p>Fern\u00e1ndez de Kirchner, quien particip\u00f3 de la audiencia de forma virtual, es la principal imputada en el juicio que comenz\u00f3 en 2019 y en el que est\u00e1n acusadas otras 12 personas, entre ellas varios exfuncionarios. La vicepresidenta niega las acusaciones y sostiene que la investigaci\u00f3n que deriv\u00f3 en este proceso es una persecuci\u00f3n pol\u00edtica en su contra. \u201cEl Ministerio P\u00fablico Fiscal tiene por acreditado que entre los a\u00f1os 2003 y 2015 funcion\u00f3 en el seno del Estado una asociaci\u00f3n il\u00edcita piramidal que tuvo en su c\u00faspide a quienes fueron jefes de Estado\u201d, afirm\u00f3 Luciani. El \u00fanico juicio que ha afrontado hasta el momento Fern\u00e1ndez de Kirchner se encuentra en la fase de los alegatos, en la que las partes piden las condenas o absoluciones de los acusados.<\/p>\n<p>El fiscal apunt\u00f3 contra los Kirchner por las irregularidades que se habr\u00edan producido durante la concesi\u00f3n de medio centenar de obras p\u00fablicas a compa\u00f1\u00edas del empresario L\u00e1zaro B\u00e1ez en Santa Cruz, donde el exmandatario se desempe\u00f1\u00f3 como gobernador antes de ejercer la presidencia. Los delitos imputados son asociaci\u00f3n il\u00edcita y defraudaci\u00f3n a la administraci\u00f3n p\u00fablica.<\/p>\n<p>El fiscal hizo hincapi\u00e9 en la decisi\u00f3n de favorecer a Santa Cruz en el reparto de la obra p\u00fablica, \u201cpese a su baja densidad poblacional\u201d y \u201cen contra de los criterios de razonabilidad que deben regir las contrataciones administrativas\u201d. D\u00edas atr\u00e1s Fern\u00e1ndez de Kirchner sostuvo en redes sociales que el tribunal ya tiene &#8220;escrita y creo, a esta altura, hasta firmada\u201d la sentencia y volvi\u00f3 a considerarse v\u00edctima de una persecuci\u00f3n por parte de sectores de la justicia a los que vincula con su predecesor Mauricio Macri -presidente entre 2015 y 2019- y uno de los referentes de la oposici\u00f3n.<\/p>\n<p>La vicepresidenta ha cuestionado en particular un fallo de la Corte Suprema de junio que rechaz\u00f3 todos los recursos presentados por su defensa y las medidas de prueba solicitadas en el marco del juicio. La Oficina Anticorrupci\u00f3n renunci\u00f3 en junio a su condici\u00f3n de querellante en el juicio y la Unidad de Informaci\u00f3n Financiera pidi\u00f3 semanas atr\u00e1s la absoluci\u00f3n de la exmandataria. La vicepresidenta ha afrontado diversas investigaciones judiciales en los \u00faltimos a\u00f1os en las que fue absuelta sin llegar a juicio.<\/p>\n<p>&nbsp;<\/p>\n","protected":false},"excerpt":{"rendered":"<p>ARCHIVO &#8211; La vicepresidenta argentina Cristina Fern\u00e1ndez, a la izquierda, y el presidente Alberto Fern\u00e1ndez frente al Congreso luego de asistir a la ceremonia de&hellip;<\/p>\n","protected":false},"author":99,"featured_media":504676,"comment_status":"open","ping_status":"open","sticky":false,"template":"","format":"standard","meta":{"footnotes":""},"categories":[23],"tags":[],"class_list":["post-504668","post","type-post","status-publish","format-standard","has-post-thumbnail","hentry","category-latinoamerica"],"_links":{"self":[{"href":"https:\/\/diarioelpopular.com\/index.php\/wp-json\/wp\/v2\/posts\/504668","targetHints":{"allow":["GET"]}}],"collection":[{"href":"https:\/\/diarioelpopular.com\/index.php\/wp-json\/wp\/v2\/posts"}],"about":[{"href":"https:\/\/diarioelpopular.com\/index.php\/wp-json\/wp\/v2\/types\/post"}],"author":[{"embeddable":true,"href":"https:\/\/diarioelpopular.com\/index.php\/wp-json\/wp\/v2\/users\/99"}],"replies":[{"embeddable":true,"href":"https:\/\/diarioelpopular.com\/index.php\/wp-json\/wp\/v2\/comments?post=504668"}],"version-history":[{"count":1,"href":"https:\/\/diarioelpopular.com\/index.php\/wp-json\/wp\/v2\/posts\/504668\/revisions"}],"predecessor-version":[{"id":504677,"href":"https:\/\/diarioelpopular.com\/index.php\/wp-json\/wp\/v2\/posts\/504668\/revisions\/504677"}],"wp:featuredmedia":[{"embeddable":true,"href":"https:\/\/diarioelpopular.com\/index.php\/wp-json\/wp\/v2\/media\/504676"}],"wp:attachment":[{"href":"https:\/\/diarioelpopular.com\/index.php\/wp-json\/wp\/v2\/media?parent=504668"}],"wp:term":[{"taxonomy":"category","embeddable":true,"href":"https:\/\/diarioelpopular.com\/index.php\/wp-json\/wp\/v2\/categories?post=504668"},{"taxonomy":"post_tag","embeddable":true,"href":"https:\/\/diarioelpopular.com\/index.php\/wp-json\/wp\/v2\/tags?post=504668"}],"curies":[{"name":"wp","href":"https:\/\/api.w.org\/{rel}","templated":true}]}}