{"id":504696,"date":"2022-08-03T09:16:51","date_gmt":"2022-08-03T13:16:51","guid":{"rendered":"https:\/\/diarioelpopular.com\/?p=504696"},"modified":"2022-08-03T09:16:51","modified_gmt":"2022-08-03T13:16:51","slug":"mexico-canciller-rechaza-que-el-pais-deje-el-t-mec","status":"publish","type":"post","link":"https:\/\/diarioelpopular.com\/index.php\/2022\/08\/03\/mexico-canciller-rechaza-que-el-pais-deje-el-t-mec\/","title":{"rendered":"M\u00e9xico: Canciller rechaza que el pa\u00eds deje el T-MEC"},"content":{"rendered":"<p>&nbsp;<\/p>\n<p><img loading=\"lazy\" decoding=\"async\" class=\"alignnone size-custom-full-size wp-image-504697\" src=\"https:\/\/diarioelpopular.com\/wp-content\/uploads\/2022\/08\/bba04233443307760bef58e44c6a85f5.jpg\" alt=\"\" width=\"476\" height=\"317\" srcset=\"https:\/\/diarioelpopular.com\/wp-content\/uploads\/2022\/08\/bba04233443307760bef58e44c6a85f5.jpg 476w, https:\/\/diarioelpopular.com\/wp-content\/uploads\/2022\/08\/bba04233443307760bef58e44c6a85f5-300x200.jpg 300w, https:\/\/diarioelpopular.com\/wp-content\/uploads\/2022\/08\/bba04233443307760bef58e44c6a85f5-110x73.jpg 110w\" sizes=\"auto, (max-width: 476px) 100vw, 476px\" \/><\/p>\n<p><em>Marcelo Ebrard\u00a0<\/em><\/p>\n<h4><em><strong>&#8211; Intenta poner fin a especulaciones pol\u00edticas sobre el tema<\/strong><\/em><\/h4>\n<p><em><strong>CIUDAD DE M\u00c9XICO, 03 AGO &#8211;<\/strong><\/em> El ministro de Relaciones Exteriores, Marcelo Ebrard, descart\u00f3 que M\u00e9xico est\u00e9 &#8220;considerando dejar&#8221; el Tratado de Libre Comercio con Estados Unidos y Canad\u00e1 (T-MEC), vigente desde 1994 y renovado hace dos a\u00f1os, en un intento por frenar una oleada de especulaciones sobre el tema.<\/p>\n<p>&#8220;En ning\u00fan momento se ha pensado en dejar el tratado, que adem\u00e1s pues es el comercio principal de M\u00e9xico, sus exportaciones e importaciones&#8221;, dijo Ebrard, quien se refiri\u00f3 por primera vez a esta versi\u00f3n que ha calado fuerte tambi\u00e9n en los ambientes financieros, generando incertidumbre y efervescencia. &#8220;Una diferencia con Estados Unidos respecto a un tema no quiere decir ni que se va a colapsar la relaci\u00f3n bilateral, ni que vamos a dejar de estar en el tratado&#8221;, se\u00f1al\u00f3.<\/p>\n<p>&#8220;No tenemos ninguna indicaci\u00f3n del presidente en esa direcci\u00f3n, al contrario. Vamos a seguir adelante el proceso de di\u00e1logos previos, en su momento las consultas, vamos a presentar nuestros argumentos y yo les voy a ir informando&#8221;, explic\u00f3 el jefe de la diplomacia mexicana.<\/p>\n<p>El presidente Andr\u00e9s Manuel L\u00f3pez Obrador dio pie al surgimiento inmediato de estas versiones luego que dio a conocer que dar\u00eda un mensaje el pr\u00f3ximo 16 de septiembre, cuando se festeja la Fiesta de Independencia Nacional, para hablar sobre los pasos a seguir sobre un diferendo con Estados Unidos y Canad\u00e1 sobre el T-MEC.<\/p>\n<p>El tema dividi\u00f3 a expertos y oposici\u00f3n, entre quienes consideraron que M\u00e9xico no se atrever\u00eda a dar un paso as\u00ed y quienes no descartaron que lo hiciera, a ra\u00edz de un diferendo sobre la pol\u00edtica energ\u00e9tica del pa\u00eds, que ha dado prioridad a los dos monopolios gubernamentales, en perjuicio de las empresas privadas. &#8220;La idea de que esta situaci\u00f3n puede llevar a un conflicto mayor con Estados Unidos carece de fundamento&#8221;, afirm\u00f3 Ebrard y sostuvo que &#8220;el \u00fanico objetivo de M\u00e9xico es defender nuestra pol\u00edtica y nuestros puntos de vista&#8221;.<\/p>\n<p>La semana pasada, L\u00f3pez Obrador pareci\u00f3 reafirmar los temores de una salida del T-MEC cuando advirti\u00f3 que &#8220;no entregar\u00e1 su independencia ni soberan\u00eda&#8221; a Estados Unidos&#8221;. &#8220;Si tener acceso&#8221; al &#8220;mercado m\u00e1s importante del mundo&#8221;, supone &#8220;ceder soberan\u00eda no lo aceptamos&#8221; porque &#8220;no vamos a entregar nuestra independencia a ning\u00fan gobierno extranjero&#8221;, expuso a unos d\u00edas de que Estados Unidos y Canad\u00e1 llamaran a consultas en el marco del T-MEC para debatir el tema el\u00e9ctrico.<\/p>\n<p>Despu\u00e9s de estas consultas, que durar\u00edan 75 d\u00edas, en los cuales deber\u00eda de resolverse la controversia, el asunto deber\u00eda de pasar a un panel de arbitraje de cinco miembros que resolver\u00eda el caso. Ambos pa\u00edses acusan a M\u00e9xico de &#8220;dar un trato injusto&#8221; a sus empresas, da\u00f1ar inversiones y favorecer a los monopolios gubernamentales Comisi\u00f3n Federal de Electricidad (CFE) y Petr\u00f3leos Mexicanos (PEMEX).<\/p>\n<p>L\u00f3pez Obrador record\u00f3 que el art\u00edculo octavo del T-MEC (conocido como USMCA en ingl\u00e9s), establece el &#8220;pleno respeto por la soberan\u00eda y el derecho soberano a regular&#8221; en materia energ\u00e9tica de los pa\u00edses firmantes. La cl\u00e1usula 34.6 del T-MEC permite a cualquiera de los tres pa\u00edses de salirse del acuerdo mediante una simple notificaci\u00f3n por escrito con 6 meses de anticipaci\u00f3n&#8221;. Tony Payan, director del Centro M\u00e9xico-Estados Unidos del Instituto Baker de la Universidad de Rice, Estados Unidos, afirm\u00f3 que lo que L\u00f3pez Obrador podr\u00eda anunciar el pr\u00f3ximo 16 de septiembre ser\u00eda es una nueva renegociaci\u00f3n para excluir el sector energ\u00e9tico del acuerdo.<\/p>\n<p>Sin embargo, faltar\u00edan cuatro a\u00f1os para permitirse una renegociaci\u00f3n, bajo los t\u00e9rminos actuales, por lo que L\u00f3pez Obrador ya no estar\u00eda en el poder, pues termina su per\u00edodo en 2024, por lo que cual, &#8220;lo que diga en septiembre, ser\u00e1 m\u00e1s ret\u00f3rico, para consumo de su base, que una cuesti\u00f3n real&#8221;, afirm\u00f3 el experto. L\u00f3pez Obrador sigue &#8220;estirando la liga de la relaci\u00f3n bilateral para que sirva a su discurso nacionalista y patriotero&#8221;, a fin de hacer frente a &#8220;una elecci\u00f3n complicada y muy competitiva&#8221; en 2024, se\u00f1al\u00f3 el analista Leonardo Kourchenko. No obstante, muchos expertos siguen dudado de si realmente s\u00f3lo quiere cohesionar a sus bases con el discurso nacionalista y antiestadounidense que siempre resulta efectivo para ese fin, o podr\u00eda dar un &#8220;golpe sobre la mesa&#8221;.<\/p>\n","protected":false},"excerpt":{"rendered":"<p>&nbsp; Marcelo Ebrard\u00a0 &#8211; Intenta poner fin a especulaciones pol\u00edticas sobre el tema CIUDAD DE M\u00c9XICO, 03 AGO &#8211; El ministro de Relaciones Exteriores, Marcelo&hellip;<\/p>\n","protected":false},"author":99,"featured_media":504697,"comment_status":"open","ping_status":"open","sticky":false,"template":"","format":"standard","meta":{"footnotes":""},"categories":[23],"tags":[],"class_list":["post-504696","post","type-post","status-publish","format-standard","has-post-thumbnail","hentry","category-latinoamerica"],"_links":{"self":[{"href":"https:\/\/diarioelpopular.com\/index.php\/wp-json\/wp\/v2\/posts\/504696","targetHints":{"allow":["GET"]}}],"collection":[{"href":"https:\/\/diarioelpopular.com\/index.php\/wp-json\/wp\/v2\/posts"}],"about":[{"href":"https:\/\/diarioelpopular.com\/index.php\/wp-json\/wp\/v2\/types\/post"}],"author":[{"embeddable":true,"href":"https:\/\/diarioelpopular.com\/index.php\/wp-json\/wp\/v2\/users\/99"}],"replies":[{"embeddable":true,"href":"https:\/\/diarioelpopular.com\/index.php\/wp-json\/wp\/v2\/comments?post=504696"}],"version-history":[{"count":1,"href":"https:\/\/diarioelpopular.com\/index.php\/wp-json\/wp\/v2\/posts\/504696\/revisions"}],"predecessor-version":[{"id":504698,"href":"https:\/\/diarioelpopular.com\/index.php\/wp-json\/wp\/v2\/posts\/504696\/revisions\/504698"}],"wp:featuredmedia":[{"embeddable":true,"href":"https:\/\/diarioelpopular.com\/index.php\/wp-json\/wp\/v2\/media\/504697"}],"wp:attachment":[{"href":"https:\/\/diarioelpopular.com\/index.php\/wp-json\/wp\/v2\/media?parent=504696"}],"wp:term":[{"taxonomy":"category","embeddable":true,"href":"https:\/\/diarioelpopular.com\/index.php\/wp-json\/wp\/v2\/categories?post=504696"},{"taxonomy":"post_tag","embeddable":true,"href":"https:\/\/diarioelpopular.com\/index.php\/wp-json\/wp\/v2\/tags?post=504696"}],"curies":[{"name":"wp","href":"https:\/\/api.w.org\/{rel}","templated":true}]}}