{"id":504724,"date":"2022-08-04T09:37:21","date_gmt":"2022-08-04T13:37:21","guid":{"rendered":"https:\/\/diarioelpopular.com\/?p=504724"},"modified":"2022-08-04T09:37:21","modified_gmt":"2022-08-04T13:37:21","slug":"chile-el-plebiscito-bajo-total-incertidumbre","status":"publish","type":"post","link":"https:\/\/diarioelpopular.com\/index.php\/2022\/08\/04\/chile-el-plebiscito-bajo-total-incertidumbre\/","title":{"rendered":"Chile: El Plebiscito bajo total incertidumbre"},"content":{"rendered":"<p>&nbsp;<\/p>\n<p><img loading=\"lazy\" decoding=\"async\" class=\"alignnone size-custom-full-size wp-image-504725\" src=\"https:\/\/diarioelpopular.com\/wp-content\/uploads\/2022\/08\/a718535dd1689a8024ee5b6f306137fd.jpg\" alt=\"\" width=\"476\" height=\"317\" srcset=\"https:\/\/diarioelpopular.com\/wp-content\/uploads\/2022\/08\/a718535dd1689a8024ee5b6f306137fd.jpg 476w, https:\/\/diarioelpopular.com\/wp-content\/uploads\/2022\/08\/a718535dd1689a8024ee5b6f306137fd-300x200.jpg 300w, https:\/\/diarioelpopular.com\/wp-content\/uploads\/2022\/08\/a718535dd1689a8024ee5b6f306137fd-110x73.jpg 110w\" sizes=\"auto, (max-width: 476px) 100vw, 476px\" \/><\/p>\n<p><em>Chile en pugna. El Apruebo apoyado por la Democracia Cristiana<\/em><\/p>\n<h4><em><strong>&#8211; Sondeos miden opini\u00f3n p\u00fablica y votan electores<\/strong><\/em><\/h4>\n<p><strong><em>SANTIAGO DE CHILE, 04 AGO &#8211;<\/em><\/strong> &#8220;No hay ninguna evidencia que nos diga qu\u00e9 opci\u00f3n va a ganar en el Plebiscito constitucional del 4 de septiembre en Chile, si el Apruebo o el Rechazo&#8221;, dijo categ\u00f3rico el director de la agencia de investigaci\u00f3n y sondeo Tu influyes.com, el soci\u00f3logo Axel Callis.<br \/>\nEse d\u00eda 15.173.857 electores, incluidos los 46.741 chilenos que votan en el exterior, se pronunciar\u00e1n si aprueban o rechazan la propuesta de nueva Constituci\u00f3n elaborada por 154 convencionales electos democr\u00e1ticamente de forma paritaria y con esca\u00f1os reservados para los 10 pueblos originarios del pa\u00eds.<br \/>\nEl experto electoral explic\u00f3 que por vez primera se hace una elecci\u00f3n con voto obligatorio, pese a que hasta 2012 existi\u00f3 dicha condici\u00f3n, pero era con un padr\u00f3n que ten\u00eda inscripci\u00f3n voluntaria, &#8220;lo que lo hac\u00eda asincr\u00f3nico&#8221;.<br \/>\n&#8220;Estaba sobrerrepresentado por los ancianos&#8221;, agreg\u00f3 el profesional, apuntando a que las campa\u00f1as electorales se enfocaban en ese sector etario.<br \/>\nHace 10 a\u00f1os, el Congreso aprob\u00f3 un proyecto del primer gobierno de Sebasti\u00e1n Pi\u00f1era que modific\u00f3 el voto obligatorio por voluntario y la inscripci\u00f3n voluntaria por autom\u00e1tica aumentando el universo electoral, pero ya con una baja participaci\u00f3n que se ven\u00eda observando en las ultimas elecciones.<br \/>\nEn 2020, tras el acuerdo pol\u00edtico que permiti\u00f3 salir de la crisis provocada por el estallido social del 18 de octubre de 2019, votaron por primera vez dos millones de personas que nunca antes hab\u00edan concurrido a las urnas. El 25 de octubre, en el Plebiscito de entrada (con voto voluntario), la ciudadan\u00eda se pronunci\u00f3 sobre si quer\u00eda una nueva constituci\u00f3n que reemplazara a la de 1980 heredada de dictadura de Augusto Pinochet (1973-1990) y qui\u00e9n deb\u00eda redactarla.<br \/>\n&#8220;Hubo un cambio notable de electores&#8221;, anot\u00f3 Call\u00eds y, de alguna forma, indic\u00f3, &#8220;Chile se izquierdiz\u00f3 en las \u00faltimas elecciones&#8221;.<\/p>\n<p>&#8220;Pero hoy, explic\u00f3 el soci\u00f3logo, con voto obligatorio, no sabemos c\u00f3mo se va a comportar a la ciudadan\u00eda, si los j\u00f3venes van a ir a votar o se van a quedar en casa, si los adultos mayores van a concurrir a las urnas, es lo que se ver\u00e1 el 4 de septiembre&#8221;.<br \/>\nEl Servicio Electoral (Servel) estableci\u00f3 una multa equivalente a 197 d\u00f3lares para quienes no cumplan con su obligaci\u00f3n de sufragar, &#8220;pero en la pr\u00e1ctica, es muy dif\u00edcil que ella se cobre y a los 8 meses se decretar\u00e1 una amnist\u00eda&#8221;, como se hizo en el pasado.<br \/>\nConsultado Call\u00eds por las encuestas que arrojan que el Rechazo se impondr\u00eda en septiembre, respondi\u00f3 que &#8220;son sondeos de opini\u00f3n p\u00fablica y los que votan son los electores&#8221;.<br \/>\nEn ese escenario, cu\u00e1nto influye la franja electoral televisiva de 15 minutos que se transmite dos veces al d\u00eda y que debuta ma\u00f1ana, el soci\u00f3logo sostuvo que este espacio &#8220;viene tomando un rol muy importante a partir de 2020 con la incorporaci\u00f3n de los j\u00f3venes&#8221;.<br \/>\n&#8220;Para decirlo en t\u00e9rminos brutales, antes, la franja la ve\u00edan los pobres y los viejos, porque la clase acomodada no ve televisi\u00f3n abierta&#8221;. Pero &#8220;al incorporarse grandes masas de j\u00f3venes, ellos obtienen materia prima que luego suben a sus redes sociales. Por eso se revaloriz\u00f3 este espacio&#8221;, describi\u00f3 el profesional.<br \/>\nRespecto a la desinformaci\u00f3n que se ha denunciado respecto del Plebiscito, Axel Call\u00eds se\u00f1al\u00f3 que una consulta sobre un texto &#8220;genera mucha desinformaci\u00f3n de grupos interesados&#8221;, como ocurri\u00f3 con el Brexit en el Reino Unido o en el proceso de paz de Colombia. &#8220;Se generan por lado y lado productos que no tienen que ver con los procesos, ese es el &#8216;nuevo c\u00e1ncer de la democracia&#8221;, acot\u00f3.<br \/>\nSi el Plebiscito 2022 podr\u00eda equipararse a la divisi\u00f3n de la sociedad chilena en 1988 cuando los chilenos debieron pronunciarse por el Si o No a la continuaci\u00f3n del dictador Pinochet en el poder, el experto afirm\u00f3 que &#8220;la sociedad chilena est\u00e1 fracturada y por eso estamos haciendo un Plebiscito&#8221;.<\/p>\n<p>&#8220;El &#8216;estallido social&#8217;, record\u00f3, no se produce solo por mejores pensiones, educaci\u00f3n, salud, sino por una serie de abusos que se est\u00e1n viviendo. Entonces, frente a lo &#8216;estallado&#8217; que est\u00e1 Chile surge esta f\u00f3rmula que es casi un proceso metodol\u00f3gico&#8221;.<br \/>\nCall\u00eds subray\u00f3 que la sociedad chilena no est\u00e1 polarizada, &#8220;son sus \u00e9lites, las que tratan de transmitir eso a la poblaci\u00f3n&#8221;.<br \/>\nPor \u00faltimo, si los sectores que apoyan la opci\u00f3n del rechazo es tan transversal, al sumarse dirigentes de la centroizquierda, el soci\u00f3logo expreso que son figuras &#8220;que a nivel poblacional no los conoce nadie&#8221;.<\/p>\n","protected":false},"excerpt":{"rendered":"<p>&nbsp; Chile en pugna. El Apruebo apoyado por la Democracia Cristiana &#8211; Sondeos miden opini\u00f3n p\u00fablica y votan electores SANTIAGO DE CHILE, 04 AGO &#8211;&hellip;<\/p>\n","protected":false},"author":99,"featured_media":504725,"comment_status":"open","ping_status":"open","sticky":false,"template":"","format":"standard","meta":{"footnotes":""},"categories":[23],"tags":[],"class_list":["post-504724","post","type-post","status-publish","format-standard","has-post-thumbnail","hentry","category-latinoamerica"],"_links":{"self":[{"href":"https:\/\/diarioelpopular.com\/index.php\/wp-json\/wp\/v2\/posts\/504724","targetHints":{"allow":["GET"]}}],"collection":[{"href":"https:\/\/diarioelpopular.com\/index.php\/wp-json\/wp\/v2\/posts"}],"about":[{"href":"https:\/\/diarioelpopular.com\/index.php\/wp-json\/wp\/v2\/types\/post"}],"author":[{"embeddable":true,"href":"https:\/\/diarioelpopular.com\/index.php\/wp-json\/wp\/v2\/users\/99"}],"replies":[{"embeddable":true,"href":"https:\/\/diarioelpopular.com\/index.php\/wp-json\/wp\/v2\/comments?post=504724"}],"version-history":[{"count":1,"href":"https:\/\/diarioelpopular.com\/index.php\/wp-json\/wp\/v2\/posts\/504724\/revisions"}],"predecessor-version":[{"id":504726,"href":"https:\/\/diarioelpopular.com\/index.php\/wp-json\/wp\/v2\/posts\/504724\/revisions\/504726"}],"wp:featuredmedia":[{"embeddable":true,"href":"https:\/\/diarioelpopular.com\/index.php\/wp-json\/wp\/v2\/media\/504725"}],"wp:attachment":[{"href":"https:\/\/diarioelpopular.com\/index.php\/wp-json\/wp\/v2\/media?parent=504724"}],"wp:term":[{"taxonomy":"category","embeddable":true,"href":"https:\/\/diarioelpopular.com\/index.php\/wp-json\/wp\/v2\/categories?post=504724"},{"taxonomy":"post_tag","embeddable":true,"href":"https:\/\/diarioelpopular.com\/index.php\/wp-json\/wp\/v2\/tags?post=504724"}],"curies":[{"name":"wp","href":"https:\/\/api.w.org\/{rel}","templated":true}]}}