{"id":504732,"date":"2022-08-04T09:57:07","date_gmt":"2022-08-04T13:57:07","guid":{"rendered":"https:\/\/diarioelpopular.com\/?p=504732"},"modified":"2022-08-04T09:57:07","modified_gmt":"2022-08-04T13:57:07","slug":"presos-firman-un-acuerdo-de-paz-en-carcel-de-ecuador-donde-hubo-masacres","status":"publish","type":"post","link":"https:\/\/diarioelpopular.com\/index.php\/2022\/08\/04\/presos-firman-un-acuerdo-de-paz-en-carcel-de-ecuador-donde-hubo-masacres\/","title":{"rendered":"Presos firman un \u201cacuerdo de paz\u201d en c\u00e1rcel de Ecuador donde hubo masacres"},"content":{"rendered":"<p>&nbsp;<\/p>\n<p><img loading=\"lazy\" decoding=\"async\" class=\"alignnone size-custom-full-size wp-image-504733\" src=\"https:\/\/diarioelpopular.com\/wp-content\/uploads\/2022\/08\/carcel-de-turi-policia-ecuador_40424907_20220803162026-636x461.jpg\" alt=\"\" width=\"636\" height=\"461\" srcset=\"https:\/\/diarioelpopular.com\/wp-content\/uploads\/2022\/08\/carcel-de-turi-policia-ecuador_40424907_20220803162026-636x461.jpg 636w, https:\/\/diarioelpopular.com\/wp-content\/uploads\/2022\/08\/carcel-de-turi-policia-ecuador_40424907_20220803162026-300x217.jpg 300w, https:\/\/diarioelpopular.com\/wp-content\/uploads\/2022\/08\/carcel-de-turi-policia-ecuador_40424907_20220803162026-768x556.jpg 768w, https:\/\/diarioelpopular.com\/wp-content\/uploads\/2022\/08\/carcel-de-turi-policia-ecuador_40424907_20220803162026-101x73.jpg 101w, https:\/\/diarioelpopular.com\/wp-content\/uploads\/2022\/08\/carcel-de-turi-policia-ecuador_40424907_20220803162026.jpg 780w\" sizes=\"auto, (max-width: 636px) 100vw, 636px\" \/><\/p>\n<p><em>Desde 2020, m\u00e1s de 400 presos han muerto en medio de estas masacres en distintos centros carcelarios de Ecuador. FOTO POLIC\u00cdA ECUADOR<\/em><\/p>\n<h4 class=\"lead cita\"><em><strong>&#8211; Los reos participaron de forma voluntaria de esta medida promovida por el servicio nacional penitenciario.<\/strong><\/em><\/h4>\n<p>Los presos de la c\u00e1rcel de Turi \u2013Cuenca\u2013, una de las prisiones de Ecuador que ha sido\u00a0escenario de escabrosas matanzas entre reclusos, firmaron un \u201cacuerdo de paz\u201d promovido por el servicio nacional penitenciario, encargado de custodiar y administrar los centros de reclusi\u00f3n en el pa\u00eds.<\/p>\n<p>De acuerdo con el Servicio Nacional de Atenci\u00f3n Integral (SNAI) a personas privadas de libertad, este \u201cacuerdo de paz\u201d es un instrumento de pacificaci\u00f3n al que\u00a0se adhieren de forma voluntaria los presos\u00a0para su bienestar y el de la sociedad.<\/p>\n<p>Abraham O., gestor de paz de los reclusos de la c\u00e1rcel de Cuenca, ciudad situada en el sur de Ecuador, manifest\u00f3 ante autoridades y periodistas que la suscripci\u00f3n de este documento\u00a0\u201ces un compromiso para mantener un ambiente de armon\u00eda, como seres humanos de paz\u201d.<\/p>\n<p>En este acto tambi\u00e9n particip\u00f3 el director general del SNAI, Pablo Ram\u00edrez, quien parafrase\u00f3 a Eleanor Roosevelt para se\u00f1alar que\u00a0\u201cno basta hablar de paz, uno debe creer en ella\u00a0y trabajar para conseguirla\u201d.<\/p>\n<p>\u201cQue no sea la firma de un momento.\u00a0Que sea el s\u00edmbolo real de un pacto por la vida. Que la mejor arma sea el di\u00e1logo y as\u00ed encontremos la posibilidad de avanzar en este proceso que llevamos adelante por su bienestar y de toda la colectividad\u201d, sostuvo Ram\u00edrez.<\/p>\n<p>Son m\u00e1s de 400 los presos que han sido asesinados desde 2020\u00a0en Ecuador en distintas matanzas entre bandas rivales que se disputan el control interno de los centros penitenciarios del pa\u00eds y que tienen v\u00ednculos con el narcotr\u00e1fico, seg\u00fan las autoridades ecuatorianas.<\/p>\n<p>La c\u00e1rcel de Cuenca ya fue una de las implicadas en los simult\u00e1neos enfrentamientos entre reos que se dieron en varias prisiones de Ecuador el 23 de febrero de 2021, con un saldo de 79 fallecidos a nivel nacional, mientras que el 3 de abril de este a\u00f1o se produjo en ese centro penitenciario otra masacre que dej\u00f3 20 presos asesinados.<\/p>\n<p>La Comisi\u00f3n Interamericana de Derechos Humanos (CIDH) inst\u00f3 a Ecuador meses atr\u00e1s a recuperar el control de las prisiones,\u00a0dar condiciones dignas a los presos\u00a0y elaborar una pol\u00edtica de prevenci\u00f3n del delito donde no prime el encarcelamiento.<\/p>\n<p>Igualmente, la pasada semana, la organizaci\u00f3n Human Rights Watch (HRW) se\u00f1al\u00f3 en un informe que el\u00a0hacinamiento, la falta de control estatal y el poder adquirido por grupos criminales son los factores que explican la violencia en las c\u00e1rceles de Ecuador.<\/p>\n<p>HRW lament\u00f3 que la Polic\u00eda y el SNAI no respondieron a sus pedidos de informaci\u00f3n.<\/p>\n","protected":false},"excerpt":{"rendered":"<p>&nbsp; Desde 2020, m\u00e1s de 400 presos han muerto en medio de estas masacres en distintos centros carcelarios de Ecuador. FOTO POLIC\u00cdA ECUADOR &#8211; Los&hellip;<\/p>\n","protected":false},"author":99,"featured_media":504733,"comment_status":"open","ping_status":"open","sticky":false,"template":"","format":"standard","meta":{"footnotes":""},"categories":[23],"tags":[],"class_list":["post-504732","post","type-post","status-publish","format-standard","has-post-thumbnail","hentry","category-latinoamerica"],"_links":{"self":[{"href":"https:\/\/diarioelpopular.com\/index.php\/wp-json\/wp\/v2\/posts\/504732","targetHints":{"allow":["GET"]}}],"collection":[{"href":"https:\/\/diarioelpopular.com\/index.php\/wp-json\/wp\/v2\/posts"}],"about":[{"href":"https:\/\/diarioelpopular.com\/index.php\/wp-json\/wp\/v2\/types\/post"}],"author":[{"embeddable":true,"href":"https:\/\/diarioelpopular.com\/index.php\/wp-json\/wp\/v2\/users\/99"}],"replies":[{"embeddable":true,"href":"https:\/\/diarioelpopular.com\/index.php\/wp-json\/wp\/v2\/comments?post=504732"}],"version-history":[{"count":1,"href":"https:\/\/diarioelpopular.com\/index.php\/wp-json\/wp\/v2\/posts\/504732\/revisions"}],"predecessor-version":[{"id":504734,"href":"https:\/\/diarioelpopular.com\/index.php\/wp-json\/wp\/v2\/posts\/504732\/revisions\/504734"}],"wp:featuredmedia":[{"embeddable":true,"href":"https:\/\/diarioelpopular.com\/index.php\/wp-json\/wp\/v2\/media\/504733"}],"wp:attachment":[{"href":"https:\/\/diarioelpopular.com\/index.php\/wp-json\/wp\/v2\/media?parent=504732"}],"wp:term":[{"taxonomy":"category","embeddable":true,"href":"https:\/\/diarioelpopular.com\/index.php\/wp-json\/wp\/v2\/categories?post=504732"},{"taxonomy":"post_tag","embeddable":true,"href":"https:\/\/diarioelpopular.com\/index.php\/wp-json\/wp\/v2\/tags?post=504732"}],"curies":[{"name":"wp","href":"https:\/\/api.w.org\/{rel}","templated":true}]}}