{"id":504755,"date":"2022-08-05T09:38:31","date_gmt":"2022-08-05T13:38:31","guid":{"rendered":"https:\/\/diarioelpopular.com\/?p=504755"},"modified":"2022-08-05T09:38:31","modified_gmt":"2022-08-05T13:38:31","slug":"colombia-uribe-se-excusa-de-asistir-a-la-asuncion","status":"publish","type":"post","link":"https:\/\/diarioelpopular.com\/index.php\/2022\/08\/05\/colombia-uribe-se-excusa-de-asistir-a-la-asuncion\/","title":{"rendered":"Colombia: Uribe se excusa de asistir a la asunci\u00f3n"},"content":{"rendered":"<p>&nbsp;<\/p>\n<p><img loading=\"lazy\" decoding=\"async\" class=\"alignnone size-custom-full-size wp-image-504756\" src=\"https:\/\/diarioelpopular.com\/wp-content\/uploads\/2022\/08\/639c44da10289a0f858889627cf97b69.jpg\" alt=\"\" width=\"476\" height=\"317\" srcset=\"https:\/\/diarioelpopular.com\/wp-content\/uploads\/2022\/08\/639c44da10289a0f858889627cf97b69.jpg 476w, https:\/\/diarioelpopular.com\/wp-content\/uploads\/2022\/08\/639c44da10289a0f858889627cf97b69-300x200.jpg 300w, https:\/\/diarioelpopular.com\/wp-content\/uploads\/2022\/08\/639c44da10289a0f858889627cf97b69-110x73.jpg 110w\" sizes=\"auto, (max-width: 476px) 100vw, 476px\" \/><\/p>\n<p><em>El expresidente colombiano Alvaro Uribe<\/em><\/p>\n<h4><em><strong>&#8211; Dijo que lo hace por &#8220;pudor&#8221; judicial y &#8220;complejo de preso&#8221;<\/strong><\/em><\/h4>\n<p><em><strong>BOGOTA 05 AGO &#8211;<\/strong><\/em> El expresidente Alvaro Uribe (2002-2008) no asistir\u00e1 a la ceremonia de asunci\u00f3n del electo jefe de Estado, el ex guerrillero Gustavo Petro, por &#8220;pudor&#8221; judicial, producto de su actual situaci\u00f3n jur\u00eddica en Colombia.<br \/>\nAs\u00ed lo manifest\u00f3 el exmandatario derechista en un mensaje divulgado en Twitter, en el que se excus\u00f3 con Petro por su ausencia el pr\u00f3ximo 7 de agosto.<br \/>\n&#8220;Hoy llam\u00e9 por tel\u00e9fono al Presidente Electo Gustavo Petro, le agradec\u00ed la amable invitaci\u00f3n a su posesi\u00f3n, me excus\u00e9 de asistir porque desde hace 2 a\u00f1os tengo complejo de preso&#8221;, precis\u00f3 Uribe.<br \/>\nContradictores durante d\u00e9cadas, Uribe y Petro se reunieron una vez el izquierdista gan\u00f3 el balotaje y acordaron establecer un di\u00e1logo directo, por el bien del pa\u00eds, en el marco del &#8220;gran acuerdo nacional&#8221; propuesto por Petro.<br \/>\n&#8220;No asistir\u00e9 por el pudor derivado de mi situaci\u00f3n jur\u00eddica que anhelo superar&#8221;, argument\u00f3 Uribe.<br \/>\nEl expresidente enfrenta desde hace varios a\u00f1os un proceso judicial en el que se le acusa de los delitos de soborno a testigos y fraude procesal.<br \/>\nLos l\u00edos jur\u00eddicos de Uribe comenzaron siendo senador y cuando acus\u00f3 al tambi\u00e9n congresista de izquierda Iv\u00e1n Cepeda de supuestamente recorrer c\u00e1rceles para comprar testigos que lo acusaran a \u00e9l y a su hermano de supuestos nexos con grupos paramilitares.<br \/>\nPor tener fuero de legisladores, el caso fue investigado por el Corte Suprema de Justicia que descubri\u00f3 que era todo lo contrario, al parecer Uribe, a trav\u00e9s de apoderados suyos, intent\u00f3 comprar testigos para enlodar a Cepeda.<br \/>\nLa situaci\u00f3n lleg\u00f3 a tal punto que la Corte orden\u00f3 el arresto domiciliario de Uribe, que renunci\u00f3 a su condici\u00f3n de congresista, por lo que su caso pas\u00f3 a la justicia ordinaria.<br \/>\nEsta semana, la Fiscal\u00eda pidi\u00f3 de nuevo que se precluya el proceso contra el expresidente, luego que una jueza desestimara meses atr\u00e1s ese mismo pedido del ente acusador al considerar que hab\u00eda m\u00e9ritos para seguir adelante con la acusaci\u00f3n.<br \/>\nAnte la ausencia de Uribe en la toma de juramento de Petro, el expresidente avis\u00f3 que &#8220;compa\u00f1eros&#8221; suyos del derechista partido Centro Democr\u00e1tico estar\u00e1n en la ceremonia.<br \/>\n&#8220;Reiter\u00e9 el prop\u00f3sito de mantener un di\u00e1logo constructivo con franqueza en los argumentos y respeto a la persona del Jefe de Estado. Los compa\u00f1eros del Centro Democr\u00e1tico asistir\u00e1n a la posesi\u00f3n, s\u00edmbolo de nuestra democracia&#8221;, asegur\u00f3 el exmandatario.<br \/>\nUribe es el segundo expresidente que desiste de asistir a la asunci\u00f3n de Petro, luego que el conservador Andr\u00e9s Pastrana (1998-2002) anunciar\u00e1 que no estar\u00eda en los actos por &#8220;insalvables diferencias \u00e9ticas y pol\u00edticas&#8221; que lo distancia del nuevo inquilino de la Casa de Nari\u00f1o, sede de gobierno.<br \/>\nEn una carta difundida tambi\u00e9n en redes sociales hace seis d\u00edas, Pastrana puso en tela de juicio le &#8220;legitimidad&#8221; entorno a la votaci\u00f3n obtenida por Petro, sus supuestos &#8220;pactos&#8221; con corruptos para saquear el Estado y su presunta iniciativa de &#8220;borr\u00f3n y cuenta&#8221; con &#8220;las mafias de la droga&#8221;.<br \/>\n&#8220;No puedo sino desearle que Dios lo ilumine para que rectifique oportunamente sus pactos con quienes conducen a Colombia al precipicio&#8221;, afirm\u00f3 Pastrana.<br \/>\nA la asunci\u00f3n de Petro asistir\u00e1 el Rey Felipe VI de Espa\u00f1a, 11 jefes de Estado, varios vicepresidentes y cancilleres, as\u00ed como miembros del cuerpo diplom\u00e1tico acreditado en Bogot\u00e1 y representantes de organismos internaciones, entre otros.<br \/>\nEn la v\u00edspera el gobierno de Joe Biden inform\u00f3 que su delegaci\u00f3n a los actos de instalaci\u00f3n del nuevo gobierno colombiano, su principal aliado en la regi\u00f3n, estar\u00e1 encabezada por Samantha Power, directora de la Agencia de los Estados Unidos para el Desarrollo Internacional (USAID, por su sigla en ingl\u00e9s).<\/p>\n","protected":false},"excerpt":{"rendered":"<p>&nbsp; El expresidente colombiano Alvaro Uribe &#8211; Dijo que lo hace por &#8220;pudor&#8221; judicial y &#8220;complejo de preso&#8221; BOGOTA 05 AGO &#8211; El expresidente Alvaro&hellip;<\/p>\n","protected":false},"author":99,"featured_media":504756,"comment_status":"open","ping_status":"open","sticky":false,"template":"","format":"standard","meta":{"footnotes":""},"categories":[23],"tags":[],"class_list":["post-504755","post","type-post","status-publish","format-standard","has-post-thumbnail","hentry","category-latinoamerica"],"_links":{"self":[{"href":"https:\/\/diarioelpopular.com\/index.php\/wp-json\/wp\/v2\/posts\/504755","targetHints":{"allow":["GET"]}}],"collection":[{"href":"https:\/\/diarioelpopular.com\/index.php\/wp-json\/wp\/v2\/posts"}],"about":[{"href":"https:\/\/diarioelpopular.com\/index.php\/wp-json\/wp\/v2\/types\/post"}],"author":[{"embeddable":true,"href":"https:\/\/diarioelpopular.com\/index.php\/wp-json\/wp\/v2\/users\/99"}],"replies":[{"embeddable":true,"href":"https:\/\/diarioelpopular.com\/index.php\/wp-json\/wp\/v2\/comments?post=504755"}],"version-history":[{"count":1,"href":"https:\/\/diarioelpopular.com\/index.php\/wp-json\/wp\/v2\/posts\/504755\/revisions"}],"predecessor-version":[{"id":504757,"href":"https:\/\/diarioelpopular.com\/index.php\/wp-json\/wp\/v2\/posts\/504755\/revisions\/504757"}],"wp:featuredmedia":[{"embeddable":true,"href":"https:\/\/diarioelpopular.com\/index.php\/wp-json\/wp\/v2\/media\/504756"}],"wp:attachment":[{"href":"https:\/\/diarioelpopular.com\/index.php\/wp-json\/wp\/v2\/media?parent=504755"}],"wp:term":[{"taxonomy":"category","embeddable":true,"href":"https:\/\/diarioelpopular.com\/index.php\/wp-json\/wp\/v2\/categories?post=504755"},{"taxonomy":"post_tag","embeddable":true,"href":"https:\/\/diarioelpopular.com\/index.php\/wp-json\/wp\/v2\/tags?post=504755"}],"curies":[{"name":"wp","href":"https:\/\/api.w.org\/{rel}","templated":true}]}}