{"id":504801,"date":"2022-08-07T13:25:58","date_gmt":"2022-08-07T17:25:58","guid":{"rendered":"https:\/\/diarioelpopular.com\/?p=504801"},"modified":"2022-08-07T13:25:58","modified_gmt":"2022-08-07T17:25:58","slug":"petro-jura-como-primer-presidente-de-izquierda-en-colombia","status":"publish","type":"post","link":"https:\/\/diarioelpopular.com\/index.php\/2022\/08\/07\/petro-jura-como-primer-presidente-de-izquierda-en-colombia\/","title":{"rendered":"Petro jura como primer presidente de izquierda en Colombia"},"content":{"rendered":"<p><img loading=\"lazy\" decoding=\"async\" class=\"alignnone size-custom-full-size wp-image-504802\" src=\"https:\/\/diarioelpopular.com\/wp-content\/uploads\/2022\/08\/Screen-Shot-2022-08-07-at-1.25.30-PM-636x269.png\" alt=\"\" width=\"636\" height=\"269\" srcset=\"https:\/\/diarioelpopular.com\/wp-content\/uploads\/2022\/08\/Screen-Shot-2022-08-07-at-1.25.30-PM-636x269.png 636w, https:\/\/diarioelpopular.com\/wp-content\/uploads\/2022\/08\/Screen-Shot-2022-08-07-at-1.25.30-PM-300x127.png 300w, https:\/\/diarioelpopular.com\/wp-content\/uploads\/2022\/08\/Screen-Shot-2022-08-07-at-1.25.30-PM-768x325.png 768w, https:\/\/diarioelpopular.com\/wp-content\/uploads\/2022\/08\/Screen-Shot-2022-08-07-at-1.25.30-PM-1200x508.png 1200w, https:\/\/diarioelpopular.com\/wp-content\/uploads\/2022\/08\/Screen-Shot-2022-08-07-at-1.25.30-PM-146x62.png 146w, https:\/\/diarioelpopular.com\/wp-content\/uploads\/2022\/08\/Screen-Shot-2022-08-07-at-1.25.30-PM.png 1024w\" sizes=\"auto, (max-width: 636px) 100vw, 636px\" \/><\/p>\n<p><strong><em>&#8211; Colombia iniciado este domingo un nuevo ciclo pol\u00edtico con la llegada al poder de Gustavo Petro, el primer presidente de izquierda en 200 a\u00f1os de historia republicana y un exguerrillero que comandar\u00e1 a las Fuerzas Armadas que por d\u00e9cadas han combatido a los grupos ilegales. <\/em><\/strong><\/p>\n<p>&nbsp;<\/p>\n<p>La banda presidencial que porta Petro, de 62 a\u00f1os, lleva consigo los desaf\u00edos de sortear la creciente violencia que ha cobrado la vida de m\u00e1s de 560 defensores de derechos humanos desde 2016, la inflaci\u00f3n m\u00e1s alta de las \u00faltimas dos d\u00e9cadas y la b\u00fasqueda de consensos en un pa\u00eds dividido.<\/p>\n<p>Varios sectores temen verse afectados por su objetivo de llevar adelante reformas en el agro, la producci\u00f3n energ\u00e9tica, la polic\u00eda, las pensiones y la recaudaci\u00f3n de impuestos. Pero entre sus votantes hay esperanza: Petro les prometi\u00f3 una naci\u00f3n con menos desigualdad, que garantizar\u00e1 los derechos de todos sus ciudadanos -especialmente de los m\u00e1s vulnerables- y que dar\u00e1 prioridad al medio ambiente.<\/p>\n<p>Ataviado con el traje tradicional del pueblo ind\u00edgena guambiano, de sombrero de ala corta y un traje de lanilla azul, Luis Alberto Tombe Cantero, asiste a la posesi\u00f3n de Petro y le pide verdadera inclusi\u00f3n pol\u00edtica y territorial. \u201cEs la primera vez que una posesi\u00f3n presidencial la acompa\u00f1a realmente la base o el pueblo\u2026 nos sentimos homenajeados de hacer parte\u201d, dijo a The Associated Press desde la Plaza de Bol\u00edvar, a la que pod\u00edan acceder los ciudadanos rompiendo la tradici\u00f3n de una ceremonia privada.<\/p>\n<p>Organizaciones feministas, de izquierda, \u00ednd\u00edgenas y sociales de todo el pa\u00eds atendieron el llamado de acompa\u00f1ar la asunci\u00f3n. \u201c\u00a1S\u00ed se pudo&#8230; libertad, libertad!\u201d, gritaban algunos. Frente al Palacio de Justicia, donde confluyen las cortes, un grupo de j\u00f3venes dec\u00edan representar la \u201cresistencia\u201d de Cali, al suroeste, que se consolid\u00f3 como el epicentro de las protestas masivas de 2021 contra las pol\u00edticas del saliente presidente Iv\u00e1n Duque.<\/p>\n<p>Antes de la asunci\u00f3n oficial, Petro asisti\u00f3 a varias ceremonias simb\u00f3licas. En la Sierra Nevada de Santa Marta, al norte del pa\u00eds, los ind\u00edgenas aruhacos le dieron su \u201cbendici\u00f3n\u201d. Uno de los mamos -la m\u00e1xima jerarqu\u00eda de la comunidad- le pidi\u00f3 dar respuesta a las demandas de la sociedad y le entreg\u00f3 un bast\u00f3n que representa la sabidur\u00eda.<\/p>\n<p>La diversidad cultural de Colombia estar\u00e1 reflejada en la ceremonia de posesi\u00f3n y en la antesala, en la que decenas de artistas interpretaban ritmos nacionales en los parques del centro de la ciudad. La Plaza de Bol\u00edvar est\u00e1 dividida en dos: en la primera parte se ubican representantes de varios pa\u00edses \u2014 entre ellos el rey Felipe VI de Espa\u00f1a y los presidentes de Chile, Paraguay, Ecuador y Costa Rica \u2014 y en la segunda los ciudadanos.\u00a0El presidente de Venezuela, Nicol\u00e1s Maduro, no fue invitado dadas las profundas diferencias pol\u00edticas con Duque.<\/p>\n<p>En su juventud Petro milit\u00f3 en la guerrilla nacionalista M-19, que abandon\u00f3 las armas en 1991 luego de firmar un acuerdo paz con el Estado. Su pasado como rebelde pesa para algunos militares que en adelante estar\u00e1n bajo su mando. \u201cNo prevemos que haya perturbaci\u00f3n, ruido de sables, ni ninguna de estas actividades armadas\u201d, dijo a The Associated Press el coronel en retiro John Marulanda, presidente de la Asociaci\u00f3n Colombiana de Oficiales en Retiro de las Fuerzas Armadas. Marulanda recalc\u00f3 que aunque para los militares que combatieron el M-19 es dif\u00edcil aceptar la llegada de Petro al poder, en las nuevas generaciones hay m\u00e1s expectativa que resistencia.<\/p>\n","protected":false},"excerpt":{"rendered":"<p>&#8211; Colombia iniciado este domingo un nuevo ciclo pol\u00edtico con la llegada al poder de Gustavo Petro, el primer presidente de izquierda en 200 a\u00f1os&hellip;<\/p>\n","protected":false},"author":99,"featured_media":504802,"comment_status":"open","ping_status":"open","sticky":false,"template":"","format":"standard","meta":{"footnotes":""},"categories":[23],"tags":[],"class_list":["post-504801","post","type-post","status-publish","format-standard","has-post-thumbnail","hentry","category-latinoamerica"],"_links":{"self":[{"href":"https:\/\/diarioelpopular.com\/index.php\/wp-json\/wp\/v2\/posts\/504801","targetHints":{"allow":["GET"]}}],"collection":[{"href":"https:\/\/diarioelpopular.com\/index.php\/wp-json\/wp\/v2\/posts"}],"about":[{"href":"https:\/\/diarioelpopular.com\/index.php\/wp-json\/wp\/v2\/types\/post"}],"author":[{"embeddable":true,"href":"https:\/\/diarioelpopular.com\/index.php\/wp-json\/wp\/v2\/users\/99"}],"replies":[{"embeddable":true,"href":"https:\/\/diarioelpopular.com\/index.php\/wp-json\/wp\/v2\/comments?post=504801"}],"version-history":[{"count":1,"href":"https:\/\/diarioelpopular.com\/index.php\/wp-json\/wp\/v2\/posts\/504801\/revisions"}],"predecessor-version":[{"id":504803,"href":"https:\/\/diarioelpopular.com\/index.php\/wp-json\/wp\/v2\/posts\/504801\/revisions\/504803"}],"wp:featuredmedia":[{"embeddable":true,"href":"https:\/\/diarioelpopular.com\/index.php\/wp-json\/wp\/v2\/media\/504802"}],"wp:attachment":[{"href":"https:\/\/diarioelpopular.com\/index.php\/wp-json\/wp\/v2\/media?parent=504801"}],"wp:term":[{"taxonomy":"category","embeddable":true,"href":"https:\/\/diarioelpopular.com\/index.php\/wp-json\/wp\/v2\/categories?post=504801"},{"taxonomy":"post_tag","embeddable":true,"href":"https:\/\/diarioelpopular.com\/index.php\/wp-json\/wp\/v2\/tags?post=504801"}],"curies":[{"name":"wp","href":"https:\/\/api.w.org\/{rel}","templated":true}]}}