{"id":504870,"date":"2022-08-11T09:11:24","date_gmt":"2022-08-11T13:11:24","guid":{"rendered":"https:\/\/diarioelpopular.com\/?p=504870"},"modified":"2022-08-11T09:11:24","modified_gmt":"2022-08-11T13:11:24","slug":"mas-canadienses-reportan-un-fuerte-apego-a-su-idioma-que-a-canada-encuesta","status":"publish","type":"post","link":"https:\/\/diarioelpopular.com\/index.php\/2022\/08\/11\/mas-canadienses-reportan-un-fuerte-apego-a-su-idioma-que-a-canada-encuesta\/","title":{"rendered":"M\u00e1s canadienses reportan un fuerte apego a su idioma que a Canad\u00e1: encuesta"},"content":{"rendered":"<p><img loading=\"lazy\" decoding=\"async\" class=\"alignnone size-custom-full-size wp-image-504871\" src=\"https:\/\/diarioelpopular.com\/wp-content\/uploads\/2022\/08\/20220810170844-dff413f0315ac470504a47d3d99d2ba8cf5b2ae9cfe37bb45fd3c16ac4845e40-636x411.jpg\" alt=\"\" width=\"636\" height=\"411\" srcset=\"https:\/\/diarioelpopular.com\/wp-content\/uploads\/2022\/08\/20220810170844-dff413f0315ac470504a47d3d99d2ba8cf5b2ae9cfe37bb45fd3c16ac4845e40-636x411.jpg 636w, https:\/\/diarioelpopular.com\/wp-content\/uploads\/2022\/08\/20220810170844-dff413f0315ac470504a47d3d99d2ba8cf5b2ae9cfe37bb45fd3c16ac4845e40-300x194.jpg 300w, https:\/\/diarioelpopular.com\/wp-content\/uploads\/2022\/08\/20220810170844-dff413f0315ac470504a47d3d99d2ba8cf5b2ae9cfe37bb45fd3c16ac4845e40-768x497.jpg 768w, https:\/\/diarioelpopular.com\/wp-content\/uploads\/2022\/08\/20220810170844-dff413f0315ac470504a47d3d99d2ba8cf5b2ae9cfe37bb45fd3c16ac4845e40-85x55.jpg 85w, https:\/\/diarioelpopular.com\/wp-content\/uploads\/2022\/08\/20220810170844-dff413f0315ac470504a47d3d99d2ba8cf5b2ae9cfe37bb45fd3c16ac4845e40-113x73.jpg 113w, https:\/\/diarioelpopular.com\/wp-content\/uploads\/2022\/08\/20220810170844-dff413f0315ac470504a47d3d99d2ba8cf5b2ae9cfe37bb45fd3c16ac4845e40.jpg 1024w\" sizes=\"auto, (max-width: 636px) 100vw, 636px\" \/><\/p>\n<p><em><strong>&#8211; Una nueva encuesta encuentra que m\u00e1s canadienses reportan un fuerte apego a su idioma principal que a otros marcadores de identidad, incluido el pa\u00eds al que llaman hogar.<\/strong><\/em><\/p>\n<p><em><strong>OTTAWA \u2014(Canadian Press).\u00a0<\/strong><\/em>\u00a0La encuesta, que fue realizada por Leger para la Asociaci\u00f3n de Estudios Canadienses, encontr\u00f3 que el 88 por ciento de los encuestados informaron un fuerte sentido de apego a su idioma principal, mientras que el 85 por ciento inform\u00f3 lo mismo para Canad\u00e1.<\/p>\n<p>La mayor importancia del idioma fue especialmente notable entre los franc\u00f3fonos y los Pueblos Ind\u00edgenas.<\/p>\n<p>Los informes de fuerte apego al idioma principal excedieron todos los dem\u00e1s marcadores de identidad, incluida la geograf\u00eda, el grupo \u00e9tnico, la identidad racial y la afiliaci\u00f3n religiosa.<\/p>\n<p>De los marcadores de identidad considerados en la encuesta, los canadienses fueron los menos propensos a reportar un fuerte sentido de apego a un grupo religioso.<\/p>\n<p>El presidente de la Asociaci\u00f3n de Estudios Canadienses, Jack Jedwab, dijo que los hallazgos de la encuesta resaltan el importante papel que juega el idioma en las identidades de las personas.<\/p>\n<p>\u201cCreo que muchos canadienses pueden sorprenderse con esto, quienes pueden no pensar intuitivamente que el idioma es tan importante como otras expresiones de identidad que llaman la atenci\u00f3n\u201d, dijo.<\/p>\n<p>Jedwab dijo que las personas deben ser conscientes de no minimizar la importancia del idioma dado lo significativo que puede ser el idioma para una comunidad. Dijo que el idioma tiene la doble funci\u00f3n de facilitar la comunicaci\u00f3n y ser una expresi\u00f3n de la cultura.<\/p>\n<p>\u201cPuede haber una tendencia en las personas a disminuir la importancia de otros idiomas\u201d, dijo.<\/p>\n<p>\u201cHist\u00f3ricamente, no hemos prestado suficiente atenci\u00f3n a las lenguas ind\u00edgenas, en las que ahora vemos que nuestro gobierno federal invierte considerablemente, tratando de ayudar a mantener y revivir las lenguas ind\u00edgenas\u201d, agreg\u00f3.<\/p>\n<p>La encuesta en l\u00ednea fue completada por 1.764 canadienses entre el 8 y el 10 de julio. No se le puede asignar un margen de error porque las encuestas en l\u00ednea no se consideran muestras verdaderamente aleatorias.<\/p>\n<p>Para los canadienses cuyo idioma principal es el franc\u00e9s, el 91 por ciento inform\u00f3 un fuerte sentido de apego a su idioma, en comparaci\u00f3n con el 67 por ciento que inform\u00f3 el mismo sentimiento por Canad\u00e1.<\/p>\n<p>En Quebec, m\u00e1s personas reportaron un fuerte sentido de apego a su lengua materna que a la provincia.<\/p>\n<p>Solo el 37 por ciento de los canadienses informaron un fuerte sentido de apego a un grupo religioso.<\/p>\n<p>Los hallazgos se adelantan a la \u00faltima publicaci\u00f3n del censo de Statistics Canada sobre idiomas en el pa\u00eds, que se publicar\u00e1 el mi\u00e9rcoles.<\/p>\n<p>Jedwab dijo que la publicaci\u00f3n del censo ser\u00e1 especialmente importante para Quebec, donde hay un seguimiento estrecho del estado del idioma franc\u00e9s en comparaci\u00f3n con otros idiomas.<\/p>\n<p>La encuesta de Leger tambi\u00e9n encontr\u00f3 que m\u00e1s de la mitad de los quebequenses franc\u00f3fonos dicen que saben ingl\u00e9s lo suficientemente bien como para mantener una conversaci\u00f3n. Eso contrasta con menos de uno de cada 10 encuestados ingleses en todas las provincias, excepto Quebec y New Brunswick, que dicen que pueden mantener una conversaci\u00f3n en franc\u00e9s.<\/p>\n<p>Seg\u00fan el \u00faltimo censo, el biling\u00fcismo ingl\u00e9s-franc\u00e9s aument\u00f3 del 17,5 % en 2011 al 17,9 % en 2016, alcanzando la tasa m\u00e1s alta de biling\u00fcismo en la historia de Canad\u00e1. M\u00e1s del 60 por ciento de ese crecimiento en el biling\u00fcismo fue atribuible a Quebec.<\/p>\n","protected":false},"excerpt":{"rendered":"<p>&#8211; Una nueva encuesta encuentra que m\u00e1s canadienses reportan un fuerte apego a su idioma principal que a otros marcadores de identidad, incluido el pa\u00eds&hellip;<\/p>\n","protected":false},"author":99,"featured_media":504871,"comment_status":"open","ping_status":"open","sticky":false,"template":"","format":"standard","meta":{"footnotes":""},"categories":[21,11191],"tags":[],"class_list":["post-504870","post","type-post","status-publish","format-standard","has-post-thumbnail","hentry","category-canada","category-top-news"],"_links":{"self":[{"href":"https:\/\/diarioelpopular.com\/index.php\/wp-json\/wp\/v2\/posts\/504870","targetHints":{"allow":["GET"]}}],"collection":[{"href":"https:\/\/diarioelpopular.com\/index.php\/wp-json\/wp\/v2\/posts"}],"about":[{"href":"https:\/\/diarioelpopular.com\/index.php\/wp-json\/wp\/v2\/types\/post"}],"author":[{"embeddable":true,"href":"https:\/\/diarioelpopular.com\/index.php\/wp-json\/wp\/v2\/users\/99"}],"replies":[{"embeddable":true,"href":"https:\/\/diarioelpopular.com\/index.php\/wp-json\/wp\/v2\/comments?post=504870"}],"version-history":[{"count":1,"href":"https:\/\/diarioelpopular.com\/index.php\/wp-json\/wp\/v2\/posts\/504870\/revisions"}],"predecessor-version":[{"id":504872,"href":"https:\/\/diarioelpopular.com\/index.php\/wp-json\/wp\/v2\/posts\/504870\/revisions\/504872"}],"wp:featuredmedia":[{"embeddable":true,"href":"https:\/\/diarioelpopular.com\/index.php\/wp-json\/wp\/v2\/media\/504871"}],"wp:attachment":[{"href":"https:\/\/diarioelpopular.com\/index.php\/wp-json\/wp\/v2\/media?parent=504870"}],"wp:term":[{"taxonomy":"category","embeddable":true,"href":"https:\/\/diarioelpopular.com\/index.php\/wp-json\/wp\/v2\/categories?post=504870"},{"taxonomy":"post_tag","embeddable":true,"href":"https:\/\/diarioelpopular.com\/index.php\/wp-json\/wp\/v2\/tags?post=504870"}],"curies":[{"name":"wp","href":"https:\/\/api.w.org\/{rel}","templated":true}]}}