{"id":504891,"date":"2022-08-11T10:01:27","date_gmt":"2022-08-11T14:01:27","guid":{"rendered":"https:\/\/diarioelpopular.com\/?p=504891"},"modified":"2022-08-11T10:01:27","modified_gmt":"2022-08-11T14:01:27","slug":"es-la-inflacion-mas-danina-que-la-recesion","status":"publish","type":"post","link":"https:\/\/diarioelpopular.com\/index.php\/2022\/08\/11\/es-la-inflacion-mas-danina-que-la-recesion\/","title":{"rendered":"\u00bfEs la inflaci\u00f3n m\u00e1s da\u00f1ina que la recesi\u00f3n?"},"content":{"rendered":"<p><img loading=\"lazy\" decoding=\"async\" class=\"alignnone size-custom-full-size wp-image-504892\" src=\"https:\/\/diarioelpopular.com\/wp-content\/uploads\/2022\/08\/126275045_gettyimages-1412523986-636x358.jpg\" alt=\"\" width=\"636\" height=\"358\" srcset=\"https:\/\/diarioelpopular.com\/wp-content\/uploads\/2022\/08\/126275045_gettyimages-1412523986-636x358.jpg 636w, https:\/\/diarioelpopular.com\/wp-content\/uploads\/2022\/08\/126275045_gettyimages-1412523986-300x169.jpg 300w, https:\/\/diarioelpopular.com\/wp-content\/uploads\/2022\/08\/126275045_gettyimages-1412523986-768x432.jpg 768w, https:\/\/diarioelpopular.com\/wp-content\/uploads\/2022\/08\/126275045_gettyimages-1412523986-130x73.jpg 130w, https:\/\/diarioelpopular.com\/wp-content\/uploads\/2022\/08\/126275045_gettyimages-1412523986.jpg 800w\" sizes=\"auto, (max-width: 636px) 100vw, 636px\" \/><\/p>\n<div class=\"bbc-19j92fr ebmt73l0\" dir=\"ltr\">\n<p class=\"bbc-hhl7in e17g058b0\" dir=\"ltr\"><em><b>&#8211; Hay que apagar el fuego antes de que se salga de control.<\/b><\/em><\/p>\n<\/div>\n<div class=\"bbc-19j92fr ebmt73l0\" dir=\"ltr\">\n<ul class=\"bbc-k0l9bd euvj3t12\" role=\"list\">\n<li class=\"bbc-1a3w4ok euvj3t11\" role=\"listitem\">Cecilia Barr\u00eda<\/li>\n<li class=\"bbc-1p92jtu euvj3t10\" role=\"listitem\">BBC News Mundo<\/li>\n<\/ul>\n<p class=\"bbc-hhl7in e17g058b0\" dir=\"ltr\">Esa parece ser la consigna de los pa\u00edses afectados por la gigantesca inflaci\u00f3n que recorre el mundo y que ha llegado a m\u00e1ximos hist\u00f3ricos en d\u00e9cadas.<\/p>\n<\/div>\n<div class=\"bbc-19j92fr ebmt73l0\" dir=\"ltr\">\n<p class=\"bbc-hhl7in e17g058b0\" dir=\"ltr\">Con Alemania marcando el nivel m\u00e1s alto en casi medio siglo -en medio de una crisis energ\u00e9tica derivada de la guerra en Ucrania-, Estados Unidos y Reino Unido en el m\u00e1s alto nivel de los \u00faltimos 40 a\u00f1os y Am\u00e9rica Latina tambi\u00e9n bajo presi\u00f3n por la escalada en el costo de la vida, los bomberos est\u00e1n trabajando a toda velocidad.<\/p>\n<\/div>\n<div class=\"bbc-19j92fr ebmt73l0\" dir=\"ltr\">\n<p class=\"bbc-hhl7in e17g058b0\" dir=\"ltr\">Bomberos encargados de la pol\u00edtica fiscal y monetaria de los pa\u00edses que intentan apagar una hoguera sin descuidar otro foco de incendio: la recesi\u00f3n.<\/p>\n<div class=\"bbc-19j92fr ebmt73l0\" dir=\"ltr\">\n<p class=\"bbc-hhl7in e17g058b0\" dir=\"ltr\">Pues bien, \u00bfqu\u00e9 tiene que ver la inflaci\u00f3n alta con una recesi\u00f3n econ\u00f3mica?<\/p>\n<\/div>\n<div class=\"bbc-1n4f7vm ebmt73l0\" dir=\"ltr\">\n<section class=\"bbc-1tuvzyv etbfg571\" role=\"region\" data-e2e=\"recommendations-heading\" aria-labelledby=\"recommendations-heading\">\n<div class=\"bbc-bjn8wh eveec6k2\">\n<div class=\"bbc-19j92fr ebmt73l0\" dir=\"ltr\">\n<p class=\"bbc-hhl7in e17g058b0\" dir=\"ltr\">Mucho. Cuando se dispara la inflaci\u00f3n, los bancos centrales suben las tasas de inter\u00e9s (el costo de los cr\u00e9ditos) para desincentivar la compra de bienes o servicios.<\/p>\n<\/div>\n<div class=\"bbc-19j92fr ebmt73l0\" dir=\"ltr\">\n<p class=\"bbc-hhl7in e17g058b0\" dir=\"ltr\">Es una pol\u00edtica que busca reducir el consumo y las inversiones con la esperanza de que bajen los precios.<\/p>\n<\/div>\n<div class=\"bbc-19j92fr ebmt73l0\" dir=\"ltr\">\n<p class=\"bbc-hhl7in e17g058b0\" dir=\"ltr\">Con este mecanismo\u00a0se controla la inflaci\u00f3n pero, al mismo tiempo, se frena el crecimiento econ\u00f3mico.<\/p>\n<\/div>\n<div class=\"bbc-19j92fr ebmt73l0\" dir=\"ltr\">\n<p class=\"bbc-hhl7in e17g058b0\" dir=\"ltr\">Si el frenazo es demasiado grande, la econom\u00eda se estanca y aumentan las posibilidades de que el pa\u00eds entre en recesi\u00f3n.<\/p>\n<div class=\"bbc-19j92fr ebmt73l0\" dir=\"ltr\">\n<p class=\"bbc-hhl7in e17g058b0\" dir=\"ltr\">Frente a este dilema las autoridades tienen que hacer de equilibrista y preguntarse: hasta d\u00f3nde puedo subir las tasas de inter\u00e9s sin ahogar demasiado la econom\u00eda.<\/p>\n<\/div>\n<div class=\"bbc-19j92fr ebmt73l0\" dir=\"ltr\">\n<p class=\"bbc-hhl7in e17g058b0\" dir=\"ltr\">Y ese equilibrio precario entre inflaci\u00f3n y recesi\u00f3n es lo que tiene a los economistas tratando de apagar un incendio sin echarle le\u00f1a al otro.<\/p>\n<\/div>\n<div class=\"bbc-19j92fr ebmt73l0\" dir=\"ltr\">\n<p class=\"bbc-hhl7in e17g058b0\" dir=\"ltr\">De ah\u00ed viene la pregunta: \u00bfes peor la inflaci\u00f3n o una recesi\u00f3n econ\u00f3mica?<\/p>\n<\/div>\n<div class=\"bbc-19j92fr ebmt73l0\" dir=\"ltr\">\n<h2 id=\"El-mal-menor\" class=\"bbc-1f03ibc eglt09e0\" tabindex=\"-1\">El mal menor<\/h2>\n<\/div>\n<div class=\"bbc-19j92fr ebmt73l0\" dir=\"ltr\">\n<p class=\"bbc-hhl7in e17g058b0\" dir=\"ltr\">&#8220;No es tanto cu\u00e1l es peor, sino qu\u00e9 es lo primero que hay que atajar. Yo creo que un pa\u00eds que quiere mantener su estabilidad macroecon\u00f3mica, no puede permitirse una inflaci\u00f3n elevada&#8221;, argumenta Juan Carlos Mart\u00ednez, profesor de Econom\u00eda en la universidad IE Business School, Espa\u00f1a.<\/p>\n<p dir=\"ltr\"><img loading=\"lazy\" decoding=\"async\" class=\"alignnone size-custom-full-size wp-image-504893\" src=\"https:\/\/diarioelpopular.com\/wp-content\/uploads\/2022\/08\/126275049_gettyimages-1408583164-636x358.jpg\" alt=\"\" width=\"636\" height=\"358\" srcset=\"https:\/\/diarioelpopular.com\/wp-content\/uploads\/2022\/08\/126275049_gettyimages-1408583164-636x358.jpg 636w, https:\/\/diarioelpopular.com\/wp-content\/uploads\/2022\/08\/126275049_gettyimages-1408583164-300x169.jpg 300w, https:\/\/diarioelpopular.com\/wp-content\/uploads\/2022\/08\/126275049_gettyimages-1408583164-768x432.jpg 768w, https:\/\/diarioelpopular.com\/wp-content\/uploads\/2022\/08\/126275049_gettyimages-1408583164-130x73.jpg 130w, https:\/\/diarioelpopular.com\/wp-content\/uploads\/2022\/08\/126275049_gettyimages-1408583164.jpg 800w\" sizes=\"auto, (max-width: 636px) 100vw, 636px\" \/><\/p>\n<p dir=\"ltr\">\n<\/div>\n<div class=\"bbc-19j92fr ebmt73l0\" dir=\"ltr\">\n<p class=\"bbc-hhl7in e17g058b0\" dir=\"ltr\">&#8220;Una recesi\u00f3n es un mal menor comparado con una inflaci\u00f3n persistente en la econom\u00eda&#8221;, dice en di\u00e1logo con BBC Mundo.<\/p>\n<div class=\"bbc-19j92fr ebmt73l0\" dir=\"ltr\">\n<p class=\"bbc-hhl7in e17g058b0\" dir=\"ltr\">Benjamin Gedan, director adjunto del Programa Latinoamericano del centro de estudios Wilson Center y profesor de la Universidad Johns Hopkins, en EE.UU., tambi\u00e9n argumenta que disminuir el costo de la vida es algo prioritario.<\/p>\n<\/div>\n<div class=\"bbc-19j92fr ebmt73l0\" dir=\"ltr\">\n<p class=\"bbc-hhl7in e17g058b0\" dir=\"ltr\">&#8220;Las dos cosas son malas, pero la inflaci\u00f3n es m\u00e1s dif\u00edcil de superar\u00a0en muchos casos&#8221;, apunta el experto.<\/p>\n<\/div>\n<div class=\"bbc-19j92fr ebmt73l0\" dir=\"ltr\">\n<p class=\"bbc-hhl7in e17g058b0\" dir=\"ltr\">Una inflaci\u00f3n cr\u00f3nicamente alta, agrega, le impone muchos costos a una sociedad.<\/p>\n<\/div>\n<div class=\"bbc-19j92fr ebmt73l0\" dir=\"ltr\">\n<p class=\"bbc-hhl7in e17g058b0\" dir=\"ltr\">No solo se trata del frenazo econ\u00f3mico. &#8220;Tambi\u00e9n\u00a0crea tensiones sociales, ya que los trabajadores exigen aumentos salariales recurrentes, los propietarios exigen subidas del alquiler y los comerciantes deciden aplicar repetidos aumentos de precios&#8221;, le dice Gedan a BBC Mundo.<\/p>\n<\/div>\n<div class=\"bbc-19j92fr ebmt73l0\" dir=\"ltr\">\n<p class=\"bbc-hhl7in e17g058b0\" dir=\"ltr\">Desde otra perspectiva, Jos\u00e9 Luis de la Cruz, director del Instituto para el Desarrollo Industrial y Crecimiento Econ\u00f3mico (IDIC) de M\u00e9xico, agrega al debate que controlar una inflaci\u00f3n elevada puede tomar muchos a\u00f1os, mientras que las recesiones, al menos en los \u00faltimos a\u00f1os, se han podido superar m\u00e1s r\u00e1pidamente.<\/p>\n<div class=\"bbc-19j92fr ebmt73l0\" dir=\"ltr\">\n<p class=\"bbc-hhl7in e17g058b0\" dir=\"ltr\">&#8220;En este momento es fundamental contener la inflaci\u00f3n porque las experiencias de los \u00faltimos 50 a\u00f1os nos muestran que una espiral inflacionaria acaba desencadenando una recesi\u00f3n&#8221;, le dice el economista a BBC Mundo.<\/p>\n<\/div>\n<div class=\"bbc-19j92fr ebmt73l0\" dir=\"ltr\">\n<p class=\"bbc-hhl7in e17g058b0\" dir=\"ltr\">&#8220;Se puede atajar una recesi\u00f3n sin que esto implique inflaci\u00f3n, pero en el otro caso, la inflaci\u00f3n termina provocando una crisis&#8221;.<\/p>\n<\/div>\n<div class=\"bbc-19j92fr ebmt73l0\" dir=\"ltr\">\n<p class=\"bbc-hhl7in e17g058b0\" dir=\"ltr\">Estados Unidos, por ejemplo,\u00a0&#8220;est\u00e1 pagando el costo de un error&#8221;, agrega, porque las autoridades dejaron pasar mucho tiempo antes de subir las tasas de inter\u00e9s para controlar el consumo y la inversi\u00f3n.<\/p>\n<p dir=\"ltr\"><img loading=\"lazy\" decoding=\"async\" class=\"alignnone size-custom-full-size wp-image-504894\" src=\"https:\/\/diarioelpopular.com\/wp-content\/uploads\/2022\/08\/126275051_gettyimages-1242179854-636x358.jpg\" alt=\"\" width=\"636\" height=\"358\" srcset=\"https:\/\/diarioelpopular.com\/wp-content\/uploads\/2022\/08\/126275051_gettyimages-1242179854-636x358.jpg 636w, https:\/\/diarioelpopular.com\/wp-content\/uploads\/2022\/08\/126275051_gettyimages-1242179854-300x169.jpg 300w, https:\/\/diarioelpopular.com\/wp-content\/uploads\/2022\/08\/126275051_gettyimages-1242179854-768x432.jpg 768w, https:\/\/diarioelpopular.com\/wp-content\/uploads\/2022\/08\/126275051_gettyimages-1242179854-130x73.jpg 130w, https:\/\/diarioelpopular.com\/wp-content\/uploads\/2022\/08\/126275051_gettyimages-1242179854.jpg 800w\" sizes=\"auto, (max-width: 636px) 100vw, 636px\" \/><\/p>\n<\/div>\n<div class=\"bbc-19j92fr ebmt73l0\" dir=\"ltr\">\n<p class=\"bbc-hhl7in e17g058b0\" dir=\"ltr\">De esa manera, la demanda sigui\u00f3 alta y los precios continuaron escalando, se\u00f1ala de la Cruz, sin que se eliminaran los incentivos para seguir gastando.<\/p>\n<\/div>\n<div class=\"bbc-19j92fr ebmt73l0\" dir=\"ltr\">\n<h2 id=\"Qu\u00e9-pasa-en-Am\u00e9rica-Latina\" class=\"bbc-1f03ibc eglt09e0\" tabindex=\"-1\">\u00bfQu\u00e9 pasa en Am\u00e9rica Latina?<\/h2>\n<\/div>\n<div class=\"bbc-19j92fr ebmt73l0\" dir=\"ltr\">\n<p class=\"bbc-hhl7in e17g058b0\" dir=\"ltr\">Tal como est\u00e1 ocurriendo en otras partes del mundo, Latinoam\u00e9rica tambi\u00e9n ha sufrido la ola inflacionaria.<\/p>\n<p dir=\"ltr\"><img loading=\"lazy\" decoding=\"async\" class=\"alignnone size-custom-full-size wp-image-504895\" src=\"https:\/\/diarioelpopular.com\/wp-content\/uploads\/2022\/08\/126275141_gettyimages-1401213083-636x358.jpg\" alt=\"\" width=\"636\" height=\"358\" srcset=\"https:\/\/diarioelpopular.com\/wp-content\/uploads\/2022\/08\/126275141_gettyimages-1401213083-636x358.jpg 636w, https:\/\/diarioelpopular.com\/wp-content\/uploads\/2022\/08\/126275141_gettyimages-1401213083-300x169.jpg 300w, https:\/\/diarioelpopular.com\/wp-content\/uploads\/2022\/08\/126275141_gettyimages-1401213083-768x432.jpg 768w, https:\/\/diarioelpopular.com\/wp-content\/uploads\/2022\/08\/126275141_gettyimages-1401213083-130x73.jpg 130w, https:\/\/diarioelpopular.com\/wp-content\/uploads\/2022\/08\/126275141_gettyimages-1401213083.jpg 800w\" sizes=\"auto, (max-width: 636px) 100vw, 636px\" \/><\/p>\n<\/div>\n<div class=\"bbc-19j92fr ebmt73l0\" dir=\"ltr\">\n<p class=\"bbc-hhl7in e17g058b0\" dir=\"ltr\">En pa\u00edses como Chile, la inflaci\u00f3n se dispar\u00f3 a un hist\u00f3rico 13,1% (la mayor en casi tres d\u00e9cadas), seguido por Brasil y Colombia (superando los dos d\u00edgitos), mientras pa\u00edses como Per\u00fa y M\u00e9xico, donde la espiral inflacionaria es un poco menor, tambi\u00e9n han sufrido las consecuencias de precios que est\u00e1n dejando huellas a\u00fan m\u00e1s profundas en los sectores m\u00e1s vulnerables.<\/p>\n<div class=\"bbc-19j92fr ebmt73l0\" dir=\"ltr\">\n<p class=\"bbc-hhl7in e17g058b0\" dir=\"ltr\">Argentina, que sufre un problema cr\u00f3nico de inflaci\u00f3n, tiene la herida abierta con un aumento anual del costo de vida de 64%.<\/p>\n<\/div>\n<div class=\"bbc-19j92fr ebmt73l0\" dir=\"ltr\">\n<p class=\"bbc-hhl7in e17g058b0\" dir=\"ltr\">Ante este escenario, los bancos centrales de la regi\u00f3n han aplicado hist\u00f3ricos aumentos de las tasas de inter\u00e9s para tratar de sacarle la presi\u00f3n a la olla.<\/p>\n<\/div>\n<div class=\"bbc-19j92fr ebmt73l0\" dir=\"ltr\">\n<p class=\"bbc-hhl7in e17g058b0\" dir=\"ltr\">En los buenos tiempos econ\u00f3micos, muchos gobiernos sol\u00edan ponerse como meta inflacionaria un rango de entre 2% a 4%.<\/p>\n<\/div>\n<div class=\"bbc-19j92fr ebmt73l0\" dir=\"ltr\">\n<p class=\"bbc-hhl7in e17g058b0\" dir=\"ltr\">Pero ahora que el costo del cr\u00e9dito est\u00e1 disparado, esas metas se esfumaron, al menos por ahora.<\/p>\n<\/div>\n<div class=\"bbc-19j92fr ebmt73l0\" dir=\"ltr\">\n<p class=\"bbc-hhl7in e17g058b0\" dir=\"ltr\">Brasil, por ejemplo, tiene sus tipos de inter\u00e9s en 13,7%, mientras que en Chile el costo de los pr\u00e9stamos escal\u00f3 a un m\u00e1ximo hist\u00f3rico de 9,7% y en Colombia al 9%.<\/p>\n<\/div>\n<div class=\"bbc-19j92fr ebmt73l0\" dir=\"ltr\">\n<p class=\"bbc-hhl7in e17g058b0\" dir=\"ltr\">Pocas ganas les quedan a los consumidores que aspiraban a comprarse una casa con un cr\u00e9dito bancario, o a los empresarios que pensaban renovar equipos, ampliar sus operaciones o iniciar nuevos proyectos de inversi\u00f3n.<\/p>\n<div class=\"bbc-19j92fr ebmt73l0\" dir=\"ltr\">\n<p class=\"bbc-hhl7in e17g058b0\" dir=\"ltr\">Claramente la \u00e9poca del &#8220;dinero barato&#8221;, es decir, de los pr\u00e9stamos m\u00e1s asequibles, qued\u00f3 en el pasado.<\/p>\n<\/div>\n<div class=\"bbc-19j92fr ebmt73l0\" dir=\"ltr\">\n<p class=\"bbc-hhl7in e17g058b0\" dir=\"ltr\">Tan veloz y profundo han sido el aumento del costo del cr\u00e9dito, que los economistas esperan ver resultados prontamente.<\/p>\n<\/div>\n<div class=\"bbc-19j92fr ebmt73l0\" dir=\"ltr\">\n<p class=\"bbc-hhl7in e17g058b0\" dir=\"ltr\">De hecho,\u00a0en pa\u00edses como Estados Unidos o Brasil, la inflaci\u00f3n dio una tregua y disminuy\u00f3 levemente, aumentando las expectativas de que los precios podr\u00edan estar alcanzando sus niveles m\u00e1ximos.<\/p>\n<\/div>\n<div class=\"bbc-19j92fr ebmt73l0\" dir=\"ltr\">\n<h2 id=\"Qui\u00e9nes-son-los-m\u00e1s-perjudicados-con-la-inflaci\u00f3n\" class=\"bbc-1f03ibc eglt09e0\" tabindex=\"-1\">\u00bfQui\u00e9nes son los m\u00e1s perjudicados con la inflaci\u00f3n?<\/h2>\n<\/div>\n<div class=\"bbc-19j92fr ebmt73l0\" dir=\"ltr\">\n<p class=\"bbc-hhl7in e17g058b0\" dir=\"ltr\">&#8220;Lo peor de todo es que la inflaci\u00f3n es un impuesto sobre los pobres, que tienen escasos ahorros y normalmente trabajan en el sector informal, con poca capacidad para proteger su poder adquisitivo&#8221;, explica Gedan.<\/p>\n<\/div>\n<div class=\"bbc-19j92fr ebmt73l0\" dir=\"ltr\">\n<p class=\"bbc-hhl7in e17g058b0\" dir=\"ltr\">&#8220;Dada la pobreza generalizada de la regi\u00f3n y el gigantesco sector informal, los impactos de la inflaci\u00f3n son particularmente severos en Am\u00e9rica Latina&#8221;, apunta.<\/p>\n<div class=\"bbc-19j92fr ebmt73l0\" dir=\"ltr\">\n<p class=\"bbc-hhl7in e17g058b0\" dir=\"ltr\">En ese sentido, las autoridades no han dudado en subir las tasas, especialmente por los episodios de escalada de precios en Latinoam\u00e9rica en las d\u00e9cadas pasadas.<\/p>\n<\/div>\n<div class=\"bbc-19j92fr ebmt73l0\" dir=\"ltr\">\n<p class=\"bbc-hhl7in e17g058b0\" dir=\"ltr\">&#8220;Es que\u00a0dados los traumas pasados \u200b\u200bde la regi\u00f3n con la hiperinflaci\u00f3n\u00a0y el deseo de conservar la credibilidad ganada con tanto esfuerzo de los bancos centrales, no sorprende ver medidas r\u00e1pidas en muchos pa\u00edses para frenar los aumentos de precios&#8221;, dice el experto.<\/p>\n<\/div>\n<div class=\"bbc-19j92fr ebmt73l0\" dir=\"ltr\">\n<h2 id=\"El-debate-en-Estados-Unidos\" class=\"bbc-1f03ibc eglt09e0\" tabindex=\"-1\">El debate en Estados Unidos<\/h2>\n<\/div>\n<div class=\"bbc-19j92fr ebmt73l0\" dir=\"ltr\">\n<p class=\"bbc-hhl7in e17g058b0\" dir=\"ltr\">Si bien inflaci\u00f3n y recesi\u00f3n son dos amenazas econ\u00f3micas de alto calibre, en Estados Unidos el debate se ha centrado en cu\u00e1nto y a qu\u00e9 velocidad la Reserva Federal (el equivalente al banco central en otros pa\u00edses) debe seguir subiendo las tasas para detener la escalada de los precios.<\/p>\n<\/div>\n<div class=\"bbc-19j92fr ebmt73l0\" dir=\"ltr\">\n<p class=\"bbc-hhl7in e17g058b0\" dir=\"ltr\">Criticada por no haber actuado antes, la Fed se ha embarcado este a\u00f1o en una serie de subidas de los tipos de inter\u00e9s.<\/p>\n<\/div>\n<div class=\"bbc-19j92fr ebmt73l0\" dir=\"ltr\">\n<p class=\"bbc-hhl7in e17g058b0\" dir=\"ltr\">Y como esas subidas le ponen un freno a la econom\u00eda, la pregunta que muchos se hacen es si\u00a0Estados Unidos caer\u00e1 o no caer\u00e1 en una recesi\u00f3n con todas sus letras.<\/p>\n<\/div>\n<div class=\"bbc-19j92fr ebmt73l0\" dir=\"ltr\">\n<p class=\"bbc-hhl7in e17g058b0\" dir=\"ltr\">Porque ya est\u00e1 atravesando lo que se conoce como una &#8220;recesi\u00f3n t\u00e9cnica&#8221;, equivalente a dos trimestres seguidos de contracci\u00f3n econ\u00f3mica.<\/p>\n<div class=\"bbc-19j92fr ebmt73l0\" dir=\"ltr\">\n<p class=\"bbc-hhl7in e17g058b0\" dir=\"ltr\">Pero en EE.UU. esos n\u00fameros rojos no representan una verdadera recesi\u00f3n, seg\u00fan los est\u00e1ndares que se utilizan en ese pa\u00eds.<\/p>\n<\/div>\n<div class=\"bbc-19j92fr ebmt73l0\" dir=\"ltr\">\n<p class=\"bbc-hhl7in e17g058b0\" dir=\"ltr\">El \u00e1rbitro que la define, por decirlo de alguna manera, es una organizaci\u00f3n independiente: la Oficina Nacional de Investigaci\u00f3n Econ\u00f3mica (NBER, por sus siglas en ingl\u00e9s).<\/p>\n<\/div>\n<div class=\"bbc-19j92fr ebmt73l0\" dir=\"ltr\">\n<p class=\"bbc-hhl7in e17g058b0\" dir=\"ltr\">En ella participan destacados economistas que se re\u00fanen regularmente y analizan todas las variables que pueden incidir en un proceso recesivo.<\/p>\n<\/div>\n<div class=\"bbc-19j92fr ebmt73l0\" dir=\"ltr\">\n<p class=\"bbc-hhl7in e17g058b0\" dir=\"ltr\">La definici\u00f3n que ellos utilizan est\u00e1 lejos de ser una f\u00f3rmula matem\u00e1tica:\u00a0&#8220;Una disminuci\u00f3n significativa en la actividad econ\u00f3mica que se extiende por toda la econom\u00eda y dura m\u00e1s de unos pocos meses&#8221;.<\/p>\n<\/div>\n<div class=\"bbc-19j92fr ebmt73l0\" dir=\"ltr\">\n<p class=\"bbc-hhl7in e17g058b0\" dir=\"ltr\">El enfoque del comit\u00e9 de economistas es que, si bien cada uno de los tres criterios (profundidad, difusi\u00f3n y duraci\u00f3n) debe cumplirse individualmente hasta cierto punto, las condiciones extremas reveladas por un criterio pueden compensar parcialmente las indicaciones m\u00e1s d\u00e9biles de otro.<\/p>\n<\/div>\n<div class=\"bbc-19j92fr ebmt73l0\" dir=\"ltr\">\n<p class=\"bbc-hhl7in e17g058b0\" dir=\"ltr\">Precisamente porque no es una f\u00f3rmula infalible hay tanto debate en Estados Unidos sobre si realmente el pa\u00eds va camino a una recesi\u00f3n o si no llegar\u00e1 a ese punto.<\/p>\n<\/div>\n<div class=\"bbc-19j92fr ebmt73l0\" dir=\"ltr\">\n<p class=\"bbc-hhl7in e17g058b0\" dir=\"ltr\">Las m\u00e1ximas autoridades del pa\u00eds (encargadas de la pol\u00edtica fiscal y monetaria) se han mostrado optimistas argumentando que el mercado del trabajo se mantiene fuerte.<\/p>\n<\/div>\n<div class=\"bbc-19j92fr ebmt73l0\" dir=\"ltr\">\n<p class=\"bbc-hhl7in e17g058b0\" dir=\"ltr\">Y en julio la inflaci\u00f3n baj\u00f3 levemente (de 9,1% a 8,5%),\u00a0aportando una cuota de alivio\u00a0frente a los pron\u00f3sticos que consideraban como inevitable una recesi\u00f3n en el pa\u00eds.<\/p>\n<\/div>\n<\/div>\n<\/div>\n<\/div>\n<\/div>\n<\/div>\n<\/div>\n<\/div>\n<\/div>\n<div class=\"etbfg570 bbc-1nwk127 e1m6nvxw1\"><\/div>\n<\/section>\n<\/div>\n<\/div>\n","protected":false},"excerpt":{"rendered":"<p>&#8211; Hay que apagar el fuego antes de que se salga de control. Cecilia Barr\u00eda BBC News Mundo Esa parece ser la consigna de los&hellip;<\/p>\n","protected":false},"author":99,"featured_media":504895,"comment_status":"open","ping_status":"open","sticky":false,"template":"","format":"standard","meta":{"footnotes":""},"categories":[11358,23],"tags":[],"class_list":["post-504891","post","type-post","status-publish","format-standard","has-post-thumbnail","hentry","category-especiales","category-latinoamerica"],"_links":{"self":[{"href":"https:\/\/diarioelpopular.com\/index.php\/wp-json\/wp\/v2\/posts\/504891","targetHints":{"allow":["GET"]}}],"collection":[{"href":"https:\/\/diarioelpopular.com\/index.php\/wp-json\/wp\/v2\/posts"}],"about":[{"href":"https:\/\/diarioelpopular.com\/index.php\/wp-json\/wp\/v2\/types\/post"}],"author":[{"embeddable":true,"href":"https:\/\/diarioelpopular.com\/index.php\/wp-json\/wp\/v2\/users\/99"}],"replies":[{"embeddable":true,"href":"https:\/\/diarioelpopular.com\/index.php\/wp-json\/wp\/v2\/comments?post=504891"}],"version-history":[{"count":1,"href":"https:\/\/diarioelpopular.com\/index.php\/wp-json\/wp\/v2\/posts\/504891\/revisions"}],"predecessor-version":[{"id":504896,"href":"https:\/\/diarioelpopular.com\/index.php\/wp-json\/wp\/v2\/posts\/504891\/revisions\/504896"}],"wp:featuredmedia":[{"embeddable":true,"href":"https:\/\/diarioelpopular.com\/index.php\/wp-json\/wp\/v2\/media\/504895"}],"wp:attachment":[{"href":"https:\/\/diarioelpopular.com\/index.php\/wp-json\/wp\/v2\/media?parent=504891"}],"wp:term":[{"taxonomy":"category","embeddable":true,"href":"https:\/\/diarioelpopular.com\/index.php\/wp-json\/wp\/v2\/categories?post=504891"},{"taxonomy":"post_tag","embeddable":true,"href":"https:\/\/diarioelpopular.com\/index.php\/wp-json\/wp\/v2\/tags?post=504891"}],"curies":[{"name":"wp","href":"https:\/\/api.w.org\/{rel}","templated":true}]}}