{"id":504910,"date":"2022-08-12T08:19:43","date_gmt":"2022-08-12T12:19:43","guid":{"rendered":"https:\/\/diarioelpopular.com\/?p=504910"},"modified":"2022-08-12T08:19:43","modified_gmt":"2022-08-12T12:19:43","slug":"encuesta-muestra-que-los-canadienses-estan-cambiando-sus-planes-de-viaje","status":"publish","type":"post","link":"https:\/\/diarioelpopular.com\/index.php\/2022\/08\/12\/encuesta-muestra-que-los-canadienses-estan-cambiando-sus-planes-de-viaje\/","title":{"rendered":"Encuesta muestra que los canadienses est\u00e1n cambiando sus planes de viaje"},"content":{"rendered":"<p><img loading=\"lazy\" decoding=\"async\" class=\"alignnone size-custom-full-size wp-image-504911\" src=\"https:\/\/diarioelpopular.com\/wp-content\/uploads\/2022\/08\/GettyImages-458709917-1dc44eb816a74837ab63d478b9ee1a72-636x424.jpg\" alt=\"\" width=\"636\" height=\"424\" srcset=\"https:\/\/diarioelpopular.com\/wp-content\/uploads\/2022\/08\/GettyImages-458709917-1dc44eb816a74837ab63d478b9ee1a72-636x424.jpg 636w, https:\/\/diarioelpopular.com\/wp-content\/uploads\/2022\/08\/GettyImages-458709917-1dc44eb816a74837ab63d478b9ee1a72-300x200.jpg 300w, https:\/\/diarioelpopular.com\/wp-content\/uploads\/2022\/08\/GettyImages-458709917-1dc44eb816a74837ab63d478b9ee1a72-768x512.jpg 768w, https:\/\/diarioelpopular.com\/wp-content\/uploads\/2022\/08\/GettyImages-458709917-1dc44eb816a74837ab63d478b9ee1a72-1200x800.jpg 1200w, https:\/\/diarioelpopular.com\/wp-content\/uploads\/2022\/08\/GettyImages-458709917-1dc44eb816a74837ab63d478b9ee1a72-110x73.jpg 110w, https:\/\/diarioelpopular.com\/wp-content\/uploads\/2022\/08\/GettyImages-458709917-1dc44eb816a74837ab63d478b9ee1a72.jpg 1024w\" sizes=\"auto, (max-width: 636px) 100vw, 636px\" \/><\/p>\n<p><em><strong>&#8211; Muchos aeropuertos en todo el mundo est\u00e1n teniendo problemas con los vuelos retrasados \u200b\u200by la p\u00e9rdida de equipaje, y una nueva encuesta realizada por Rates.ca muestra que muchos canadienses est\u00e1n pensando en sus planes de viaje.<\/strong><\/em><\/p>\n<p>&nbsp;<\/p>\n<p><em><strong>OTTAWA.-<\/strong> <\/em>\u201cDescubrimos que el 35% de los canadienses que planeaban viajar en avi\u00f3n cambiaron sus planes\u201d, dijo John Shmuel, editor gerente de Rates.ca.<\/p>\n<p>Con el fin de tratar de salvarse de las consecuencias de los vuelos retrasados \u200b\u200by la p\u00e9rdida de equipaje, las personas buscan comprar un seguro de viaje ahora m\u00e1s que nunca.<\/p>\n<p>\u201cTambi\u00e9n descubrimos que el 78 % de los canadienses que cambiaron sus planes de viaje tambi\u00e9n buscaban comprar un seguro de viaje como resultado de lo que estaba sucediendo\u201d, dijo Shmuel.<\/p>\n<p>Estos problemas se deben en gran parte a la escasez de personal, un problema que no es espec\u00edfico de la industria de viajes, sino tambi\u00e9n de muchos otros.<\/p>\n<p>John Shmuel dice que ha visto tanto lo bueno como lo malo.<\/p>\n<p>\u201cPersonalmente he escuchado a amigos, familiares que han tenido una gran experiencia, otros por supuesto han retrasado vuelos o han terminado en un lugar y se enteran que su equipaje no lleg\u00f3\u201d.<\/p>\n<p>SKYXE Saskatoon Airport no ha enfrentado estos desaf\u00edos en la misma medida.<\/p>\n<p>\u201cCreo que hemos tenido bastante suerte aqu\u00ed como un aeropuerto m\u00e1s peque\u00f1o de no experimentar muchos de los desaf\u00edos operativos que han estado experimentando algunos de nuestros hom\u00f3logos de aeropuertos m\u00e1s grandes en todo el pa\u00eds\u201d, dijo CJ Dushinksi, vicepresidente de desarrollo comercial y servicio. calidad en SKYXE.<\/p>\n<p>Seg\u00fan Dushinski, el aeropuerto no ha visto una disminuci\u00f3n en los viajes.<\/p>\n<p>\u201cDurante el per\u00edodo de verano pasado, de junio a julio, se recuper\u00f3 m\u00e1s del 78-80 % de lo que hubi\u00e9ramos visto en 2019, lo que sin duda est\u00e1 muy lejos de donde hemos estado los \u00faltimos veranos\u201d.<\/p>\n<p>Se han se\u00f1alado un par de preocupaciones al aeropuerto sobre viajar a otros aeropuertos.<\/p>\n<p>\u201cCuando suceden cosas en las estaciones de l\u00ednea ascendente, suceden cosas en Toronto, vuelos de conexi\u00f3n, las maletas no llegan aqu\u00ed a su destino final o viajan hacia el exterior y se pierden en alg\u00fan lugar mientras tanto\u201d, dijo Dushinski.<\/p>\n<p>A medida que los viajes de verano llegan a su fin, se espera que disminuya la cantidad de personas que viajan.<\/p>\n<p>&#8220;Realmente no estamos viendo que los viajes se desaceleren desde la perspectiva del per\u00edodo de verano en este punto, todav\u00eda estamos viendo esos n\u00fameros de viajes bastante altos, realmente no vemos que se desaceleren todav\u00eda, aunque esperamos que eso cambie a medida que avanza el oto\u00f1o y los ni\u00f1os regresan a la escuela y terminan las vacaciones de verano, dijo.<\/p>\n<p>Si el n\u00famero de viajeros disminuye, los aeropuertos deber\u00edan poder ponerse al d\u00eda, seg\u00fan Dushinski.<\/p>\n","protected":false},"excerpt":{"rendered":"<p>&#8211; Muchos aeropuertos en todo el mundo est\u00e1n teniendo problemas con los vuelos retrasados \u200b\u200by la p\u00e9rdida de equipaje, y una nueva encuesta realizada por&hellip;<\/p>\n","protected":false},"author":99,"featured_media":504911,"comment_status":"open","ping_status":"open","sticky":false,"template":"","format":"standard","meta":{"footnotes":""},"categories":[21,11191],"tags":[],"class_list":["post-504910","post","type-post","status-publish","format-standard","has-post-thumbnail","hentry","category-canada","category-top-news"],"_links":{"self":[{"href":"https:\/\/diarioelpopular.com\/index.php\/wp-json\/wp\/v2\/posts\/504910","targetHints":{"allow":["GET"]}}],"collection":[{"href":"https:\/\/diarioelpopular.com\/index.php\/wp-json\/wp\/v2\/posts"}],"about":[{"href":"https:\/\/diarioelpopular.com\/index.php\/wp-json\/wp\/v2\/types\/post"}],"author":[{"embeddable":true,"href":"https:\/\/diarioelpopular.com\/index.php\/wp-json\/wp\/v2\/users\/99"}],"replies":[{"embeddable":true,"href":"https:\/\/diarioelpopular.com\/index.php\/wp-json\/wp\/v2\/comments?post=504910"}],"version-history":[{"count":1,"href":"https:\/\/diarioelpopular.com\/index.php\/wp-json\/wp\/v2\/posts\/504910\/revisions"}],"predecessor-version":[{"id":504912,"href":"https:\/\/diarioelpopular.com\/index.php\/wp-json\/wp\/v2\/posts\/504910\/revisions\/504912"}],"wp:featuredmedia":[{"embeddable":true,"href":"https:\/\/diarioelpopular.com\/index.php\/wp-json\/wp\/v2\/media\/504911"}],"wp:attachment":[{"href":"https:\/\/diarioelpopular.com\/index.php\/wp-json\/wp\/v2\/media?parent=504910"}],"wp:term":[{"taxonomy":"category","embeddable":true,"href":"https:\/\/diarioelpopular.com\/index.php\/wp-json\/wp\/v2\/categories?post=504910"},{"taxonomy":"post_tag","embeddable":true,"href":"https:\/\/diarioelpopular.com\/index.php\/wp-json\/wp\/v2\/tags?post=504910"}],"curies":[{"name":"wp","href":"https:\/\/api.w.org\/{rel}","templated":true}]}}