{"id":504913,"date":"2022-08-12T08:23:37","date_gmt":"2022-08-12T12:23:37","guid":{"rendered":"https:\/\/diarioelpopular.com\/?p=504913"},"modified":"2022-08-12T08:23:37","modified_gmt":"2022-08-12T12:23:37","slug":"la-tristeza-mina-a-los-adolescentes-mexicanos","status":"publish","type":"post","link":"https:\/\/diarioelpopular.com\/index.php\/2022\/08\/12\/la-tristeza-mina-a-los-adolescentes-mexicanos\/","title":{"rendered":"La tristeza mina a los adolescentes mexicanos"},"content":{"rendered":"<p>&nbsp;<\/p>\n<p><img loading=\"lazy\" decoding=\"async\" class=\"alignnone size-custom-full-size wp-image-504915\" src=\"https:\/\/diarioelpopular.com\/wp-content\/uploads\/2022\/08\/15c445edb048d037cdb94dc7b0fcce13.jpg\" alt=\"\" width=\"476\" height=\"339\" srcset=\"https:\/\/diarioelpopular.com\/wp-content\/uploads\/2022\/08\/15c445edb048d037cdb94dc7b0fcce13.jpg 476w, https:\/\/diarioelpopular.com\/wp-content\/uploads\/2022\/08\/15c445edb048d037cdb94dc7b0fcce13-300x214.jpg 300w, https:\/\/diarioelpopular.com\/wp-content\/uploads\/2022\/08\/15c445edb048d037cdb94dc7b0fcce13-103x73.jpg 103w\" sizes=\"auto, (max-width: 476px) 100vw, 476px\" \/><\/p>\n<p><em>Los efectos colaterales del Covid-19 se sienten en M\u00e9xico y el estado de \u00e1nimo de los adolescentes. (foto: ANSA)<\/em><\/p>\n<h4><em><strong>&#8211; Siete de cada 10 aseguran tener este s\u00edntoma de depresi\u00f3n<\/strong><\/em><\/h4>\n<p><em><strong>CIUDAD DE MEXICO, 12 AGO &#8211;<\/strong><\/em> Siete de cada 10 adolescentes mexicanos asegura sentirse triste &#8220;todo el tiempo&#8221; o la mayor parte del tiempo&#8221;, seg\u00fan una encuesta gubernamental de amplio alcance que representa una voz de alarma sobre el impacto emocional de la pandemia en este fr\u00e1gil sector demogr\u00e1fico.<br \/>\nEl estudio arroj\u00f3 que uno de cada 10 de este rango de edad dijo sentirse &#8220;triste&#8221; un considerable n\u00famero de veces, lo que representa una situaci\u00f3n preocupante a juicio de los especialistas.<br \/>\n&#8220;Es alarmante la cantidad de adolescentes que expresan este sentimiento de tristeza constante&#8221;, porque este es uno de los principales &#8220;s\u00edntomas de depresi\u00f3n&#8221;, dijo Emmanuel Sarmiento, director del hospital Psiqui\u00e1trico Infantil Juan N.<br \/>\nNavarro.<br \/>\nLa Encuesta Nacional en Salud 2021, que abarca un amplio espectro de temas relacionados, puso sobre la mesa un tema que est\u00e1 siendo cada vez m\u00e1s debatido, sobre el impacto de la pandemia en el estado mental de las personas, sobre todo los ni\u00f1os y los j\u00f3venes mexicanos.<br \/>\nSeg\u00fan Sarmiento, estar triste &#8220;es normal y todo mundo lo experimenta&#8221; pero el problema radica en que &#8220;un porcentaje importante lo experimenta de manera constante y est\u00e1 presente la mayor parte del tiempo.<br \/>\nEl experto llam\u00f3 a los padres y maestros a identificar &#8220;de manera oportuna a los adolescentes que est\u00e9n experimentando tristeza para que reciban atenci\u00f3n, o en su caso, tratamiento oportuno&#8221;.<br \/>\nUna de las consecuencias puede ser que las personas que sufren estos s\u00edntomas se lancen en brazos de las adicciones o incurran en acciones autodestructivas que pueden llegar al suicidio, advierten los conocedores.<br \/>\nEl n\u00famero de suicidios en ni\u00f1os y adolescentes de ambos sexos en M\u00e9xico alcanz\u00f3 la cifra r\u00e9cord de 1.150 casos durante la pandemia, un aumento de 12% comparado con 2019, seg\u00fan cifras oficiales.<br \/>\nGabriela Orozco, jefa del laboratorio de la Facultad de Psicolog\u00eda de la Universidad Nacional Aut\u00f3noma de M\u00e9xico (UNAM), se\u00f1al\u00f3 que &#8220;la depresi\u00f3n es un problema grave de salud, ya que puede conducir al suicidio, sobre todo cuando se presenta de manera recurrente y tiene una intensidad moderada a severa&#8221;.<br \/>\nOrozco recomienda a quienes se sienten mal durante alg\u00fan tiempo, con s\u00edntomas de depresi\u00f3n, acercarse a su familia, amigos, pedir apoyo a un psic\u00f3logo y recordar que &#8220;no est\u00e1s solo&#8221; pues muchos padecen lo mismo y los expertos &#8220;est\u00e1n ah\u00ed para ayudarles, pues siempre hay forma de salir&#8221; de esta situaci\u00f3n.<br \/>\nLos expertos advierten que la depresi\u00f3n, que pone en pausa las vidas de muchos adolescentes, puede tardar hasta 10 a\u00f1os en revertirse, a menos que las v\u00edctimas acudan a especialistas y reciban un apoyo profesional y adecuado.<br \/>\nCatalina G\u00f3mez Olaya, jefa de Pol\u00edtica Social del Fondo de las Naciones Unidas para la Infancia (Unicef) en M\u00e9xico, se\u00f1al\u00f3 que al menos en 25% de los hogares, con ni\u00f1os y ni\u00f1as, por lo menos un miembro sigue teniendo alg\u00fan problema severo de ansiedad.<br \/>\nEn el caso de la depresi\u00f3n, los hogares con infantes y adolescentes, donde una persona presenta s\u00edntomas de este padecimiento, han mantenido una tendencia alta, aunque en la \u00faltima medici\u00f3n se registr\u00f3 una reducci\u00f3n al 22% cuando la pandemia comenz\u00f3 a disminuir.<br \/>\nOtra encuesta titulada &#8220;Encovid-19 Infancia&#8221;, realizada por el Instituto de Investigaciones para el Desarrollo con Equidad y la Universidad Iberoamericana, en colaboraci\u00f3n con la Unicef M\u00e9xico, arroj\u00f3 que uno de los comportamientos an\u00f3malos derivados entre ni\u00f1os y adolescentes son las &#8220;pesadillas frecuentes&#8221;.<br \/>\nEste problema pas\u00f3 de 2% en mayo de 2020 a 9% en octubre de 2021, seg\u00fan el relevamiento realizado por medio de llamadas telef\u00f3nicas a padres, madres y cuidadores de menores de edad.<br \/>\nAdem\u00e1s, se refleja entre otros s\u00edntomas en un aumento de la falta de apetito, que pas\u00f3 de 4 a 11% en ese mismo per\u00edodo, indic\u00f3.<\/p>\n","protected":false},"excerpt":{"rendered":"<p>&nbsp; Los efectos colaterales del Covid-19 se sienten en M\u00e9xico y el estado de \u00e1nimo de los adolescentes. (foto: ANSA) &#8211; Siete de cada 10&hellip;<\/p>\n","protected":false},"author":99,"featured_media":504915,"comment_status":"open","ping_status":"open","sticky":false,"template":"","format":"standard","meta":{"footnotes":""},"categories":[23],"tags":[],"class_list":["post-504913","post","type-post","status-publish","format-standard","has-post-thumbnail","hentry","category-latinoamerica"],"_links":{"self":[{"href":"https:\/\/diarioelpopular.com\/index.php\/wp-json\/wp\/v2\/posts\/504913","targetHints":{"allow":["GET"]}}],"collection":[{"href":"https:\/\/diarioelpopular.com\/index.php\/wp-json\/wp\/v2\/posts"}],"about":[{"href":"https:\/\/diarioelpopular.com\/index.php\/wp-json\/wp\/v2\/types\/post"}],"author":[{"embeddable":true,"href":"https:\/\/diarioelpopular.com\/index.php\/wp-json\/wp\/v2\/users\/99"}],"replies":[{"embeddable":true,"href":"https:\/\/diarioelpopular.com\/index.php\/wp-json\/wp\/v2\/comments?post=504913"}],"version-history":[{"count":1,"href":"https:\/\/diarioelpopular.com\/index.php\/wp-json\/wp\/v2\/posts\/504913\/revisions"}],"predecessor-version":[{"id":504916,"href":"https:\/\/diarioelpopular.com\/index.php\/wp-json\/wp\/v2\/posts\/504913\/revisions\/504916"}],"wp:featuredmedia":[{"embeddable":true,"href":"https:\/\/diarioelpopular.com\/index.php\/wp-json\/wp\/v2\/media\/504915"}],"wp:attachment":[{"href":"https:\/\/diarioelpopular.com\/index.php\/wp-json\/wp\/v2\/media?parent=504913"}],"wp:term":[{"taxonomy":"category","embeddable":true,"href":"https:\/\/diarioelpopular.com\/index.php\/wp-json\/wp\/v2\/categories?post=504913"},{"taxonomy":"post_tag","embeddable":true,"href":"https:\/\/diarioelpopular.com\/index.php\/wp-json\/wp\/v2\/tags?post=504913"}],"curies":[{"name":"wp","href":"https:\/\/api.w.org\/{rel}","templated":true}]}}