{"id":504923,"date":"2022-08-12T16:47:17","date_gmt":"2022-08-12T20:47:17","guid":{"rendered":"https:\/\/diarioelpopular.com\/?p=504923"},"modified":"2022-08-12T16:47:17","modified_gmt":"2022-08-12T20:47:17","slug":"5-cambios-que-propone-hacer-el-gobierno-de-chile-al-proyecto-de-constitucion-si-se-aprueba-el-texto","status":"publish","type":"post","link":"https:\/\/diarioelpopular.com\/index.php\/2022\/08\/12\/5-cambios-que-propone-hacer-el-gobierno-de-chile-al-proyecto-de-constitucion-si-se-aprueba-el-texto\/","title":{"rendered":"5 cambios que propone hacer el gobierno de Chile al proyecto de Constituci\u00f3n si se aprueba el texto"},"content":{"rendered":"<p><img loading=\"lazy\" decoding=\"async\" class=\"alignnone size-custom-full-size wp-image-504924\" src=\"https:\/\/diarioelpopular.com\/wp-content\/uploads\/2022\/08\/125991203_gettyimages-1240716266-636x358.jpg\" alt=\"\" width=\"636\" height=\"358\" srcset=\"https:\/\/diarioelpopular.com\/wp-content\/uploads\/2022\/08\/125991203_gettyimages-1240716266-636x358.jpg 636w, https:\/\/diarioelpopular.com\/wp-content\/uploads\/2022\/08\/125991203_gettyimages-1240716266-300x169.jpg 300w, https:\/\/diarioelpopular.com\/wp-content\/uploads\/2022\/08\/125991203_gettyimages-1240716266-768x432.jpg 768w, https:\/\/diarioelpopular.com\/wp-content\/uploads\/2022\/08\/125991203_gettyimages-1240716266-130x73.jpg 130w, https:\/\/diarioelpopular.com\/wp-content\/uploads\/2022\/08\/125991203_gettyimages-1240716266.jpg 800w\" sizes=\"auto, (max-width: 636px) 100vw, 636px\" \/><\/p>\n<p>&nbsp;<\/p>\n<div class=\"bbc-19j92fr ebmt73l0\" dir=\"ltr\">\n<p class=\"bbc-hhl7in e17g058b0\" dir=\"ltr\"><em><b>&#8211; Cuando faltan pocas semanas para el plebiscito del 4 de septiembre en el que los chilenos decidir\u00e1n si aprueban una nueva Constituci\u00f3n, los partidos de la coalici\u00f3n que respalda al presidente Gabriel Boric firmaron este jueves un acuerdo en el que se comprometen a introducir cambios a la nueva Carta Magna si gana la opci\u00f3n &#8220;apruebo&#8221;.<\/b><\/em><\/p>\n<\/div>\n<div class=\"bbc-19j92fr ebmt73l0\" dir=\"ltr\">\n<p class=\"bbc-hhl7in e17g058b0\" dir=\"ltr\">El anuncio se produce en medio de las divisiones que han generado algunos puntos del texto que, de ser aprobado, reemplazar\u00eda inmediatamente a la Carta Magna creada durante el gobierno de Augusto Pinochet hace m\u00e1s de cuatro d\u00e9cadas.<\/p>\n<\/div>\n<div class=\"bbc-19j92fr ebmt73l0\" dir=\"ltr\">\n<p class=\"bbc-hhl7in e17g058b0\" dir=\"ltr\">Seg\u00fan los firmantes, el objetivo del compromiso es precisamente\u00a0&#8220;mejorar&#8221; el texto\u00a0que ser\u00e1 sometido a votaci\u00f3n.<\/p>\n<\/div>\n<div class=\"bbc-19j92fr ebmt73l0\" dir=\"ltr\">\n<p class=\"bbc-hhl7in e17g058b0\" dir=\"ltr\">El pacto llega en plena campa\u00f1a electoral, en un momento en que los sondeos dan ventaja a la opci\u00f3n de mantener el marco legal vigente, es decir, rechazar la propuesta constitucional escrita por una Convenci\u00f3n elegida por voto popular en 2021.<\/p>\n<p dir=\"ltr\">Los principales cambios propuestos por los partidos oficialistas si la Constituc\u00f3n se aprueba y las reacciones que ha generado el anuncio:<\/p>\n<div class=\"bbc-19j92fr ebmt73l0\" dir=\"ltr\">\n<h2 id=\"1-Plurinacionalidad\" class=\"bbc-1f03ibc eglt09e0\" tabindex=\"-1\">1- Plurinacionalidad<\/h2>\n<\/div>\n<div class=\"bbc-19j92fr ebmt73l0\" dir=\"ltr\">\n<p class=\"bbc-hhl7in e17g058b0\" dir=\"ltr\">El oficialismo propone que el mecanismo de consulta ind\u00edgena se aplique\u00a0&#8220;s\u00f3lo a las materias que puedan afectar directamente a los pueblos ind\u00edgenas&#8221;\u00a0y que el consentimiento previo de las comunidades, establecido en la propuesta de Constituci\u00f3n, &#8220;no es exigible en temas de car\u00e1cter nacional o reformas constitucionales&#8221;.<\/p>\n<\/div>\n<div class=\"bbc-19j92fr ebmt73l0\" dir=\"ltr\">\n<p class=\"bbc-hhl7in e17g058b0\" dir=\"ltr\">Sobre las autonom\u00edas territoriales, el acuerdo contempla que seguir\u00e1n &#8220;los principios de unidad e indivisibilidad del Estado de Chile y de las libertades reconocidas y protegidas para todas las personas&#8221;, para lo cual se establecer\u00e1 &#8220;expresamente&#8221; que sus atribuciones deben ser &#8220;coherentes con el\u00a0car\u00e1cter \u00fanico e indivisible del territorio de Chile&#8221;.<\/p>\n<div class=\"bbc-19j92fr ebmt73l0\" dir=\"ltr\">\n<p class=\"bbc-hhl7in e17g058b0\" dir=\"ltr\">Finalmente, en cuanto a los sistemas de justicia ind\u00edgena, el oficialismo reafirm\u00f3 la &#8220;igualdad ante la ley como principio rector&#8221;<\/p>\n<\/div>\n<div class=\"bbc-19j92fr ebmt73l0\" dir=\"ltr\">\n<p class=\"bbc-hhl7in e17g058b0\" dir=\"ltr\">Adem\u00e1s, propusieron que &#8220;la justicia ind\u00edgena solo se aplicar\u00e1 a miembros del mismo pueblo, ser\u00e1 voluntaria y no tendr\u00e1 competencia respecto de delitos penales&#8221;.<\/p>\n<\/div>\n<div class=\"bbc-19j92fr ebmt73l0\" dir=\"ltr\">\n<h2 id=\"2-Derechos-sociales\" class=\"bbc-1f03ibc eglt09e0\" tabindex=\"-1\">2- Derechos sociales<\/h2>\n<\/div>\n<div class=\"bbc-19j92fr ebmt73l0\" dir=\"ltr\">\n<p class=\"bbc-hhl7in e17g058b0\" dir=\"ltr\">El nuevo documento constitucional describe a Chile como &#8220;Estado social y democr\u00e1tico de derecho&#8221; que debe proveer bienes y servicios para asegurar los derechos de las personas, en contraste con la actual Constituci\u00f3n, que favorece el actuar de las instituciones privadas por sobre el Estado en la provisi\u00f3n de bienes sociales como educaci\u00f3n, salud y pensiones.<\/p>\n<\/div>\n<div class=\"bbc-19j92fr ebmt73l0\" dir=\"ltr\">\n<p class=\"bbc-hhl7in e17g058b0\" dir=\"ltr\">El texto se\u00f1ala que el Estado debe garantizar prestaciones b\u00e1sicas uniformes otorgadas por instituciones p\u00fablicas o privadas, propone un Sistema de Seguridad Social p\u00fablico y la creaci\u00f3n de un Sistema Nacional de Salud.<\/p>\n<\/div>\n<div class=\"bbc-19j92fr ebmt73l0\" dir=\"ltr\">\n<p class=\"bbc-hhl7in e17g058b0\" dir=\"ltr\">Si gana el &#8220;apruebo&#8221;, el oficialismo se comprometi\u00f3, en el caso de las pensiones, a incluir en la Carta Magna la implementaci\u00f3n &#8220;del derecho a una pensi\u00f3n digna ser\u00e1 en base a un un\u00a0<b>nuevo <\/b>modelo mixto, donde seguir\u00e1 existiendo un componente de capitalizaci\u00f3n individual, en los mismos t\u00e9rminos que en la actualidad&#8221;.<\/p>\n<\/div>\n<div class=\"bbc-19j92fr ebmt73l0\" dir=\"ltr\">\n<p class=\"bbc-hhl7in e17g058b0\" dir=\"ltr\">Tambi\u00e9n el documento especific\u00f3 que\u00a0la propiedad de las viviendas est\u00e1 &#8220;absolutamente asegurada&#8221;.<\/p>\n<\/div>\n<div class=\"bbc-19j92fr ebmt73l0\" dir=\"ltr\">\n<p class=\"bbc-hhl7in e17g058b0\" dir=\"ltr\">&#8220;Se asegura expl\u00edcitamente que la propiedad de las viviendas, indistintamente del tipo de propietario, se proteger\u00e1 bajo toda circunstancia&#8221;.<\/p>\n<div class=\"bbc-19j92fr ebmt73l0\" dir=\"ltr\">\n<p class=\"bbc-hhl7in e17g058b0\" dir=\"ltr\">Por otro lado, el oficialismo abord\u00f3 el Sistema Nacional de Salud, se\u00f1alando que &#8220;permitir\u00e1 a distintos gobiernos, de diversas tendencias pol\u00edticas, innovar en nuevas soluciones y\u00a0no limita la posibilidad de que participen los privados como prestadores&#8221; de los servicios.<\/p>\n<\/div>\n<div class=\"bbc-19j92fr ebmt73l0\" dir=\"ltr\">\n<p class=\"bbc-hhl7in e17g058b0\" dir=\"ltr\">&#8220;La ley asegurar\u00e1 un sistema integrado con participaci\u00f3n p\u00fablica y privada, donde siguen existiendo cl\u00ednicas, hospitales y centros m\u00e9dicos privados&#8221;.<\/p>\n<\/div>\n<div class=\"bbc-19j92fr ebmt73l0\" dir=\"ltr\">\n<p class=\"bbc-hhl7in e17g058b0\" dir=\"ltr\">El acuerdo tambi\u00e9n contempla la educaci\u00f3n como un derecho, planteando que &#8220;se respetar\u00e1 la existencia y desarrollo de la educaci\u00f3n particular subvencionada, siempre con pleno reconocimiento del Estado dentro del Sistema Nacional de Educaci\u00f3n&#8221;.<\/p>\n<\/div>\n<div class=\"bbc-19j92fr ebmt73l0\" dir=\"ltr\">\n<h2 id=\"3-Seguridad\" class=\"bbc-1f03ibc eglt09e0\" tabindex=\"-1\">3- Seguridad<\/h2>\n<\/div>\n<div class=\"bbc-19j92fr ebmt73l0\" dir=\"ltr\">\n<p class=\"bbc-hhl7in e17g058b0\" dir=\"ltr\">Los partidos que respaldan el gobierno de Boric abordaron los cuestionamientos referentes a los &#8220;Estados de Excepci\u00f3n&#8221;, un tema que ha sido muy controvertido por los hechos de violencia que se registran habitualmente en el sur del pa\u00eds.<\/p>\n<\/div>\n<div class=\"bbc-19j92fr ebmt73l0\" dir=\"ltr\">\n<p class=\"bbc-hhl7in e17g058b0\" dir=\"ltr\">Proponen &#8220;establecer en la Constituci\u00f3n el Estado de Emergencia por grave alteraci\u00f3n de la seguridad p\u00fablica,\u00a0autorizando que las Fuerzas Armadas puedan colaborar, a requerimiento de la autoridad civil y en las condiciones calificadas que establezca la ley, en tareas de resguardo del orden constitucional y del Estado de derecho&#8221;.<\/p>\n<\/div>\n<div class=\"bbc-19j92fr ebmt73l0\" dir=\"ltr\">\n<h2 id=\"4-Sistema-Pol\u00edtico-\" class=\"bbc-1f03ibc eglt09e0\" tabindex=\"-1\">4- Sistema Pol\u00edtico<\/h2>\n<\/div>\n<div class=\"bbc-19j92fr ebmt73l0\" dir=\"ltr\">\n<p class=\"bbc-hhl7in e17g058b0\" dir=\"ltr\">En este tema, el oficialismo se comprometi\u00f3 a analizar el nuevo sistema pol\u00edtico que propone el texto de la Convenci\u00f3n &#8220;para lograr el mejor equilibrio entre el poder legislativo, el gobierno central y las entidades territoriales&#8221;.<\/p>\n<\/div>\n<div class=\"bbc-19j92fr ebmt73l0\" dir=\"ltr\">\n<p class=\"bbc-hhl7in e17g058b0\" dir=\"ltr\">El pacto no menciona cambios a la propuesta de eliminar el Senado. Por otro lado, propone que\u00a0&#8220;la reelecci\u00f3n presidencial no proceda consecutivamente&#8221;.<\/p>\n<\/div>\n<div class=\"bbc-19j92fr ebmt73l0\" dir=\"ltr\">\n<p class=\"bbc-hhl7in e17g058b0\" dir=\"ltr\">En cuanto al gasto fiscal, los partidos anunciaron que consideran necesario &#8220;eliminar la atribuci\u00f3n de presentar mociones parlamentarias&#8221; que causen perjuicios directamente a los gastos del Estado.<\/p>\n<\/div>\n<div class=\"bbc-19j92fr ebmt73l0\" dir=\"ltr\">\n<p class=\"bbc-hhl7in e17g058b0\" dir=\"ltr\">Adem\u00e1s, plantearon que &#8220;la capacidad de endeudamiento de las entidades territoriales fijadas por ley, deber\u00e1n ajustarse al m\u00e1ximo anual que a este efecto fije la Ley de Presupuestos, con expresa regla de\u00a0responsabilidad fiscal&#8221;.<\/p>\n<\/div>\n<div class=\"bbc-19j92fr ebmt73l0\" dir=\"ltr\">\n<h2 id=\"5-Poder-Judicial\" class=\"bbc-1f03ibc eglt09e0\" tabindex=\"-1\">5- Poder Judicial<\/h2>\n<\/div>\n<div class=\"bbc-19j92fr ebmt73l0\" dir=\"ltr\">\n<p class=\"bbc-hhl7in e17g058b0\" dir=\"ltr\">Uno de los temas controvertidos de la propuesta de nueva Constituci\u00f3n es el fin del &#8220;Poder Judicial&#8221;. En su reemplazo crea un &#8220;Consejo de la Justicia&#8221; integrado por 17 personas, entre ellos ocho jueces, dos ind\u00edgenas y otros cinco miembros nombrados por el Congreso.<\/p>\n<\/div>\n<div class=\"bbc-19j92fr ebmt73l0\" dir=\"ltr\">\n<p class=\"bbc-hhl7in e17g058b0\" dir=\"ltr\">Sobre este asunto, los partidos del gobierno abordaron garantizar la independencia del poder judicial, para lo cual proponen\u00a0&#8220;reemplazar, en la Constituci\u00f3n, la denominaci\u00f3n &#8216;Sistemas de Justicia&#8217; por la de &#8216;Poder Judicial&#8221;.<\/p>\n<\/div>\n<div class=\"bbc-19j92fr ebmt73l0\" dir=\"ltr\">\n<p class=\"bbc-hhl7in e17g058b0\" dir=\"ltr\">Adem\u00e1s, argumentaron la necesidad de revisar la composici\u00f3n del Consejo de la Justicia para asegurar su integraci\u00f3n por una mayor\u00eda de jueces.<\/p>\n<\/div>\n<div class=\"bbc-19j92fr ebmt73l0\" dir=\"ltr\">\n<p class=\"bbc-hhl7in e17g058b0\" dir=\"ltr\">Adicionalmente se\u00f1alaron que &#8220;conviene hacer expl\u00edcito que la calificaci\u00f3n de los jueces por ese Consejo no considerar\u00e1 el contenido de sus fallos&#8221;.<\/p>\n<\/div>\n<div class=\"bbc-19j92fr ebmt73l0\" dir=\"ltr\">\n<h2 id=\"Reacciones\" class=\"bbc-1f03ibc eglt09e0\" tabindex=\"-1\">Reacciones<\/h2>\n<\/div>\n<div class=\"bbc-19j92fr ebmt73l0\" dir=\"ltr\">\n<p class=\"bbc-hhl7in e17g058b0\" dir=\"ltr\">Tras la firma del acuerdo este jueves, hubo reacciones tanto de la coalici\u00f3n gobernante como de la oposici\u00f3n.<\/p>\n<\/div>\n<div class=\"bbc-19j92fr ebmt73l0\" dir=\"ltr\">\n<p class=\"bbc-hhl7in e17g058b0\" dir=\"ltr\">&#8220;Este acuerdo busca dar certezas en la hoja de ruta de implementaci\u00f3n de la nueva Constituci\u00f3n y combatir una millonaria y\u00a0brutal campa\u00f1a de desinformaci\u00f3n\u00a0que llega desde la derecha&#8221;, dijo el senador Juan Antonio Latorre, presidente del partido oficialista, Revoluci\u00f3n Democr\u00e1tica.<\/p>\n<\/div>\n<div class=\"bbc-19j92fr ebmt73l0\" dir=\"ltr\">\n<p class=\"bbc-hhl7in e17g058b0\" dir=\"ltr\">&#8220;Ser\u00e1 el Congreso, junto con el gobierno, el que tenga un rol fundamental para construir cambios profundos, pero con estabilidad y gobernabilidad&#8221;, agreg\u00f3.<\/p>\n<\/div>\n<div class=\"bbc-19j92fr ebmt73l0\" dir=\"ltr\">\n<p class=\"bbc-hhl7in e17g058b0\" dir=\"ltr\">Desde la oposici\u00f3n, uno de los voceros de la opci\u00f3n &#8220;rechazo&#8221;, Claudio Salinas, declar\u00f3 que la actual propuesta constitucional es &#8220;mala para Chile&#8221;.<\/p>\n<\/div>\n<div class=\"bbc-19j92fr ebmt73l0\" dir=\"ltr\">\n<p class=\"bbc-hhl7in e17g058b0\" dir=\"ltr\">&#8220;Eso debemos votar el pr\u00f3ximo 4 de septiembre, no las\u00a0triqui\u00f1uelas de \u00faltimo minuto para salvar sus intereses pol\u00edticos\u00a0y que no resuelven los temas de fondo, que es la agenda social que tanto importa a todos los chilenos&#8221;, apunt\u00f3 Salinas.<\/p>\n<\/div>\n<div class=\"bbc-19j92fr ebmt73l0\" dir=\"ltr\">\n<p class=\"bbc-hhl7in e17g058b0\" dir=\"ltr\">La nueva propuesta constitucional ha generado divisiones por algunos puntos de su contenido como la eliminaci\u00f3n del Senado, las atribuciones a los pueblos ind\u00edgenas, el derecho al aborto, el &#8220;derecho humano al agua&#8221; y una amplia garant\u00eda de derechos sociales en relaci\u00f3n a los sistemas de pensiones, salud y educaci\u00f3n, que provocan inquietud en algunos sectores de la poblaci\u00f3n.<\/p>\n<\/div>\n<div class=\"bbc-19j92fr ebmt73l0\" dir=\"ltr\">\n<h2 id=\"Cu\u00e1l-es-el-origen-del-cambio-constitucional\" class=\"bbc-1f03ibc eglt09e0\" tabindex=\"-1\">\u00bfCu\u00e1l es el origen del cambio constitucional?<\/h2>\n<\/div>\n<div class=\"bbc-19j92fr ebmt73l0\" dir=\"ltr\">\n<p class=\"bbc-hhl7in e17g058b0\" dir=\"ltr\">Chile realizar\u00e1 este 4 de septiembre la \u00faltima de las tres votaciones de su proceso de cambio constitucional que comenz\u00f3 tras el estallido social de fines de 2019.<\/p>\n<\/div>\n<div class=\"bbc-19j92fr ebmt73l0\" dir=\"ltr\">\n<p class=\"bbc-hhl7in e17g058b0\" dir=\"ltr\">Tras aprobar la redacci\u00f3n de una nueva Constituci\u00f3n (en 2020) y elegir la Convenci\u00f3n que la escribi\u00f3 (en 2021), el pa\u00eds decidir\u00e1 finalmente si aprobar o rechazar el texto.<\/p>\n<\/div>\n<div class=\"bbc-19j92fr ebmt73l0\" dir=\"ltr\">\n<p class=\"bbc-hhl7in e17g058b0\" dir=\"ltr\">La Convenci\u00f3n comenz\u00f3 su trabajo el 4 de julio de 2021, bajo el gobierno de Sebasti\u00e1n Pi\u00f1era.<\/p>\n<\/div>\n<div class=\"bbc-19j92fr ebmt73l0\" dir=\"ltr\">\n<p class=\"bbc-hhl7in e17g058b0\" dir=\"ltr\">Si gana la opci\u00f3n &#8220;apruebo&#8221;, la nueva Carta Magna empezar\u00e1 a regir a medida que se creen los nuevos \u00f3rganos que contempla, como por ejemplo una Agencia Nacional de Aguas o la C\u00e1mara de las Regiones, que reemplazar\u00e1 al Senado.<\/p>\n<\/div>\n<div class=\"bbc-19j92fr ebmt73l0\" dir=\"ltr\">\n<p class=\"bbc-hhl7in e17g058b0\" dir=\"ltr\">Si gana el &#8220;rechazo&#8221;, la Constituci\u00f3n de 1980 seguir\u00e1 vigente, en contraste con la abrumadora mayor\u00eda que vot\u00f3 por su reemplazo.<\/p>\n<\/div>\n<\/div>\n<\/div>\n<\/div>\n","protected":false},"excerpt":{"rendered":"<p>&nbsp; &#8211; Cuando faltan pocas semanas para el plebiscito del 4 de septiembre en el que los chilenos decidir\u00e1n si aprueban una nueva Constituci\u00f3n, los&hellip;<\/p>\n","protected":false},"author":99,"featured_media":504924,"comment_status":"open","ping_status":"open","sticky":false,"template":"","format":"standard","meta":{"footnotes":""},"categories":[11358,23],"tags":[],"class_list":["post-504923","post","type-post","status-publish","format-standard","has-post-thumbnail","hentry","category-especiales","category-latinoamerica"],"_links":{"self":[{"href":"https:\/\/diarioelpopular.com\/index.php\/wp-json\/wp\/v2\/posts\/504923","targetHints":{"allow":["GET"]}}],"collection":[{"href":"https:\/\/diarioelpopular.com\/index.php\/wp-json\/wp\/v2\/posts"}],"about":[{"href":"https:\/\/diarioelpopular.com\/index.php\/wp-json\/wp\/v2\/types\/post"}],"author":[{"embeddable":true,"href":"https:\/\/diarioelpopular.com\/index.php\/wp-json\/wp\/v2\/users\/99"}],"replies":[{"embeddable":true,"href":"https:\/\/diarioelpopular.com\/index.php\/wp-json\/wp\/v2\/comments?post=504923"}],"version-history":[{"count":1,"href":"https:\/\/diarioelpopular.com\/index.php\/wp-json\/wp\/v2\/posts\/504923\/revisions"}],"predecessor-version":[{"id":504925,"href":"https:\/\/diarioelpopular.com\/index.php\/wp-json\/wp\/v2\/posts\/504923\/revisions\/504925"}],"wp:featuredmedia":[{"embeddable":true,"href":"https:\/\/diarioelpopular.com\/index.php\/wp-json\/wp\/v2\/media\/504924"}],"wp:attachment":[{"href":"https:\/\/diarioelpopular.com\/index.php\/wp-json\/wp\/v2\/media?parent=504923"}],"wp:term":[{"taxonomy":"category","embeddable":true,"href":"https:\/\/diarioelpopular.com\/index.php\/wp-json\/wp\/v2\/categories?post=504923"},{"taxonomy":"post_tag","embeddable":true,"href":"https:\/\/diarioelpopular.com\/index.php\/wp-json\/wp\/v2\/tags?post=504923"}],"curies":[{"name":"wp","href":"https:\/\/api.w.org\/{rel}","templated":true}]}}