{"id":504966,"date":"2022-08-18T09:29:19","date_gmt":"2022-08-18T13:29:19","guid":{"rendered":"https:\/\/diarioelpopular.com\/?p=504966"},"modified":"2022-08-18T09:29:19","modified_gmt":"2022-08-18T13:29:19","slug":"el-aumento-de-las-quiebras-comerciales-en-canada-es-solo-la-punta-del-iceberg-cfib","status":"publish","type":"post","link":"https:\/\/diarioelpopular.com\/index.php\/2022\/08\/18\/el-aumento-de-las-quiebras-comerciales-en-canada-es-solo-la-punta-del-iceberg-cfib\/","title":{"rendered":"El aumento de las quiebras comerciales en Canad\u00e1 es solo la punta del iceberg: CFIB"},"content":{"rendered":"<p><img loading=\"lazy\" decoding=\"async\" class=\"alignnone size-custom-full-size wp-image-504967\" src=\"https:\/\/diarioelpopular.com\/wp-content\/uploads\/2022\/08\/Business-Bankruptcy-636x333.jpg\" alt=\"\" width=\"636\" height=\"333\" srcset=\"https:\/\/diarioelpopular.com\/wp-content\/uploads\/2022\/08\/Business-Bankruptcy-636x333.jpg 636w, https:\/\/diarioelpopular.com\/wp-content\/uploads\/2022\/08\/Business-Bankruptcy-300x157.jpg 300w, https:\/\/diarioelpopular.com\/wp-content\/uploads\/2022\/08\/Business-Bankruptcy-768x402.jpg 768w, https:\/\/diarioelpopular.com\/wp-content\/uploads\/2022\/08\/Business-Bankruptcy-1200x628.jpg 1200w, https:\/\/diarioelpopular.com\/wp-content\/uploads\/2022\/08\/Business-Bankruptcy-139x73.jpg 139w, https:\/\/diarioelpopular.com\/wp-content\/uploads\/2022\/08\/Business-Bankruptcy.jpg 1024w\" sizes=\"auto, (max-width: 636px) 100vw, 636px\" \/><\/p>\n<p>&nbsp;<\/p>\n<p><em><strong>&#8211; Un grupo de cabildeo de peque\u00f1as empresas dice que las quiebras comerciales est\u00e1n aumentando en Canad\u00e1 y que a\u00fan m\u00e1s peque\u00f1as empresas corren el riesgo de cerrar.<\/strong><\/em><\/p>\n<p>Los datos de Statistics Canada muestran que las insolvencias de peque\u00f1as empresas han tenido una tendencia al alza desde mayo de 2021.<\/p>\n<p>Pero la Federaci\u00f3n Canadiense de Empresas Independientes dijo que los datos de su propia encuesta indican que solo el 10 por ciento de los propietarios de peque\u00f1as empresas de Canad\u00e1 se declarar\u00edan en bancarrota si su negocio ya no fuera solvente.<\/p>\n<p>Dice que el 46 por ciento de los due\u00f1os de negocios dicen que simplemente dejar\u00edan de operar en lugar de pasar por el proceso de bancarrota.<\/p>\n<p>La CFIB tambi\u00e9n dice que m\u00e1s de uno de cada seis propietarios de peque\u00f1as empresas canadienses dice que actualmente est\u00e1 considerando cerrar el negocio.<\/p>\n<p>El grupo de cabildeo quiere el apoyo del gobierno para ayudar al sector de las peque\u00f1as empresas de Canad\u00e1 a superar los pr\u00f3ximos meses y enfrentar desaf\u00edos como la deuda relacionada con la pandemia y los problemas de la cadena de suministro.<\/p>\n","protected":false},"excerpt":{"rendered":"<p>&nbsp; &#8211; Un grupo de cabildeo de peque\u00f1as empresas dice que las quiebras comerciales est\u00e1n aumentando en Canad\u00e1 y que a\u00fan m\u00e1s peque\u00f1as empresas corren&hellip;<\/p>\n","protected":false},"author":99,"featured_media":504967,"comment_status":"open","ping_status":"open","sticky":false,"template":"","format":"standard","meta":{"footnotes":""},"categories":[21,11191],"tags":[],"class_list":["post-504966","post","type-post","status-publish","format-standard","has-post-thumbnail","hentry","category-canada","category-top-news"],"_links":{"self":[{"href":"https:\/\/diarioelpopular.com\/index.php\/wp-json\/wp\/v2\/posts\/504966","targetHints":{"allow":["GET"]}}],"collection":[{"href":"https:\/\/diarioelpopular.com\/index.php\/wp-json\/wp\/v2\/posts"}],"about":[{"href":"https:\/\/diarioelpopular.com\/index.php\/wp-json\/wp\/v2\/types\/post"}],"author":[{"embeddable":true,"href":"https:\/\/diarioelpopular.com\/index.php\/wp-json\/wp\/v2\/users\/99"}],"replies":[{"embeddable":true,"href":"https:\/\/diarioelpopular.com\/index.php\/wp-json\/wp\/v2\/comments?post=504966"}],"version-history":[{"count":1,"href":"https:\/\/diarioelpopular.com\/index.php\/wp-json\/wp\/v2\/posts\/504966\/revisions"}],"predecessor-version":[{"id":504968,"href":"https:\/\/diarioelpopular.com\/index.php\/wp-json\/wp\/v2\/posts\/504966\/revisions\/504968"}],"wp:featuredmedia":[{"embeddable":true,"href":"https:\/\/diarioelpopular.com\/index.php\/wp-json\/wp\/v2\/media\/504967"}],"wp:attachment":[{"href":"https:\/\/diarioelpopular.com\/index.php\/wp-json\/wp\/v2\/media?parent=504966"}],"wp:term":[{"taxonomy":"category","embeddable":true,"href":"https:\/\/diarioelpopular.com\/index.php\/wp-json\/wp\/v2\/categories?post=504966"},{"taxonomy":"post_tag","embeddable":true,"href":"https:\/\/diarioelpopular.com\/index.php\/wp-json\/wp\/v2\/tags?post=504966"}],"curies":[{"name":"wp","href":"https:\/\/api.w.org\/{rel}","templated":true}]}}