{"id":504990,"date":"2022-08-18T10:35:18","date_gmt":"2022-08-18T14:35:18","guid":{"rendered":"https:\/\/diarioelpopular.com\/?p=504990"},"modified":"2022-08-18T10:35:18","modified_gmt":"2022-08-18T14:35:18","slug":"palacio-de-peru-gobierno-pierde-imagenes-del-dia-en-que-se-buscaba-a-yenifer-paredes","status":"publish","type":"post","link":"https:\/\/diarioelpopular.com\/index.php\/2022\/08\/18\/palacio-de-peru-gobierno-pierde-imagenes-del-dia-en-que-se-buscaba-a-yenifer-paredes\/","title":{"rendered":"Palacio de Per\u00fa: Gobierno \u201cpierde\u201d im\u00e1genes del d\u00eda en que se buscaba a Yenifer Paredes"},"content":{"rendered":"<p>&nbsp;<\/p>\n<p><img loading=\"lazy\" decoding=\"async\" class=\"alignnone size-custom-full-size wp-image-504991\" src=\"https:\/\/diarioelpopular.com\/wp-content\/uploads\/2022\/08\/download-2.jpg\" alt=\"\" width=\"355\" height=\"142\" srcset=\"https:\/\/diarioelpopular.com\/wp-content\/uploads\/2022\/08\/download-2.jpg 355w, https:\/\/diarioelpopular.com\/wp-content\/uploads\/2022\/08\/download-2-300x120.jpg 300w, https:\/\/diarioelpopular.com\/wp-content\/uploads\/2022\/08\/download-2-146x58.jpg 146w\" sizes=\"auto, (max-width: 355px) 100vw, 355px\" \/><\/p>\n<h4 class=\"story-header-description\"><em><strong>&#8211; Se\u00f1alan que no tienen registros de tres c\u00e1maras justo en horas que coinciden con operaci\u00f3n de fiscal\u00eda y la PNP para detener a cu\u00f1ada de Castillo. Sospechoso reporte lleva firma de un oficial EP destacado como personal del despacho presidencial.<\/strong><\/em><\/h4>\n<p>&nbsp;<\/p>\n<p class=\"story-contents__font-paragraph \"><em><strong>LIMA.-<\/strong> <\/em>El pasado martes 16 de agosto, el teniente coronel EP Arturo Mendoza L\u00f3pez, responsable del \u00c1rea de An\u00e1lisis de Informaci\u00f3n de la Casa Militar, le informaba a trav\u00e9s de un oficio a su jefe inmediato, el general EP Jos\u00e9 Mariscal Quiroz, que un reporte del operador, a quien no identifica, del circuito cerrado de televisi\u00f3n (CCTV) de Palacio de Gobierno daba cuenta de que se hab\u00eda perdido informaci\u00f3n de tres c\u00e1maras de videovigilancia.<\/p>\n<p class=\"story-contents__font-paragraph \">El reporte, de fecha 15 de agosto, detallaba lo siguiente: que las c\u00e1maras 26 (azotea\/avenidas \u00c1ncash y Carabaya), 3 (ingreso por la puerta de Desamparados) y 55 (Sal\u00f3n Dorado) no hab\u00edan registrado im\u00e1genes del 9 de agosto, dos de ellas de manera parcial y una total.<\/p>\n<p class=\"story-contents__font-paragraph \">A continuaci\u00f3n, Mendoza le precis\u00f3 al jefe de la Casa Militar que la c\u00e1mara 26 no contaba con registros desde las 6:03 p.m. hasta las 6:05 p.m. La 3, desde las 9:22 p.m. hasta las 9:27 p.m. y en el caso de la 55, se perdi\u00f3 \u201cinformaci\u00f3n total\u201d de ese d\u00eda y los siguientes (reci\u00e9n el servicio se restableci\u00f3 a las 3:19 p.m. del lunes 15).<\/p>\n<p class=\"story-contents__font-paragraph \">El martes 16, el general EP Mariscal dio cuenta de lo ocurrido a Luis Catal\u00e1n Fonseca (director de Telecomunicaciones), Sirhan Benites Lavado (director la Oficina de Tecnolog\u00edas de la Informaci\u00f3n) y a Julio Palomino Duarte, nombrado el pasado 11 de agosto como secretario general del despacho presidencial. En el escrito, el jefe de la Casa Militar ped\u00eda que se le realizara un mantenimiento a los equipos \u201ccon la finalidad de que el CCTV siga operando de forma \u00f3ptima y continuar velando adecuadamente por la seguridad integral\u201d del presidente Pedro Castillo, su familia y todas las instalaciones de Palacio.<\/p>\n<div class=\"intertitle\">\n<h2 class=\"intertitle__title\">Coincidente fecha<\/h2>\n<\/div>\n<p class=\"story-contents__font-paragraph \">El reporte ha despertado las alertas del Equipo Especial de Fiscales contra la Corrupci\u00f3n del Poder que dirige la fiscal superior Marita Barreto. Ese 9 de agosto, poco despu\u00e9s de las 5 p.m., el equipo de la fiscal acudi\u00f3 a los exteriores de Palacio para hacer cumplir la orden judicial de detenci\u00f3n contra Yenifer Paredes, cu\u00f1ada de Castillo.<\/p>\n<p class=\"story-contents__font-paragraph \">Los representantes del Ministerio P\u00fablico, junto con el equipo especial de la PNP, hab\u00edan llegado a la Casa de Gobierno con la convicci\u00f3n de que trabajos previos de Inteligencia hab\u00edan determinado que la familiar del jefe de Estado (a quien ha criado como a su hija) se encontraba ese d\u00eda en ese inmueble.<\/p>\n<p class=\"story-contents__font-paragraph \">Sin embargo, personal de Palacio, en especial el general EP Mariscal, impidi\u00f3, por una hora y 15 minutos, que se cumpliera la diligencia. Fuentes de El Comercio indicaron que a tal punto fueron las maniobras de dilaci\u00f3n del oficial que el fiscal Hans Aguirre, del equipo especial de la fiscal\u00eda, estaba a punto de pedir su arresto para que fuera llevado a la comisar\u00eda m\u00e1s cercana por resistencia a la autoridad.<\/p>\n<p class=\"story-contents__font-paragraph \">De hecho, fue el jefe de la Casa Militar quien inform\u00f3, a las 5:50 p.m. de ese 9 de agosto, que por orden del presidente nadie iba a ingresar a la residencia de Palacio si antes no llegaban sus abogados Eduardo Pachas y Benji Espinoza Ramos, ninguno de los cuales es defensor de la cu\u00f1ada del mandatario (hoy detenida).<\/p>\n<p class=\"story-contents__font-paragraph \">El oficio de Mendoza L\u00f3pez sobre la p\u00e9rdida de informaci\u00f3n de las c\u00e1maras se da un d\u00eda despu\u00e9s de que el equipo de la fiscal Barreto presentara una apelaci\u00f3n ante una sala de la Corte Superior Nacional, que dirige el juez Em\u00e9rito Salinas Siccha, para que revoque la orden del juez Ra\u00fal Justiniano, quien deneg\u00f3 que se incautaran las c\u00e1maras que dan a los accesos a la residencia donde supuestamente estaba la familiar del presidente.<\/p>\n<p class=\"story-contents__font-paragraph \">Sin embargo, personal de Palacio, en especial el general EP Mariscal, impidi\u00f3, por una hora y 15 minutos, que se cumpliera la diligencia. Fuentes de El Comercio indicaron que a tal punto fueron las maniobras de dilaci\u00f3n del oficial que el fiscal Hans Aguirre, del equipo especial de la fiscal\u00eda, estaba a punto de pedir su arresto para que fuera llevado a la comisar\u00eda m\u00e1s cercana por resistencia a la autoridad.<\/p>\n<p class=\"story-contents__font-paragraph \">De hecho, fue el jefe de la Casa Militar quien inform\u00f3, a las 5:50 p.m. de ese 9 de agosto, que por orden del presidente nadie iba a ingresar a la residencia de Palacio si antes no llegaban sus abogados Eduardo Pachas y Benji Espinoza Ramos, ninguno de los cuales es defensor de la cu\u00f1ada del mandatario (hoy detenida).<\/p>\n<p class=\"story-contents__font-paragraph \">El oficio de Mendoza L\u00f3pez sobre la p\u00e9rdida de informaci\u00f3n de las c\u00e1maras se da un d\u00eda despu\u00e9s de que el equipo de la fiscal Barreto presentara una apelaci\u00f3n ante una sala de la Corte Superior Nacional, que dirige el juez Em\u00e9rito Salinas Siccha, para que revoque la orden del juez Ra\u00fal Justiniano, quien deneg\u00f3 que se incautaran las c\u00e1maras que dan a los accesos a la residencia donde supuestamente estaba la familiar del presidente.<\/p>\n","protected":false},"excerpt":{"rendered":"<p>&nbsp; &#8211; Se\u00f1alan que no tienen registros de tres c\u00e1maras justo en horas que coinciden con operaci\u00f3n de fiscal\u00eda y la PNP para detener a&hellip;<\/p>\n","protected":false},"author":99,"featured_media":504991,"comment_status":"open","ping_status":"open","sticky":false,"template":"","format":"standard","meta":{"footnotes":""},"categories":[23],"tags":[],"class_list":["post-504990","post","type-post","status-publish","format-standard","has-post-thumbnail","hentry","category-latinoamerica"],"_links":{"self":[{"href":"https:\/\/diarioelpopular.com\/index.php\/wp-json\/wp\/v2\/posts\/504990","targetHints":{"allow":["GET"]}}],"collection":[{"href":"https:\/\/diarioelpopular.com\/index.php\/wp-json\/wp\/v2\/posts"}],"about":[{"href":"https:\/\/diarioelpopular.com\/index.php\/wp-json\/wp\/v2\/types\/post"}],"author":[{"embeddable":true,"href":"https:\/\/diarioelpopular.com\/index.php\/wp-json\/wp\/v2\/users\/99"}],"replies":[{"embeddable":true,"href":"https:\/\/diarioelpopular.com\/index.php\/wp-json\/wp\/v2\/comments?post=504990"}],"version-history":[{"count":1,"href":"https:\/\/diarioelpopular.com\/index.php\/wp-json\/wp\/v2\/posts\/504990\/revisions"}],"predecessor-version":[{"id":504992,"href":"https:\/\/diarioelpopular.com\/index.php\/wp-json\/wp\/v2\/posts\/504990\/revisions\/504992"}],"wp:featuredmedia":[{"embeddable":true,"href":"https:\/\/diarioelpopular.com\/index.php\/wp-json\/wp\/v2\/media\/504991"}],"wp:attachment":[{"href":"https:\/\/diarioelpopular.com\/index.php\/wp-json\/wp\/v2\/media?parent=504990"}],"wp:term":[{"taxonomy":"category","embeddable":true,"href":"https:\/\/diarioelpopular.com\/index.php\/wp-json\/wp\/v2\/categories?post=504990"},{"taxonomy":"post_tag","embeddable":true,"href":"https:\/\/diarioelpopular.com\/index.php\/wp-json\/wp\/v2\/tags?post=504990"}],"curies":[{"name":"wp","href":"https:\/\/api.w.org\/{rel}","templated":true}]}}