{"id":505046,"date":"2022-08-22T14:20:24","date_gmt":"2022-08-22T18:20:24","guid":{"rendered":"https:\/\/diarioelpopular.com\/?p=505046"},"modified":"2022-08-22T14:20:24","modified_gmt":"2022-08-22T18:20:24","slug":"argentina-la-fiscalia-busca-la-pena-de-prision-para-cristina-fernandez-de-que-la-acusan","status":"publish","type":"post","link":"https:\/\/diarioelpopular.com\/index.php\/2022\/08\/22\/argentina-la-fiscalia-busca-la-pena-de-prision-para-cristina-fernandez-de-que-la-acusan\/","title":{"rendered":"Argentina: La Fiscal\u00eda busca la pena de prisi\u00f3n para Cristina Fern\u00e1ndez, \u00bfde qu\u00e9 la acusan?"},"content":{"rendered":"<p>&nbsp;<\/p>\n<p><img loading=\"lazy\" decoding=\"async\" class=\"alignnone size-custom-full-size wp-image-505047\" src=\"https:\/\/diarioelpopular.com\/wp-content\/uploads\/2022\/08\/ZCEY7YEBKVGJHJLKNLQDUURKUE.jpg\" alt=\"\" width=\"525\" height=\"350\" srcset=\"https:\/\/diarioelpopular.com\/wp-content\/uploads\/2022\/08\/ZCEY7YEBKVGJHJLKNLQDUURKUE.jpg 525w, https:\/\/diarioelpopular.com\/wp-content\/uploads\/2022\/08\/ZCEY7YEBKVGJHJLKNLQDUURKUE-300x200.jpg 300w, https:\/\/diarioelpopular.com\/wp-content\/uploads\/2022\/08\/ZCEY7YEBKVGJHJLKNLQDUURKUE-110x73.jpg 110w\" sizes=\"auto, (max-width: 525px) 100vw, 525px\" \/><\/p>\n<p><em><strong>&#8211; La vicepresidenta de Argentina puede enfrentarse a una pena de hasta 16 a\u00f1os de c\u00e1rcel, as\u00ed como a la inhabilidad pol\u00edtica, frente a un caso de defraudaci\u00f3n del Estado. Pero para que la sentencia sea ejecutada, esta tiene que quedar ratificada por la Corte Suprema de Justicia. Por ello, a\u00fan si es condenada, Kirchner seguir\u00eda en libertad y podr\u00eda ser candidata en las elecciones presidenciales y legislativas del 2023.<\/strong><\/em><\/p>\n<p>&nbsp;<\/p>\n<p class=\"font--secondary\">La Fiscal\u00eda se dispone a pedir una pena de prisi\u00f3n contra la vicepresidenta argentina,\u00a0Cristina Fern\u00e1ndez de Kirchner, por supuesta corrupci\u00f3n cuando fue mandataria (2007-2015), una acusaci\u00f3n que seg\u00fan sus seguidores constituye una persecuci\u00f3n para inhabilitarla pol\u00edticamente.<\/p>\n<p class=\"font--secondary\">Ella, que tiene inmunidad pol\u00edtica por sus cargos como vicepresidenta y presidenta del Senado, es juzgada desde 2019, junto con otras doce personas, en una causa en la que se le acusa de haber orientado la atribuci\u00f3n de licitaciones de obra p\u00fablica en la provincia de Santa Cruz (sur), su cuna pol\u00edtica, para favorecer al empresario\u00a0L\u00e1zaro B\u00e1ez.<\/p>\n<p>El fiscal Sergio Mola abri\u00f3 el lunes la novena y \u00faltima audiencia de alegatos de acusaci\u00f3n con un repaso de los detalles de la causa en la que declararon m\u00e1s de un centenar de testigos. En la sesi\u00f3n, que se desarrolla de manera remota, Mola consider\u00f3 que los acusados \u201ctrazaron un plan\u201d para defraudar al Estado, mediante \u201cla discrecionalidad en la utilizaci\u00f3n de los fondos\u201d.<\/p>\n<p class=\"font--secondary\">\u201cHubo irregularidades sistem\u00e1ticas en 51 licitaciones a lo largo de doce a\u00f1os. El cuadro probatorio demuestra, de manera contundente, las maniobras il\u00edcitas. No es cre\u00edble que Cristina Fern\u00e1ndez (de Kirchner) no se enterara de nada en la soledad de su despacho\u201d, asever\u00f3 el fiscal en su alegato final. La causa abarca tambi\u00e9n el per\u00edodo de gobierno anterior de 2003-2007, cuando fue presidente su esposo, N\u00e9stor Kirchner, fallecido en 2010.<\/p>\n<h4 class=\"font--primary\"><b>\u00bfQu\u00e9 ha dicho la vicepresidenta?<\/b><\/h4>\n<p class=\"font--secondary\">Fern\u00e1ndez de Kirchner, una abogada de 69 a\u00f1os, pidi\u00f3 una ampliaci\u00f3n de su declaraci\u00f3n indagatoria para el martes, al sostener que \u201cen abierta violaci\u00f3n del principio de defensa en juicio, (los fiscales) montaron en su acusaci\u00f3n cuestiones que nunca hab\u00edan sido planteadas\u201d, seg\u00fan escribi\u00f3 en Twitter.<\/p>\n<p class=\"font--secondary\">Gregorio Dalb\u00f3n, uno de sus abogados, dijo que la solicitud de la exmandataria busca asegurar su \u201cderecho a una defensa leg\u00edtima en juicio\u201d, pese a que la etapa indagatoria ya termin\u00f3. \u201cLos fiscales (Diego) Luciani y Mola est\u00e1n sali\u00e9ndose del Estado de Derecho y construyendo un relato medi\u00e1tico para que la sociedad tenga un sentido com\u00fan y crea que Cristina Fern\u00e1ndez de Kirchner era la jefa de una asociaci\u00f3n il\u00edcita para direccionar la obra p\u00fablica\u201d, declar\u00f3 el abogado.<\/p>\n<p class=\"font--secondary\">Anteriormente, ella hab\u00eda solicitado la recusaci\u00f3n de los jueces Rodrigo Gim\u00e9nez Uriburu y Jorge Gorini, as\u00ed como la del fiscal Luciani, pero ese pedido fue desestimado.<\/p>\n<p class=\"font--secondary\">Los delitos por los que se acusa a Fern\u00e1ndez de Kirchner (liderar una asociaci\u00f3n il\u00edcita y defraudar al Estado) implican una pena de hasta 16 a\u00f1os de c\u00e1rcel y la inhabilidad pol\u00edtica. Pero para que la sentencia sea ejecutada, esta tiene que quedar ratificada por la Corte Suprema de Justicia. Por ello, a\u00fan si es condenada, Kirchner seguir\u00eda en libertad y podr\u00eda ser candidata en las elecciones presidenciales y legislativas del 2023.<\/p>\n<p>Luego de cerrada la acusaci\u00f3n de la fiscal\u00eda, la defensa tiene diez d\u00edas h\u00e1biles para iniciar la exposici\u00f3n de su descargo para los 13 acusados, lo que puede demorar varios meses. Se estima que el veredicto se conocer\u00e1 hacia finales de a\u00f1o.<\/p>\n<h4 class=\"font--primary\"><em><b>Los seguidores de Fern\u00e1ndez de Kirchner dicen que hay una persecuci\u00f3n en su contra<\/b><\/em><\/h4>\n<p class=\"font--secondary\">En medio de la polarizaci\u00f3n pol\u00edtica y ante el proceso electoral del pr\u00f3ximo a\u00f1o, diversas agrupaciones del peronismo de centro-izquierda, cercanas a la vicepresidenta, denunciaron una persecuci\u00f3n. Una carta p\u00fablica, firmada el domingo por m\u00e1s de medio millar de alcaldes, respald\u00f3 a Fern\u00e1ndez de Kirchner, a quien consideraron \u201cv\u00edctima de una persecuci\u00f3n judicial\u201d. Tambi\u00e9n, algunos diputados del oficialista Frente de Todos, y otros referentes pol\u00edticos y culturales, lanzaron comunicados de respaldo.<\/p>\n<p class=\"font--secondary\">Hebe de Bonafini, l\u00edder de la organizaci\u00f3n de defensa de los derechos humanos Madres de Plaza de Mayo, llam\u00f3 a movilizaciones. \u201cNo podemos permitir que Cristina sea condenada ni que vaya presa. Hay que hacer una pueblada, es lo \u00fanico que le va a salvar. Hay que defenderla con todo\u201d, asever\u00f3 la semana pasada.<\/p>\n<p class=\"font--secondary\">La vicepresidenta ha sido sobrese\u00edda en varias causas por presuntos delitos ocurridos en sus dos per\u00edodos presidenciales, pero a\u00fan enfrenta cinco procesos.<\/p>\n","protected":false},"excerpt":{"rendered":"<p>&nbsp; &#8211; La vicepresidenta de Argentina puede enfrentarse a una pena de hasta 16 a\u00f1os de c\u00e1rcel, as\u00ed como a la inhabilidad pol\u00edtica, frente a&hellip;<\/p>\n","protected":false},"author":99,"featured_media":505047,"comment_status":"open","ping_status":"open","sticky":false,"template":"","format":"standard","meta":{"footnotes":""},"categories":[23],"tags":[],"class_list":["post-505046","post","type-post","status-publish","format-standard","has-post-thumbnail","hentry","category-latinoamerica"],"_links":{"self":[{"href":"https:\/\/diarioelpopular.com\/index.php\/wp-json\/wp\/v2\/posts\/505046","targetHints":{"allow":["GET"]}}],"collection":[{"href":"https:\/\/diarioelpopular.com\/index.php\/wp-json\/wp\/v2\/posts"}],"about":[{"href":"https:\/\/diarioelpopular.com\/index.php\/wp-json\/wp\/v2\/types\/post"}],"author":[{"embeddable":true,"href":"https:\/\/diarioelpopular.com\/index.php\/wp-json\/wp\/v2\/users\/99"}],"replies":[{"embeddable":true,"href":"https:\/\/diarioelpopular.com\/index.php\/wp-json\/wp\/v2\/comments?post=505046"}],"version-history":[{"count":1,"href":"https:\/\/diarioelpopular.com\/index.php\/wp-json\/wp\/v2\/posts\/505046\/revisions"}],"predecessor-version":[{"id":505048,"href":"https:\/\/diarioelpopular.com\/index.php\/wp-json\/wp\/v2\/posts\/505046\/revisions\/505048"}],"wp:featuredmedia":[{"embeddable":true,"href":"https:\/\/diarioelpopular.com\/index.php\/wp-json\/wp\/v2\/media\/505047"}],"wp:attachment":[{"href":"https:\/\/diarioelpopular.com\/index.php\/wp-json\/wp\/v2\/media?parent=505046"}],"wp:term":[{"taxonomy":"category","embeddable":true,"href":"https:\/\/diarioelpopular.com\/index.php\/wp-json\/wp\/v2\/categories?post=505046"},{"taxonomy":"post_tag","embeddable":true,"href":"https:\/\/diarioelpopular.com\/index.php\/wp-json\/wp\/v2\/tags?post=505046"}],"curies":[{"name":"wp","href":"https:\/\/api.w.org\/{rel}","templated":true}]}}