{"id":505080,"date":"2022-08-24T10:19:17","date_gmt":"2022-08-24T14:19:17","guid":{"rendered":"https:\/\/diarioelpopular.com\/?p=505080"},"modified":"2022-08-24T10:19:17","modified_gmt":"2022-08-24T14:19:17","slug":"argentina-lideres-de-izquierda-apoyan-a-cristina-kirchner","status":"publish","type":"post","link":"https:\/\/diarioelpopular.com\/index.php\/2022\/08\/24\/argentina-lideres-de-izquierda-apoyan-a-cristina-kirchner\/","title":{"rendered":"Argentina: L\u00edderes de izquierda apoyan a Cristina Kirchner"},"content":{"rendered":"<p>&nbsp;<\/p>\n<p><img loading=\"lazy\" decoding=\"async\" class=\"alignnone size-custom-full-size wp-image-505081\" src=\"https:\/\/diarioelpopular.com\/wp-content\/uploads\/2022\/08\/c962e0b87fad156a175a5fb508d665af.jpg\" alt=\"\" width=\"476\" height=\"317\" srcset=\"https:\/\/diarioelpopular.com\/wp-content\/uploads\/2022\/08\/c962e0b87fad156a175a5fb508d665af.jpg 476w, https:\/\/diarioelpopular.com\/wp-content\/uploads\/2022\/08\/c962e0b87fad156a175a5fb508d665af-300x200.jpg 300w, https:\/\/diarioelpopular.com\/wp-content\/uploads\/2022\/08\/c962e0b87fad156a175a5fb508d665af-110x73.jpg 110w\" sizes=\"auto, (max-width: 476px) 100vw, 476px\" \/><\/p>\n<p><em>Vicepresidenta argentina, Cristina Fern\u00e1ndez de Kirchner\u00a0<\/em><\/p>\n<p><em><strong>BUENOS AIRES, 25 AGO &#8211;<\/strong><\/em> Presidentes y l\u00edderes pol\u00edticos del llamado &#8220;campo progresista&#8221; expresaron su &#8220;plena solidaridad&#8221; hacia la vicepresidenta argentina Cristina Kirchner, luego de que un fiscal pidiera para 12 a\u00f1os de\u00a0prisi\u00f3n y su inhabilitaci\u00f3n perpetua para ocupar cargos p\u00fablicos, en un juicio por corrupci\u00f3n durante su gesti\u00f3n como presidenta.<br \/>\nKirchner est\u00e1 acusada de haber favorecido a un empresario vinculado a su familia en la asignaci\u00f3n de obras p\u00fablicas en la provincia patag\u00f3nica de Santa Cruz lo que, seg\u00fan los fiscales, provoc\u00f3 al Estado un dolo de al menos 900 millones de d\u00f3lares.<br \/>\nLa expresidenta y sus seguidores insisten en que el juicio es &#8220;una ficci\u00f3n&#8221;, que en realidad busca proscribirla a ella y al peronismo gracias a una Justicia utilizada como instrumento pol\u00edtico por la oposici\u00f3n.<br \/>\nEn apoyo a la tesis de que Cristina Kirchner es v\u00edctima de una &#8220;persecuci\u00f3n pol\u00edtica&#8221; se expresaron, adem\u00e1s del presidente argentino, Alberto Fern\u00e1ndez, el boliviano Luis Arce, la hondure\u00f1a Xiomara Castro y el cubano Miguel D\u00edaz-Canel.<br \/>\nTambi\u00e9n hicieron llegar su solidaridad los expresidentes Ernesto Samper, de Colombia, y Dilma Rousseff, de Brasil, el exl\u00edder de Podemos de Espa\u00f1a, Pablo Iglesias, y el de la izquierda francesa, Jean-Luc M\u00e9lenchon.<\/p>\n","protected":false},"excerpt":{"rendered":"<p>&nbsp; Vicepresidenta argentina, Cristina Fern\u00e1ndez de Kirchner\u00a0 BUENOS AIRES, 25 AGO &#8211; Presidentes y l\u00edderes pol\u00edticos del llamado &#8220;campo progresista&#8221; expresaron su &#8220;plena solidaridad&#8221; hacia&hellip;<\/p>\n","protected":false},"author":99,"featured_media":505081,"comment_status":"open","ping_status":"open","sticky":false,"template":"","format":"standard","meta":{"footnotes":""},"categories":[23],"tags":[],"class_list":["post-505080","post","type-post","status-publish","format-standard","has-post-thumbnail","hentry","category-latinoamerica"],"_links":{"self":[{"href":"https:\/\/diarioelpopular.com\/index.php\/wp-json\/wp\/v2\/posts\/505080","targetHints":{"allow":["GET"]}}],"collection":[{"href":"https:\/\/diarioelpopular.com\/index.php\/wp-json\/wp\/v2\/posts"}],"about":[{"href":"https:\/\/diarioelpopular.com\/index.php\/wp-json\/wp\/v2\/types\/post"}],"author":[{"embeddable":true,"href":"https:\/\/diarioelpopular.com\/index.php\/wp-json\/wp\/v2\/users\/99"}],"replies":[{"embeddable":true,"href":"https:\/\/diarioelpopular.com\/index.php\/wp-json\/wp\/v2\/comments?post=505080"}],"version-history":[{"count":1,"href":"https:\/\/diarioelpopular.com\/index.php\/wp-json\/wp\/v2\/posts\/505080\/revisions"}],"predecessor-version":[{"id":505082,"href":"https:\/\/diarioelpopular.com\/index.php\/wp-json\/wp\/v2\/posts\/505080\/revisions\/505082"}],"wp:featuredmedia":[{"embeddable":true,"href":"https:\/\/diarioelpopular.com\/index.php\/wp-json\/wp\/v2\/media\/505081"}],"wp:attachment":[{"href":"https:\/\/diarioelpopular.com\/index.php\/wp-json\/wp\/v2\/media?parent=505080"}],"wp:term":[{"taxonomy":"category","embeddable":true,"href":"https:\/\/diarioelpopular.com\/index.php\/wp-json\/wp\/v2\/categories?post=505080"},{"taxonomy":"post_tag","embeddable":true,"href":"https:\/\/diarioelpopular.com\/index.php\/wp-json\/wp\/v2\/tags?post=505080"}],"curies":[{"name":"wp","href":"https:\/\/api.w.org\/{rel}","templated":true}]}}