{"id":505146,"date":"2022-08-29T10:26:55","date_gmt":"2022-08-29T14:26:55","guid":{"rendered":"https:\/\/diarioelpopular.com\/?p=505146"},"modified":"2022-08-29T10:26:55","modified_gmt":"2022-08-29T14:26:55","slug":"quien-es-yenifer-paredes-la-cunada-de-pedro-castillo-contra-la-que-dictaron-30-meses-de-prision-preventiva-por-presuntos-delitos-de-lavado-de-dinero-y-organizacion-criminal-en-peru","status":"publish","type":"post","link":"https:\/\/diarioelpopular.com\/index.php\/2022\/08\/29\/quien-es-yenifer-paredes-la-cunada-de-pedro-castillo-contra-la-que-dictaron-30-meses-de-prision-preventiva-por-presuntos-delitos-de-lavado-de-dinero-y-organizacion-criminal-en-peru\/","title":{"rendered":"Qui\u00e9n es Yenifer Paredes, la cu\u00f1ada de Pedro Castillo contra la que dictaron 30 meses de prisi\u00f3n preventiva por presuntos delitos de lavado de dinero y organizaci\u00f3n criminal en Per\u00fa"},"content":{"rendered":"<p>&nbsp;<\/p>\n<p><img loading=\"lazy\" decoding=\"async\" class=\"alignnone size-custom-full-size wp-image-505147\" src=\"https:\/\/diarioelpopular.com\/wp-content\/uploads\/2022\/08\/126287605_20220722yeniferparedes02-636x358.jpg\" alt=\"\" width=\"636\" height=\"358\" srcset=\"https:\/\/diarioelpopular.com\/wp-content\/uploads\/2022\/08\/126287605_20220722yeniferparedes02-636x358.jpg 636w, https:\/\/diarioelpopular.com\/wp-content\/uploads\/2022\/08\/126287605_20220722yeniferparedes02-300x169.jpg 300w, https:\/\/diarioelpopular.com\/wp-content\/uploads\/2022\/08\/126287605_20220722yeniferparedes02-768x432.jpg 768w, https:\/\/diarioelpopular.com\/wp-content\/uploads\/2022\/08\/126287605_20220722yeniferparedes02-130x73.jpg 130w, https:\/\/diarioelpopular.com\/wp-content\/uploads\/2022\/08\/126287605_20220722yeniferparedes02.jpg 800w\" sizes=\"auto, (max-width: 636px) 100vw, 636px\" \/><\/p>\n<h4 id=\"content\" class=\"bbc-14gqcmb e1p3vdyi0\" tabindex=\"-1\"><em>Yenifer Paredes<\/em><\/h4>\n<p>&nbsp;<\/p>\n<div class=\"bbc-19j92fr ebmt73l0\" dir=\"ltr\">\n<p class=\"bbc-hhl7in e17g058b0\" dir=\"ltr\"><em><b>&#8211; Un a\u00f1o despu\u00e9s de su llegada al poder, al presidente Pedro Castillo se le acumulan los problemas.<\/b><\/em><\/p>\n<\/div>\n<div class=\"bbc-19j92fr ebmt73l0\" dir=\"ltr\">\n<p class=\"bbc-hhl7in e17g058b0\" dir=\"ltr\">Tres de cada cuatro peruanos desaprueban la gesti\u00f3n al frente del gobierno del antiguo maestro rural y sindicalista de 52 a\u00f1os.<\/p>\n<\/div>\n<div class=\"bbc-19j92fr ebmt73l0\" dir=\"ltr\">\n<p class=\"bbc-hhl7in e17g058b0\" dir=\"ltr\">Castillo afronta junto a su esposa Lilia Paredes\u00a0seis investigaciones fiscales, la \u00faltima abierta este mismo jueves, todo un r\u00e9cord para un presidente en ejercicio en el pa\u00eds sudamericano.<\/p>\n<\/div>\n<div class=\"bbc-19j92fr ebmt73l0\" dir=\"ltr\">\n<p class=\"bbc-hhl7in e17g058b0\" dir=\"ltr\">Varios de sus colaboradores cercanos y familiares han sido se\u00f1alados por la justicia, entre ellos su cu\u00f1ada, Yenifer Paredes.<\/p>\n<\/div>\n<section class=\"e1j2237y8 bbc-sswtix e8sa160\" role=\"region\" aria-label=\"Publicidad 2\" aria-hidden=\"true\" data-e2e=\"advertisement\">\n<div id=\"dotcom-mpu\" class=\"dotcom-ad active\" aria-hidden=\"true\">\n<div class=\"dotcom-ad-inner\"><\/div>\n<\/div>\n<\/section>\n<div class=\"bbc-19j92fr ebmt73l0\" dir=\"ltr\">\n<p class=\"bbc-hhl7in e17g058b0\" dir=\"ltr\">Paredes\u00a0se entreg\u00f3\u00a0a principios de agostoa la fiscal\u00eda despu\u00e9s de que esta registrara la casa y el palacio del presidente en su b\u00fasqueda.<\/p>\n<\/div>\n<div class=\"bbc-1n4f7vm ebmt73l0\" dir=\"ltr\"><\/div>\n<div class=\"bbc-19j92fr ebmt73l0\" dir=\"ltr\">\n<p class=\"bbc-hhl7in e17g058b0\" dir=\"ltr\">El domingo 28 de agosto, el juez Johnny G\u00f3mez orden\u00f3 30 meses de prisi\u00f3n preventiva para Yenifer Paredes, mientras es investigada por los presuntos delitos de lavado de activos y organizaci\u00f3n criminal.<\/p>\n<\/div>\n<div class=\"bbc-19j92fr ebmt73l0\" dir=\"ltr\">\n<p class=\"bbc-hhl7in e17g058b0\" dir=\"ltr\">G\u00f3mez declar\u00f3 que en el caso de Paredes se cumple el supuesto del peligro de fuga y que hay una baja calidad de arraigo domiciliario, familiar y laboral, al argumentar su decisi\u00f3n.<\/p>\n<\/div>\n<div class=\"bbc-19j92fr ebmt73l0\" dir=\"ltr\">\n<h2 id=\"Qui\u00e9n-es-y-de-qu\u00e9-la-acusan\" class=\"bbc-1f03ibc eglt09e0\" tabindex=\"-1\">Qui\u00e9n es y de qu\u00e9 la acusan<\/h2>\n<\/div>\n<div class=\"bbc-19j92fr ebmt73l0\" dir=\"ltr\">\n<p class=\"bbc-hhl7in e17g058b0\" dir=\"ltr\">Tiene 26 a\u00f1os y es la hermana menor de la primera dama, de 49.<\/p>\n<\/div>\n<div class=\"bbc-19j92fr ebmt73l0\" dir=\"ltr\">\n<p class=\"bbc-hhl7in e17g058b0\" dir=\"ltr\">Sin embargo, las figuras del presidente y su esposa se asemejan m\u00e1s a las de sus padres, no solo por la diferencia de edad sino porque se crio con la pareja desde ni\u00f1a\u00a0como una hija adoptiva.<\/p>\n<\/div>\n<div class=\"bbc-1ka88fa ebmt73l0\" dir=\"ltr\">\n<figure class=\"bbc-1qdcvv9 e1aczekt0\">\n<div class=\"bbc-172p16q ebmt73l0\" dir=\"ltr\">\n<div class=\"bbc-172p16q ebmt73l0\" dir=\"ltr\">\n<div class=\"bbc-189y18v ebmt73l0\" dir=\"ltr\">\n<div class=\"bbc-997y1y eihqrxw0\" data-e2e=\"image-placeholder\">\n<div class=\"lazyload-wrapper \"><picture class=\"bbc-yfiktt e1mo64ex1\"><source srcset=\"https:\/\/ichef.bbci.co.uk\/news\/240\/cpsprodpb\/F6CA\/production\/_126287136_aa125038-641c-4516-8ba1-dfdfcc1e7503.jpg.webp 240w, https:\/\/ichef.bbci.co.uk\/news\/320\/cpsprodpb\/F6CA\/production\/_126287136_aa125038-641c-4516-8ba1-dfdfcc1e7503.jpg.webp 320w, https:\/\/ichef.bbci.co.uk\/news\/480\/cpsprodpb\/F6CA\/production\/_126287136_aa125038-641c-4516-8ba1-dfdfcc1e7503.jpg.webp 480w, https:\/\/ichef.bbci.co.uk\/news\/624\/cpsprodpb\/F6CA\/production\/_126287136_aa125038-641c-4516-8ba1-dfdfcc1e7503.jpg.webp 624w, https:\/\/ichef.bbci.co.uk\/news\/800\/cpsprodpb\/F6CA\/production\/_126287136_aa125038-641c-4516-8ba1-dfdfcc1e7503.jpg.webp 800w\" type=\"image\/webp\" sizes=\"(min-width: 1008px) 645px, 100vw\" \/><source srcset=\"https:\/\/ichef.bbci.co.uk\/news\/240\/cpsprodpb\/F6CA\/production\/_126287136_aa125038-641c-4516-8ba1-dfdfcc1e7503.jpg 240w, https:\/\/ichef.bbci.co.uk\/news\/320\/cpsprodpb\/F6CA\/production\/_126287136_aa125038-641c-4516-8ba1-dfdfcc1e7503.jpg 320w, https:\/\/ichef.bbci.co.uk\/news\/480\/cpsprodpb\/F6CA\/production\/_126287136_aa125038-641c-4516-8ba1-dfdfcc1e7503.jpg 480w, https:\/\/ichef.bbci.co.uk\/news\/624\/cpsprodpb\/F6CA\/production\/_126287136_aa125038-641c-4516-8ba1-dfdfcc1e7503.jpg 624w, https:\/\/ichef.bbci.co.uk\/news\/800\/cpsprodpb\/F6CA\/production\/_126287136_aa125038-641c-4516-8ba1-dfdfcc1e7503.jpg 800w\" type=\"image\/jpeg\" sizes=\"(min-width: 1008px) 645px, 100vw\" \/><img loading=\"lazy\" decoding=\"async\" class=\"e3vrtyk0 bbc-rb7xa0 e1mo64ex0\" src=\"https:\/\/ichef.bbci.co.uk\/news\/640\/cpsprodpb\/F6CA\/production\/_126287136_aa125038-641c-4516-8ba1-dfdfcc1e7503.jpg\" alt=\"Castillo y su esposa\" width=\"976\" height=\"549\" \/><\/picture><\/div>\n<\/div>\n<\/div>\n<\/div>\n<\/div><figcaption class=\"bbc-rhuvwm e6i104o0\" dir=\"ltr\"><em>Pedro Castillo y la primera dama Lilia Paredes, 23 a\u00f1os mayor que su hermana Yenifer.<\/em><\/p>\n<p><em><span class=\"bbc-1gnhmg2 ed7bp6y0\">FUENTE DE LA IMAGEN,<\/span><span lang=\"en-GB\">GETTY IMAGES<\/span><\/em><\/p>\n<\/figcaption><div class=\"bbc-172p16q ebmt73l0\" dir=\"ltr\">\n<div class=\"bbc-3edg7g ebmt73l0\" dir=\"ltr\"><\/div>\n<\/div>\n<\/figure>\n<\/div>\n<div class=\"bbc-19j92fr ebmt73l0\" dir=\"ltr\">\n<p class=\"bbc-hhl7in e17g058b0\" dir=\"ltr\">Y, para la fiscal\u00eda, es una pieza clave de la red de corrupci\u00f3n y lavado de activos supuestamente dirigida por el jefe de Estado peruano y que este niega rotundamente que exista.<\/p>\n<\/div>\n<div class=\"bbc-19j92fr ebmt73l0\" dir=\"ltr\">\n<p class=\"bbc-hhl7in e17g058b0\" dir=\"ltr\">Los fiscales se\u00f1alan a la primera dama como coordinadora del grupo criminal y a tres cu\u00f1ados del presidente como testaferros, entre ellos Yenifer Paredes.<\/p>\n<\/div>\n<div class=\"bbc-19j92fr ebmt73l0\" dir=\"ltr\">\n<p class=\"bbc-hhl7in e17g058b0\" dir=\"ltr\">Acusan a varias personas del c\u00edrculo cercano del presidente de haber dirigido empresas ficticias.<\/p>\n<\/div>\n<div class=\"bbc-19j92fr ebmt73l0\" dir=\"ltr\">\n<p class=\"bbc-hhl7in e17g058b0\" dir=\"ltr\">Y Yenifer Paredes habr\u00eda ayudado al propietario de una de esas compa\u00f1\u00edas a\u00a0obtener contratos de obras p\u00fablicas\u00a0pese a carecer de los recursos econ\u00f3micos y la experiencia para llevarlas a cabo, seg\u00fan la fiscal\u00eda.<\/p>\n<\/div>\n<div class=\"bbc-19j92fr ebmt73l0\" dir=\"ltr\">\n<p class=\"bbc-hhl7in e17g058b0\" dir=\"ltr\">Los otros colaboradores del presidente presuntamente vinculados a la trama son\u00a0<a class=\"bbc-n8oauk e1p3sufg0\" href=\"https:\/\/www.bbc.com\/mundo\/noticias-america-latina-60961570\">un sobrino que ejerc\u00eda de asesor<\/a>, el exministro de Transporte -ambos pr\u00f3fugos de la justicia- y un exsecretario presidencial.<\/p>\n<\/div>\n<div class=\"bbc-19j92fr ebmt73l0\" dir=\"ltr\">\n<h2 id=\"Qu\u00e9-evidencias-hay\" class=\"bbc-1f03ibc eglt09e0\" tabindex=\"-1\">Qu\u00e9 evidencias hay<\/h2>\n<\/div>\n<div class=\"bbc-19j92fr ebmt73l0\" dir=\"ltr\">\n<p class=\"bbc-hhl7in e17g058b0\" dir=\"ltr\">La acusaci\u00f3n del Estado difundi\u00f3 un pol\u00e9mico v\u00eddeo como prueba de su acusaci\u00f3n.<\/p>\n<\/div>\n<div class=\"bbc-19j92fr ebmt73l0\" dir=\"ltr\">\n<p class=\"bbc-hhl7in e17g058b0\" dir=\"ltr\">Las im\u00e1genes muestran c\u00f3mo la cu\u00f1ada del presidente habla con habitantes de una comunidad del distrito de Chota, en la regi\u00f3n de Cajamarca, unos 800 km al norte de Lima.<\/p>\n<\/div>\n<div class=\"bbc-19j92fr ebmt73l0\" dir=\"ltr\">\n<p class=\"bbc-hhl7in e17g058b0\" dir=\"ltr\">Aunque no ocupa cargo alguno en el gobierno, Yenifer Paredes comunica a estas personas que necesita\u00a0censarlos para construir una obra\u00a0de saneamiento.<\/p>\n<\/div>\n<div class=\"bbc-19j92fr ebmt73l0\" dir=\"ltr\">\n<p class=\"bbc-hhl7in e17g058b0\" dir=\"ltr\">La joven aparece en el v\u00eddeo junto a un empresario que en septiembre de 2021 gan\u00f3 una licitaci\u00f3n del Estado por m\u00e1s de 3,8 millones de soles (US$978.000).<\/p>\n<\/div>\n<div class=\"bbc-19j92fr ebmt73l0\" dir=\"ltr\">\n<p class=\"bbc-hhl7in e17g058b0\" dir=\"ltr\">Por esta controvertida conexi\u00f3n Paredes ya fue citada hace un mes en el Congreso, donde reconoci\u00f3 haber trabajado para el empresario y pactado con \u00e9l alg\u00fan acuerdo &#8220;verbal&#8221; pero neg\u00f3 haber influido en sus contratos p\u00fablicos, pese a que este visitaba habitualmente el palacio de gobierno.<\/p>\n<\/div>\n<div class=\"bbc-1ka88fa ebmt73l0\" dir=\"ltr\">\n<figure class=\"bbc-1qdcvv9 e1aczekt0\">\n<div class=\"bbc-172p16q ebmt73l0\" dir=\"ltr\">\n<div class=\"bbc-172p16q ebmt73l0\" dir=\"ltr\">\n<div class=\"bbc-189y18v ebmt73l0\" dir=\"ltr\">\n<div class=\"bbc-997y1y eihqrxw0\" data-e2e=\"image-placeholder\">\n<div class=\"lazyload-wrapper \"><picture class=\"bbc-yfiktt e1mo64ex1\"><source srcset=\"https:\/\/ichef.bbci.co.uk\/news\/240\/cpsprodpb\/ED06\/production\/_126287606_yeniferparedes20220721-3-scaled.jpg.webp 240w, https:\/\/ichef.bbci.co.uk\/news\/320\/cpsprodpb\/ED06\/production\/_126287606_yeniferparedes20220721-3-scaled.jpg.webp 320w, https:\/\/ichef.bbci.co.uk\/news\/480\/cpsprodpb\/ED06\/production\/_126287606_yeniferparedes20220721-3-scaled.jpg.webp 480w, https:\/\/ichef.bbci.co.uk\/news\/624\/cpsprodpb\/ED06\/production\/_126287606_yeniferparedes20220721-3-scaled.jpg.webp 624w, https:\/\/ichef.bbci.co.uk\/news\/800\/cpsprodpb\/ED06\/production\/_126287606_yeniferparedes20220721-3-scaled.jpg.webp 800w\" type=\"image\/webp\" sizes=\"(min-width: 1008px) 645px, 100vw\" \/><source srcset=\"https:\/\/ichef.bbci.co.uk\/news\/240\/cpsprodpb\/ED06\/production\/_126287606_yeniferparedes20220721-3-scaled.jpg 240w, https:\/\/ichef.bbci.co.uk\/news\/320\/cpsprodpb\/ED06\/production\/_126287606_yeniferparedes20220721-3-scaled.jpg 320w, https:\/\/ichef.bbci.co.uk\/news\/480\/cpsprodpb\/ED06\/production\/_126287606_yeniferparedes20220721-3-scaled.jpg 480w, https:\/\/ichef.bbci.co.uk\/news\/624\/cpsprodpb\/ED06\/production\/_126287606_yeniferparedes20220721-3-scaled.jpg 624w, https:\/\/ichef.bbci.co.uk\/news\/800\/cpsprodpb\/ED06\/production\/_126287606_yeniferparedes20220721-3-scaled.jpg 800w\" type=\"image\/jpeg\" sizes=\"(min-width: 1008px) 645px, 100vw\" \/><img loading=\"lazy\" decoding=\"async\" class=\"e3vrtyk0 bbc-rb7xa0 e1mo64ex0\" src=\"https:\/\/ichef.bbci.co.uk\/news\/640\/cpsprodpb\/ED06\/production\/_126287606_yeniferparedes20220721-3-scaled.jpg\" alt=\"Yenifer Paredes, cu\u00f1ada de Pedro Castillo\" width=\"2560\" height=\"1701\" \/><\/picture><\/div>\n<\/div>\n<\/div>\n<\/div>\n<\/div><figcaption class=\"bbc-rhuvwm e6i104o0\" dir=\"ltr\"><em>Paredes compareci\u00f3 ante la Comisi\u00f3n de Fiscalizaci\u00f3n del Congreso a mediados de julio.<\/em><\/p>\n<p><em><span class=\"bbc-1gnhmg2 ed7bp6y0\">FUENTE DE LA IMAGEN,<\/span><span lang=\"en-GB\">CONGRESO DE LA REP\u00daBLICA DEL PER\u00da<\/span><\/em><\/p>\n<\/figcaption><div class=\"bbc-172p16q ebmt73l0\" dir=\"ltr\">\n<div class=\"bbc-3edg7g ebmt73l0\" dir=\"ltr\"><\/div>\n<\/div>\n<\/figure>\n<\/div>\n<div class=\"bbc-19j92fr ebmt73l0\" dir=\"ltr\">\n<p class=\"bbc-hhl7in e17g058b0\" dir=\"ltr\">El martes 9 de agosto el Poder judicial emiti\u00f3 una orden de\u00a0detenci\u00f3n preliminar por 10 d\u00edas\u00a0contra la cu\u00f1ada del presidente y la fiscal\u00eda despleg\u00f3 un amplio operativo para encontrarla.<\/p>\n<\/div>\n<div class=\"bbc-19j92fr ebmt73l0\" dir=\"ltr\">\n<p class=\"bbc-hhl7in e17g058b0\" dir=\"ltr\">El operativo incluy\u00f3 el allanamiento del palacio presidencial, algo sin precedentes en Per\u00fa, donde las fuerzas del orden nunca hab\u00edan accedido a la sede del poder ejecutivo para llevar a cabo una detenci\u00f3n.<\/p>\n<\/div>\n<div class=\"bbc-19j92fr ebmt73l0\" dir=\"ltr\">\n<p class=\"bbc-hhl7in e17g058b0\" dir=\"ltr\">Tras m\u00e1s de 24 horas en paradero desconocido, Paredes finalmente se entreg\u00f3 el mi\u00e9rcoles 10 de agosto a la fiscal\u00eda.<\/p>\n<\/div>\n<div class=\"bbc-19j92fr ebmt73l0\" dir=\"ltr\">\n<h2 id=\"Acusaci\u00f3n-l\u00edcita-o-complot-contra-Castillo\" class=\"bbc-1f03ibc eglt09e0\" tabindex=\"-1\">Acusaci\u00f3n l\u00edcita o complot contra Castillo<\/h2>\n<\/div>\n<div class=\"bbc-19j92fr ebmt73l0\" dir=\"ltr\">\n<p class=\"bbc-hhl7in e17g058b0\" dir=\"ltr\">Su abogado, Jos\u00e9 Dionicio Quesnay, calific\u00f3 como un acto de &#8220;valent\u00eda y coraje&#8221; la entrega voluntaria a la justicia de la hermana menor de la primera dama, en declaraciones a la radio local RPP.<\/p>\n<\/div>\n<div class=\"bbc-19j92fr ebmt73l0\" dir=\"ltr\">\n<p class=\"bbc-hhl7in e17g058b0\" dir=\"ltr\">Y el presidente contraatac\u00f3 despu\u00e9s de conocer la entrega de su cu\u00f1ada.<\/p>\n<\/div>\n<div class=\"bbc-19j92fr ebmt73l0\" dir=\"ltr\">\n<p class=\"bbc-hhl7in e17g058b0\" dir=\"ltr\">&#8220;A m\u00ed no me van a quebrar&#8221;, declar\u00f3, tras lamentar que &#8220;han golpeado a mi familia\u00a0seriamente&#8221;.<\/p>\n<\/div>\n<div class=\"bbc-19j92fr ebmt73l0\" dir=\"ltr\">\n<p class=\"bbc-hhl7in e17g058b0\" dir=\"ltr\">&#8220;Es parte de la lucha (&#8230;) y vamos a seguir adelante, enarbolando un Per\u00fa m\u00e1s justo&#8221;, asever\u00f3.<\/p>\n<\/div>\n<div class=\"bbc-1ka88fa ebmt73l0\" dir=\"ltr\">\n<figure class=\"bbc-1qdcvv9 e1aczekt0\">\n<div class=\"bbc-172p16q ebmt73l0\" dir=\"ltr\">\n<div class=\"bbc-172p16q ebmt73l0\" dir=\"ltr\">\n<div class=\"bbc-189y18v ebmt73l0\" dir=\"ltr\">\n<div class=\"bbc-997y1y eihqrxw0\" data-e2e=\"image-placeholder\">\n<div class=\"lazyload-wrapper \"><picture class=\"bbc-yfiktt e1mo64ex1\"><source srcset=\"https:\/\/ichef.bbci.co.uk\/news\/240\/cpsprodpb\/068E\/production\/_126287610_gettyimages-1341731634.jpg.webp 240w, https:\/\/ichef.bbci.co.uk\/news\/320\/cpsprodpb\/068E\/production\/_126287610_gettyimages-1341731634.jpg.webp 320w, https:\/\/ichef.bbci.co.uk\/news\/480\/cpsprodpb\/068E\/production\/_126287610_gettyimages-1341731634.jpg.webp 480w, https:\/\/ichef.bbci.co.uk\/news\/624\/cpsprodpb\/068E\/production\/_126287610_gettyimages-1341731634.jpg.webp 624w, https:\/\/ichef.bbci.co.uk\/news\/800\/cpsprodpb\/068E\/production\/_126287610_gettyimages-1341731634.jpg.webp 800w\" type=\"image\/webp\" sizes=\"(min-width: 1008px) 645px, 100vw\" \/><source srcset=\"https:\/\/ichef.bbci.co.uk\/news\/240\/cpsprodpb\/068E\/production\/_126287610_gettyimages-1341731634.jpg 240w, https:\/\/ichef.bbci.co.uk\/news\/320\/cpsprodpb\/068E\/production\/_126287610_gettyimages-1341731634.jpg 320w, https:\/\/ichef.bbci.co.uk\/news\/480\/cpsprodpb\/068E\/production\/_126287610_gettyimages-1341731634.jpg 480w, https:\/\/ichef.bbci.co.uk\/news\/624\/cpsprodpb\/068E\/production\/_126287610_gettyimages-1341731634.jpg 624w, https:\/\/ichef.bbci.co.uk\/news\/800\/cpsprodpb\/068E\/production\/_126287610_gettyimages-1341731634.jpg 800w\" type=\"image\/jpeg\" sizes=\"(min-width: 1008px) 645px, 100vw\" \/><img loading=\"lazy\" decoding=\"async\" class=\"e3vrtyk0 bbc-rb7xa0 e1mo64ex0\" src=\"https:\/\/ichef.bbci.co.uk\/news\/640\/cpsprodpb\/068E\/production\/_126287610_gettyimages-1341731634.jpg\" alt=\"Pedro Castillo, presidente de Per\u00fa\" width=\"976\" height=\"549\" \/><\/picture><\/div>\n<\/div>\n<\/div>\n<\/div>\n<\/div><figcaption class=\"bbc-rhuvwm e6i104o0\" dir=\"ltr\"><em>Castillo defiende su inocencia y la de sus allegados, y atribuye las investigaciones a una conspiraci\u00f3n para quitarle el poder.<\/em><\/p>\n<p><em><span class=\"bbc-1gnhmg2 ed7bp6y0\">FUENTE DE LA IMAGEN,<\/span><span lang=\"en-GB\">GETTY IMAGES<\/span><\/em><\/p>\n<\/figcaption><div class=\"bbc-172p16q ebmt73l0\" dir=\"ltr\">\n<div class=\"bbc-3edg7g ebmt73l0\" dir=\"ltr\"><\/div>\n<\/div>\n<\/figure>\n<\/div>\n<div class=\"bbc-19j92fr ebmt73l0\" dir=\"ltr\">\n<p class=\"bbc-hhl7in e17g058b0\" dir=\"ltr\">Un d\u00eda antes hab\u00eda declarado que el allanamiento de palacio presidencial respond\u00eda a una &#8220;evidente confabulaci\u00f3n\u00a0entre una parte del Congreso, la Fiscal\u00eda de la Naci\u00f3n y un sector de la prensa para desestabilizar el orden democr\u00e1tico&#8221;.<\/p>\n<\/div>\n<div class=\"bbc-19j92fr ebmt73l0\" dir=\"ltr\">\n<p class=\"bbc-hhl7in e17g058b0\" dir=\"ltr\">Pedro Castillo tambi\u00e9n habl\u00f3 de &#8220;show medi\u00e1tico&#8221; y considera las acciones en su contra como parte de un plan para sacarlo del poder.<\/p>\n<\/div>\n<div class=\"bbc-19j92fr ebmt73l0\" dir=\"ltr\">\n<p class=\"bbc-hhl7in e17g058b0\" dir=\"ltr\">La fiscal\u00eda, por su parte, emiti\u00f3 un comunicado para defender su trabajo y asegurar que seguir\u00e1 haci\u00e9ndolo &#8220;con valent\u00eda&#8221; y &#8220;bajo la observancia del principio de objetividad, principio de legalidad y debido proceso&#8221;.<\/p>\n<\/div>\n<div class=\"bbc-19j92fr ebmt73l0\" dir=\"ltr\">\n<p class=\"bbc-hhl7in e17g058b0\" dir=\"ltr\">La fiscal general, Patricia Benavides, tambi\u00e9n denunci\u00f3 que hay &#8220;ataques&#8221; en su contra para &#8220;obstaculizar&#8221; las investigaciones al presidente de Per\u00fa y sus allegados.<\/p>\n<\/div>\n<div class=\"bbc-19j92fr ebmt73l0\" dir=\"ltr\">\n<p class=\"bbc-hhl7in e17g058b0\" dir=\"ltr\"><i class=\"bbc-h1y5j7 eih42320\">*Este art\u00edculo fue publicado el 11 de agosto y actualizado el domingo 28 de agosto con la declaraci\u00f3n de la prisi\u00f3n preventiva para Yenifer Paredes.<\/i><\/p>\n<\/div>\n","protected":false},"excerpt":{"rendered":"<p>&nbsp; Yenifer Paredes &nbsp; &#8211; Un a\u00f1o despu\u00e9s de su llegada al poder, al presidente Pedro Castillo se le acumulan los problemas. Tres de cada&hellip;<\/p>\n","protected":false},"author":99,"featured_media":505147,"comment_status":"open","ping_status":"open","sticky":false,"template":"","format":"standard","meta":{"footnotes":""},"categories":[11358,23],"tags":[],"class_list":["post-505146","post","type-post","status-publish","format-standard","has-post-thumbnail","hentry","category-especiales","category-latinoamerica"],"_links":{"self":[{"href":"https:\/\/diarioelpopular.com\/index.php\/wp-json\/wp\/v2\/posts\/505146","targetHints":{"allow":["GET"]}}],"collection":[{"href":"https:\/\/diarioelpopular.com\/index.php\/wp-json\/wp\/v2\/posts"}],"about":[{"href":"https:\/\/diarioelpopular.com\/index.php\/wp-json\/wp\/v2\/types\/post"}],"author":[{"embeddable":true,"href":"https:\/\/diarioelpopular.com\/index.php\/wp-json\/wp\/v2\/users\/99"}],"replies":[{"embeddable":true,"href":"https:\/\/diarioelpopular.com\/index.php\/wp-json\/wp\/v2\/comments?post=505146"}],"version-history":[{"count":1,"href":"https:\/\/diarioelpopular.com\/index.php\/wp-json\/wp\/v2\/posts\/505146\/revisions"}],"predecessor-version":[{"id":505148,"href":"https:\/\/diarioelpopular.com\/index.php\/wp-json\/wp\/v2\/posts\/505146\/revisions\/505148"}],"wp:featuredmedia":[{"embeddable":true,"href":"https:\/\/diarioelpopular.com\/index.php\/wp-json\/wp\/v2\/media\/505147"}],"wp:attachment":[{"href":"https:\/\/diarioelpopular.com\/index.php\/wp-json\/wp\/v2\/media?parent=505146"}],"wp:term":[{"taxonomy":"category","embeddable":true,"href":"https:\/\/diarioelpopular.com\/index.php\/wp-json\/wp\/v2\/categories?post=505146"},{"taxonomy":"post_tag","embeddable":true,"href":"https:\/\/diarioelpopular.com\/index.php\/wp-json\/wp\/v2\/tags?post=505146"}],"curies":[{"name":"wp","href":"https:\/\/api.w.org\/{rel}","templated":true}]}}