{"id":505169,"date":"2022-08-31T08:21:01","date_gmt":"2022-08-31T12:21:01","guid":{"rendered":"https:\/\/diarioelpopular.com\/?p=505169"},"modified":"2022-08-31T08:21:01","modified_gmt":"2022-08-31T12:21:01","slug":"las-personas-racializadas-tienen-tasas-de-mortalidad-mas-altas-por-covid-19-stats-can","status":"publish","type":"post","link":"https:\/\/diarioelpopular.com\/index.php\/2022\/08\/31\/las-personas-racializadas-tienen-tasas-de-mortalidad-mas-altas-por-covid-19-stats-can\/","title":{"rendered":"Las personas racializadas tienen tasas de mortalidad m\u00e1s altas por COVID-19: Stats Can"},"content":{"rendered":"<p><img loading=\"lazy\" decoding=\"async\" class=\"alignnone size-custom-full-size wp-image-505170\" src=\"https:\/\/diarioelpopular.com\/wp-content\/uploads\/2022\/08\/20220223070216-621625aea7430ba4869d5f48jpeg-636x424.jpg\" alt=\"\" width=\"636\" height=\"424\" srcset=\"https:\/\/diarioelpopular.com\/wp-content\/uploads\/2022\/08\/20220223070216-621625aea7430ba4869d5f48jpeg-636x424.jpg 636w, https:\/\/diarioelpopular.com\/wp-content\/uploads\/2022\/08\/20220223070216-621625aea7430ba4869d5f48jpeg-300x200.jpg 300w, https:\/\/diarioelpopular.com\/wp-content\/uploads\/2022\/08\/20220223070216-621625aea7430ba4869d5f48jpeg-768x512.jpg 768w, https:\/\/diarioelpopular.com\/wp-content\/uploads\/2022\/08\/20220223070216-621625aea7430ba4869d5f48jpeg-109x73.jpg 109w, https:\/\/diarioelpopular.com\/wp-content\/uploads\/2022\/08\/20220223070216-621625aea7430ba4869d5f48jpeg.jpg 1024w\" sizes=\"auto, (max-width: 636px) 100vw, 636px\" \/><\/p>\n<p><em><strong>&#8211; Un estudio de Statistics Canada descubri\u00f3 que algunas poblaciones racializadas en Canad\u00e1 ten\u00edan tasas de mortalidad significativamente m\u00e1s altas por COVID-19.<\/strong><\/em><\/p>\n<p><em><strong>OTTAWA.-<\/strong> <\/em>El an\u00e1lisis dice que la tasa de mortalidad de COVID-19 fue mucho m\u00e1s alta para las personas racializadas en comparaci\u00f3n con las personas no racializadas. Encontr\u00f3 31 muertes por 100,000 para personas racializadas y 22 muertes por 100,000 para la poblaci\u00f3n no racializada.<\/p>\n<p>Los negros ten\u00edan la tasa de mortalidad m\u00e1s alta, m\u00e1s de dos veces m\u00e1s alta que los residentes no racializados. Eso fue seguido por aquellos que se identifican como sudasi\u00e1ticos y chinos.<\/p>\n<p>Sin embargo, aquellos que eran chinos ten\u00edan una tasa de mortalidad similar a la de las personas no racializadas.<\/p>\n<p>El estudio estim\u00f3 las tasas de mortalidad de COVID-19 en Canad\u00e1 en 2020 y las compar\u00f3 con los datos del censo recientemente publicados de 2016. Solo se analizaron personas del sur de Asia, chinos y negros debido a restricciones de tama\u00f1o de muestra, seg\u00fan el estudio.<\/p>\n<p>Las mujeres chinas tienen la tasa de mortalidad m\u00e1s baja, seg\u00fan muestran los datos<br \/>\nNicole Aitken, analista de Statistics Canada en Ottawa, dijo que los hallazgos fueron limitados porque los investigadores no ten\u00edan datos sobre las personas que viv\u00edan en hogares de ancianos u otros arreglos de vivienda intuitivos. En la etapa inicial de la pandemia, hubo brotes mortales en hogares de ancianos en todo el pa\u00eds.<\/p>\n<p>El estudio tampoco incluy\u00f3 el efecto de las vacunas COVID-19, que se distribuyeron ampliamente a partir de 2021.<\/p>\n<p>El estudio encontr\u00f3 que en la poblaci\u00f3n canadiense, los hombres ten\u00edan tasas de mortalidad m\u00e1s altas, pero los hombres negros eran los m\u00e1s altos con 62 muertes por cada 100,000 personas. Las mujeres negras tambi\u00e9n ten\u00edan una mortalidad mucho m\u00e1s alta que sus contrapartes no racializadas.<\/p>\n<p>Las mujeres chinas ten\u00edan la tasa de mortalidad m\u00e1s baja con 16 muertes por cada 100.000 personas.<\/p>\n<p>El estudio tambi\u00e9n explor\u00f3 los efectos de tener bajos ingresos en la tasa de mortalidad de las personas racializadas despu\u00e9s de tener en cuenta otros factores de riesgo como la edad, el sexo y el tipo de vivienda.<\/p>\n<p>El estudio encontr\u00f3 que la situaci\u00f3n socioecon\u00f3mica de una persona jug\u00f3 un papel en las muertes por COVID-19 para todas las poblaciones excepto los chinos.<\/p>\n<p>\u201cLa tasa para las personas negras que viv\u00edan con bajos ingresos era casi tres veces m\u00e1s alta en comparaci\u00f3n con las personas negras que no viv\u00edan con bajos ingresos\u201d, dijo Aitken.<\/p>\n<p>\u201cAs\u00ed que este grupo\u2026 parece estar en una situaci\u00f3n mucho m\u00e1s vulnerable que algunas de las otras poblaciones en Canad\u00e1\u201d.<\/p>\n<p><em><strong>Las personas en viviendas superpobladas y de bajos ingresos tienen m\u00e1s probabilidades de morir por COVID-19<\/strong><\/em><br \/>\nLas personas en viviendas y apartamentos de bajos ingresos y hacinados ten\u00edan mayores probabilidades de morir por COVID-19. Aitken dijo que cuando m\u00e1s personas se agrupan, hay m\u00e1s posibilidades de transmisi\u00f3n.<\/p>\n<p>El estudio dijo que sus hallazgos fueron consistentes con otros realizados en los Estados Unidos y en otros lugares, que encontraron resultados m\u00e1s graves entre las poblaciones racializadas.<\/p>\n<p>Un estudio encargado por Black Coalition Against COVID en los EE. UU. encontr\u00f3 que las tasas de infecci\u00f3n, hospitalizaci\u00f3n y muerte eran m\u00e1s altas entre los afroamericanos.<\/p>\n<p>Ese estudio dijo que era el resultado de realidades estructurales y sociales, incluidos los trabajos de primera l\u00ednea, vivir en hogares multigeneracionales y en \u00e1reas m\u00e1s pobladas.<\/p>\n<p>Las desigualdades en salud, incluidas tasas m\u00e1s altas de diabetes y enfermedad renal cr\u00f3nica, as\u00ed como el racismo y los prejuicios dentro del sistema de atenci\u00f3n m\u00e9dica, tambi\u00e9n juegan un papel, dijo ese estudio.<\/p>\n<p>El estudio de Statistics Canada dijo que la relaci\u00f3n entre las poblaciones racializadas de bajos ingresos y la mortalidad por COVID-19 podr\u00eda explicarse por &#8220;m\u00faltiples v\u00edas&#8221;. Los bajos ingresos, la vivienda inadecuada y el menor acceso a la atenci\u00f3n m\u00e9dica preventiva pueden aumentar el riesgo.<\/p>\n<p>El estudio no analiz\u00f3 el efecto de COVID-19 en los pueblos ind\u00edgenas debido a limitaciones de datos.<\/p>\n<p>Los datos de COVID-19 basados \u200b\u200ben la raza publicados en Manitoba el a\u00f1o pasado mostraron que los ind\u00edgenas constitu\u00edan el 17 por ciento de las infecciones por COVID-19, a pesar de representar el 13 por ciento de la poblaci\u00f3n provincial.<\/p>\n<p>El grupo de trabajo de las Primeras Naciones COVID-19 en la provincia encontr\u00f3 tasas mucho m\u00e1s altas de resultados graves y muerte entre esa poblaci\u00f3n durante la pandemia.<\/p>\n","protected":false},"excerpt":{"rendered":"<p>&#8211; Un estudio de Statistics Canada descubri\u00f3 que algunas poblaciones racializadas en Canad\u00e1 ten\u00edan tasas de mortalidad significativamente m\u00e1s altas por COVID-19. OTTAWA.- El an\u00e1lisis&hellip;<\/p>\n","protected":false},"author":99,"featured_media":505170,"comment_status":"open","ping_status":"open","sticky":false,"template":"","format":"standard","meta":{"footnotes":""},"categories":[21,11191],"tags":[],"class_list":["post-505169","post","type-post","status-publish","format-standard","has-post-thumbnail","hentry","category-canada","category-top-news"],"_links":{"self":[{"href":"https:\/\/diarioelpopular.com\/index.php\/wp-json\/wp\/v2\/posts\/505169","targetHints":{"allow":["GET"]}}],"collection":[{"href":"https:\/\/diarioelpopular.com\/index.php\/wp-json\/wp\/v2\/posts"}],"about":[{"href":"https:\/\/diarioelpopular.com\/index.php\/wp-json\/wp\/v2\/types\/post"}],"author":[{"embeddable":true,"href":"https:\/\/diarioelpopular.com\/index.php\/wp-json\/wp\/v2\/users\/99"}],"replies":[{"embeddable":true,"href":"https:\/\/diarioelpopular.com\/index.php\/wp-json\/wp\/v2\/comments?post=505169"}],"version-history":[{"count":1,"href":"https:\/\/diarioelpopular.com\/index.php\/wp-json\/wp\/v2\/posts\/505169\/revisions"}],"predecessor-version":[{"id":505171,"href":"https:\/\/diarioelpopular.com\/index.php\/wp-json\/wp\/v2\/posts\/505169\/revisions\/505171"}],"wp:featuredmedia":[{"embeddable":true,"href":"https:\/\/diarioelpopular.com\/index.php\/wp-json\/wp\/v2\/media\/505170"}],"wp:attachment":[{"href":"https:\/\/diarioelpopular.com\/index.php\/wp-json\/wp\/v2\/media?parent=505169"}],"wp:term":[{"taxonomy":"category","embeddable":true,"href":"https:\/\/diarioelpopular.com\/index.php\/wp-json\/wp\/v2\/categories?post=505169"},{"taxonomy":"post_tag","embeddable":true,"href":"https:\/\/diarioelpopular.com\/index.php\/wp-json\/wp\/v2\/tags?post=505169"}],"curies":[{"name":"wp","href":"https:\/\/api.w.org\/{rel}","templated":true}]}}