{"id":505176,"date":"2022-08-31T08:41:50","date_gmt":"2022-08-31T12:41:50","guid":{"rendered":"https:\/\/diarioelpopular.com\/?p=505176"},"modified":"2022-08-31T08:41:50","modified_gmt":"2022-08-31T12:41:50","slug":"alcalde-de-buenos-aires-pide-a-cristina-fernandez-que-no-incite-la-violencia","status":"publish","type":"post","link":"https:\/\/diarioelpopular.com\/index.php\/2022\/08\/31\/alcalde-de-buenos-aires-pide-a-cristina-fernandez-que-no-incite-la-violencia\/","title":{"rendered":"Alcalde de Buenos Aires pide a Cristina Fern\u00e1ndez que no incite la violencia"},"content":{"rendered":"<p>&nbsp;<\/p>\n<p><img loading=\"lazy\" decoding=\"async\" class=\"alignnone size-custom-full-size wp-image-505177\" src=\"https:\/\/diarioelpopular.com\/wp-content\/uploads\/2022\/08\/Screen-Shot-2022-08-31-at-8.41.00-AM-636x318.png\" alt=\"\" width=\"636\" height=\"318\" srcset=\"https:\/\/diarioelpopular.com\/wp-content\/uploads\/2022\/08\/Screen-Shot-2022-08-31-at-8.41.00-AM-636x318.png 636w, https:\/\/diarioelpopular.com\/wp-content\/uploads\/2022\/08\/Screen-Shot-2022-08-31-at-8.41.00-AM-300x150.png 300w, https:\/\/diarioelpopular.com\/wp-content\/uploads\/2022\/08\/Screen-Shot-2022-08-31-at-8.41.00-AM-768x383.png 768w, https:\/\/diarioelpopular.com\/wp-content\/uploads\/2022\/08\/Screen-Shot-2022-08-31-at-8.41.00-AM-1200x599.png 1200w, https:\/\/diarioelpopular.com\/wp-content\/uploads\/2022\/08\/Screen-Shot-2022-08-31-at-8.41.00-AM-146x73.png 146w, https:\/\/diarioelpopular.com\/wp-content\/uploads\/2022\/08\/Screen-Shot-2022-08-31-at-8.41.00-AM.png 1024w\" sizes=\"auto, (max-width: 636px) 100vw, 636px\" \/><\/p>\n<p><em>La vicepresidenta contraataca y acusa a la justicia, al fiscal y al juez de tener el proceso decidido de antemano. BY EURONEWS SPANISH NEWS<\/em><\/p>\n<p>&nbsp;<\/p>\n<p><em><strong>&#8211; Un fallo judicial que afecta el operativo policial para cuidar la casa de la vicepresidenta argentina, Cristina Fern\u00e1ndez, donde se cumple m\u00e1s de una semana de vigilia, abri\u00f3 una disputa con el alcalde de Buenos Aires, el opositor Horacio Rodr\u00edguez Larreta, quien le pidi\u00f3 a la exmandataria (2007-2015) que no incite la violencia. <\/strong><\/em><\/p>\n<p><em><strong>BUENOS AIRES.-<\/strong><\/em> El alcalde de la ciudad de Buenos Aires, Horacio Rodr\u00edguez Larreta, dijo este martes a la prensa que su Gobierno apelar\u00e1 el fallo del lunes \u00faltimo que dispuso que la Polic\u00eda de la ciudad de Buenos Aires no est\u00e9 presente en las inmediaciones del edificio donde vive Cristina Fern\u00e1ndez y recusar\u00e1 al juez Roberto Gallardo, que tom\u00f3 la medida.<\/p>\n<p>\u201cUn juez que est\u00e1 p\u00fablicamente alineado con el kirchnerismo y que adem\u00e1s no tiene competencia sobre el tema, dict\u00f3 un fallo en el que intenta, de forma muy confusa, ordenarnos que liberemos la calle. Nos ordena que no nos ocupemos m\u00e1s de la seguridad en la ciudad\u201d, critic\u00f3 Rodr\u00edguez Larreta. El juez hab\u00eda remarcado que la custodia de la vicepresidenta se encuentra a cargo de las autoridades de seguridad federales, que deben ejercer como unidad de comando y la coordinaci\u00f3n operativa con las fuerzas locales. La Polic\u00eda de la ciudad de Buenos Aires mantuvo este martes la presencia en los alrededores del edificio donde vive la vicepresidenta.<\/p>\n<p><em>INCITAR LA VIOLENCIA <\/em><\/p>\n<p>Las manifestaciones de apoyo comenzaron luego de que un fiscal solicitara el lunes de la semana pasada una pena de doce a\u00f1os de prisi\u00f3n y la inhabilitaci\u00f3n perpetua para ejercer cargos p\u00fablicos en el marco de un juicio por presuntas irregularidades en la adjudicaci\u00f3n de obras p\u00fablicas cuando era presidenta. Rodr\u00edguez Larreta le pidi\u00f3 p\u00fablicamente a la vicepresidenta, Cristina Fern\u00e1ndez, que \u201cno siga incitando a las agresiones y la violencia.<\/p>\n<p>No siga con sus declaraciones echando nafta al fuego. Es exactamente lo contrario de lo que la Argentina necesita\u201d. El alcalde de Buenos Aires tambi\u00e9n le solicit\u00f3 a la exmandataria que \u201cdeje de ocuparse solamente en resolver sus temas personales\u201d y subray\u00f3 que \u201cla prioridad\u201d est\u00e1 en la inflaci\u00f3n, la inseguridad, la falta de trabajo y la crisis educativa.<\/p>\n<p>La vigilia en la casa de la vicepresidenta, Cristina Fern\u00e1ndez, en el barrio capitalino de Recoleta, ya lleva ocho d\u00edas, entre los cuales cientos de personas marcharon el s\u00e1bado pasado para protestar por la instalaci\u00f3n de un vallado policial y se produjeron disturbios con la Polic\u00eda ante las medidas de seguridad dispuestas por el Gobierno de Rodr\u00edguez Larreta.<\/p>\n<p><strong><em>DIFERENCIAS EN LA OPOSICION <\/em><\/strong><\/p>\n<p>Las medidas de seguridad adoptadas por el Gobierno capitalino para resguardar el orden en los alrededores de la vivienda de la vicepresidenta despertaron una disputa pol\u00edtica entre el peronismo que ejerce el Gobierno nacional y la oposici\u00f3n de Juntos por el Cambio, al que pertenece el expresidente Mauricio Macri (2015-2019). Los disturbios durante la vigilia tambi\u00e9n dejaron a la vista las diferencias en el seno de la coalici\u00f3n opositora.<\/p>\n<p>\u201cTenemos que demostrar que somos capaces de manejar el poder y que no nos corre ni Cristina (Fern\u00e1ndez) de la esquina de su casa\u201d, tuite\u00f3 la presidenta del Pro, Patricia Bullrich, quien fue ministra de Seguridad durante la presidencia de Mauricio Macri. Bullrich y Rodr\u00edguez Larreta representan a dos corrientes internas del Pro -partido integrante de Juntos por el Cambio- de cara a las elecciones presidenciales de 2023. Rodr\u00edguez Larreta dijo este martes que \u201cel kirchnerismo con sus declaraciones incita a la violencia\u201d y por eso es necesario \u201ctener paciencia y templanza para aislar a los violentos\u201d y afirm\u00f3 que su Gobierno no va \u201ca entrar en las provocaciones y en la escalada del conflicto\u201d.<\/p>\n","protected":false},"excerpt":{"rendered":"<p>&nbsp; La vicepresidenta contraataca y acusa a la justicia, al fiscal y al juez de tener el proceso decidido de antemano. BY EURONEWS SPANISH NEWS&hellip;<\/p>\n","protected":false},"author":99,"featured_media":505177,"comment_status":"open","ping_status":"open","sticky":false,"template":"","format":"standard","meta":{"footnotes":""},"categories":[23],"tags":[],"class_list":["post-505176","post","type-post","status-publish","format-standard","has-post-thumbnail","hentry","category-latinoamerica"],"_links":{"self":[{"href":"https:\/\/diarioelpopular.com\/index.php\/wp-json\/wp\/v2\/posts\/505176","targetHints":{"allow":["GET"]}}],"collection":[{"href":"https:\/\/diarioelpopular.com\/index.php\/wp-json\/wp\/v2\/posts"}],"about":[{"href":"https:\/\/diarioelpopular.com\/index.php\/wp-json\/wp\/v2\/types\/post"}],"author":[{"embeddable":true,"href":"https:\/\/diarioelpopular.com\/index.php\/wp-json\/wp\/v2\/users\/99"}],"replies":[{"embeddable":true,"href":"https:\/\/diarioelpopular.com\/index.php\/wp-json\/wp\/v2\/comments?post=505176"}],"version-history":[{"count":1,"href":"https:\/\/diarioelpopular.com\/index.php\/wp-json\/wp\/v2\/posts\/505176\/revisions"}],"predecessor-version":[{"id":505178,"href":"https:\/\/diarioelpopular.com\/index.php\/wp-json\/wp\/v2\/posts\/505176\/revisions\/505178"}],"wp:featuredmedia":[{"embeddable":true,"href":"https:\/\/diarioelpopular.com\/index.php\/wp-json\/wp\/v2\/media\/505177"}],"wp:attachment":[{"href":"https:\/\/diarioelpopular.com\/index.php\/wp-json\/wp\/v2\/media?parent=505176"}],"wp:term":[{"taxonomy":"category","embeddable":true,"href":"https:\/\/diarioelpopular.com\/index.php\/wp-json\/wp\/v2\/categories?post=505176"},{"taxonomy":"post_tag","embeddable":true,"href":"https:\/\/diarioelpopular.com\/index.php\/wp-json\/wp\/v2\/tags?post=505176"}],"curies":[{"name":"wp","href":"https:\/\/api.w.org\/{rel}","templated":true}]}}