{"id":505222,"date":"2022-09-05T14:05:48","date_gmt":"2022-09-05T18:05:48","guid":{"rendered":"https:\/\/diarioelpopular.com\/?p=505222"},"modified":"2022-09-05T14:05:48","modified_gmt":"2022-09-05T18:05:48","slug":"argentina-por-error-pierden-prueba-en-ataque-a-cristina-fernandez","status":"publish","type":"post","link":"https:\/\/diarioelpopular.com\/index.php\/2022\/09\/05\/argentina-por-error-pierden-prueba-en-ataque-a-cristina-fernandez\/","title":{"rendered":"Argentina: Por \u2018error\u2019 pierden prueba en ataque a Cristina Fern\u00e1ndez"},"content":{"rendered":"<p>&nbsp;<\/p>\n<p><img loading=\"lazy\" decoding=\"async\" class=\"alignnone size-custom-full-size wp-image-505223\" src=\"https:\/\/diarioelpopular.com\/wp-content\/uploads\/2022\/09\/Screen-Shot-2022-09-05-at-2.01.51-PM-636x288.png\" alt=\"\" width=\"636\" height=\"288\" srcset=\"https:\/\/diarioelpopular.com\/wp-content\/uploads\/2022\/09\/Screen-Shot-2022-09-05-at-2.01.51-PM-636x288.png 636w, https:\/\/diarioelpopular.com\/wp-content\/uploads\/2022\/09\/Screen-Shot-2022-09-05-at-2.01.51-PM-300x136.png 300w, https:\/\/diarioelpopular.com\/wp-content\/uploads\/2022\/09\/Screen-Shot-2022-09-05-at-2.01.51-PM-768x348.png 768w, https:\/\/diarioelpopular.com\/wp-content\/uploads\/2022\/09\/Screen-Shot-2022-09-05-at-2.01.51-PM-1200x544.png 1200w, https:\/\/diarioelpopular.com\/wp-content\/uploads\/2022\/09\/Screen-Shot-2022-09-05-at-2.01.51-PM-146x66.png 146w, https:\/\/diarioelpopular.com\/wp-content\/uploads\/2022\/09\/Screen-Shot-2022-09-05-at-2.01.51-PM.png 1024w\" sizes=\"auto, (max-width: 636px) 100vw, 636px\" \/><\/p>\n<p><em><strong>&#8211; La investigaci\u00f3n judicial del ataque a la vicepresidenta argentina, Cristina Fern\u00e1ndez, se top\u00f3 con un inconveniente luego de que por \u201cerror\u201d se reiniciara el tel\u00e9fono m\u00f3vil del principal acusado del ataque durante un peritaje policial y podr\u00eda perderse como evidencia.<\/strong><\/em><\/p>\n<p>&nbsp;<\/p>\n<p>Los peritos inform\u00e1ticos encargados de desbloquear el celular para acceder a su contenido habr\u00edan generado que el aparato se reiniciara y volviera a \u201cestado de f\u00e1brica\u201d, seg\u00fan trascendi\u00f3 en la prensa local. Esto significa que tanto la informaci\u00f3n como contenido del dispositivo podr\u00edan eliminarse y por ende, no servir\u00edan como evidencia dentro del juicio.<\/p>\n<p>\u201cEs grav\u00edsima la responsabilidad de la jueza, el fiscal y los que manipularon el celular del imputado\u201d, escribi\u00f3 en sus redes sociales, el abogado de la vicepresidenta, Gregorio Dalb\u00f3n. \u201cDe confirmarse la informaci\u00f3n de algunos periodistas, iniciaremos otra causa contra todos los responsables de tremendo \u2018error\u2019 judicial, y\/o posible encubrimiento agravado\u201d, asegur\u00f3.<\/p>\n<p>Dalb\u00f3n se encontraba analizando la posibilidad de calificar el atentado como un intento de feminicidio y ampliar la investigaci\u00f3n para buscar c\u00f3mplices, algo que ser\u00eda posible a trav\u00e9s del an\u00e1lisis de dispositivos electr\u00f3nicos.<\/p>\n<p>\u201cEstamos analizando la calificaci\u00f3n por lo ocurrido con Cristina Fern\u00e1ndez. Debiera ser intento de femicidio (Bel\u00e9m do Par\u00e1) en grado de tentativa agravado (alevos\u00eda y arma de fuego). Adem\u00e1s de portaci\u00f3n ilegal de armas. No hay que minimizar los tipos penales con estos asesinos\u201d, escribi\u00f3 el defensor en sus redes sociales. Con la menci\u00f3n a \u201cBelem do Par\u00e1\u201d, el letrado se refiri\u00f3 a la Convenci\u00f3n Interamericana para prevenir, sancionar y erradicar la violencia contra la mujer, adoptada en 1994 en esa ciudad brasile\u00f1a.<\/p>\n<p>Por su parte, el principal detenido se neg\u00f3 a declarar y facilitar a los investigadores la contrase\u00f1a de su tel\u00e9fono m\u00f3vil. Durante la noche del jueves pasado qued\u00f3 filmado en las c\u00e1maras de televisi\u00f3n como apunt\u00f3 con un arma de fuego e intent\u00f3 gatillar contra el rostro de Cristina Fern\u00e1ndez, sin embargo, el disparo no sali\u00f3 y fue reducido r\u00e1pidamente.<\/p>\n<p>Unos afirman que todo lo ocurrido es un complot mientras aparecen versiones que esto ha sido un &#8220;auto complot&#8221; para descarrilar el juicio por corrupci\u00f3n contra la vice presidenta.<\/p>\n<p>&nbsp;<\/p>\n","protected":false},"excerpt":{"rendered":"<p>&nbsp; &#8211; La investigaci\u00f3n judicial del ataque a la vicepresidenta argentina, Cristina Fern\u00e1ndez, se top\u00f3 con un inconveniente luego de que por \u201cerror\u201d se reiniciara&hellip;<\/p>\n","protected":false},"author":99,"featured_media":505223,"comment_status":"open","ping_status":"open","sticky":false,"template":"","format":"standard","meta":{"footnotes":""},"categories":[23],"tags":[],"class_list":["post-505222","post","type-post","status-publish","format-standard","has-post-thumbnail","hentry","category-latinoamerica"],"_links":{"self":[{"href":"https:\/\/diarioelpopular.com\/index.php\/wp-json\/wp\/v2\/posts\/505222","targetHints":{"allow":["GET"]}}],"collection":[{"href":"https:\/\/diarioelpopular.com\/index.php\/wp-json\/wp\/v2\/posts"}],"about":[{"href":"https:\/\/diarioelpopular.com\/index.php\/wp-json\/wp\/v2\/types\/post"}],"author":[{"embeddable":true,"href":"https:\/\/diarioelpopular.com\/index.php\/wp-json\/wp\/v2\/users\/99"}],"replies":[{"embeddable":true,"href":"https:\/\/diarioelpopular.com\/index.php\/wp-json\/wp\/v2\/comments?post=505222"}],"version-history":[{"count":1,"href":"https:\/\/diarioelpopular.com\/index.php\/wp-json\/wp\/v2\/posts\/505222\/revisions"}],"predecessor-version":[{"id":505224,"href":"https:\/\/diarioelpopular.com\/index.php\/wp-json\/wp\/v2\/posts\/505222\/revisions\/505224"}],"wp:featuredmedia":[{"embeddable":true,"href":"https:\/\/diarioelpopular.com\/index.php\/wp-json\/wp\/v2\/media\/505223"}],"wp:attachment":[{"href":"https:\/\/diarioelpopular.com\/index.php\/wp-json\/wp\/v2\/media?parent=505222"}],"wp:term":[{"taxonomy":"category","embeddable":true,"href":"https:\/\/diarioelpopular.com\/index.php\/wp-json\/wp\/v2\/categories?post=505222"},{"taxonomy":"post_tag","embeddable":true,"href":"https:\/\/diarioelpopular.com\/index.php\/wp-json\/wp\/v2\/tags?post=505222"}],"curies":[{"name":"wp","href":"https:\/\/api.w.org\/{rel}","templated":true}]}}