{"id":505226,"date":"2022-09-05T14:17:26","date_gmt":"2022-09-05T18:17:26","guid":{"rendered":"https:\/\/diarioelpopular.com\/?p=505226"},"modified":"2022-09-05T14:17:26","modified_gmt":"2022-09-05T18:17:26","slug":"la-policia-persigue-a-los-sospechosos-de-la-matanza-en-un-area-tan-vasta-como-media-europa","status":"publish","type":"post","link":"https:\/\/diarioelpopular.com\/index.php\/2022\/09\/05\/la-policia-persigue-a-los-sospechosos-de-la-matanza-en-un-area-tan-vasta-como-media-europa\/","title":{"rendered":"La polic\u00eda persigue a los sospechosos de la matanza en un \u00e1rea tan vasta como media Europa"},"content":{"rendered":"<p><img loading=\"lazy\" decoding=\"async\" class=\"alignnone size-custom-full-size wp-image-505227\" src=\"https:\/\/diarioelpopular.com\/wp-content\/uploads\/2022\/09\/I33WYICI4FG5BFBOVCDJM6XIXI-636x358.jpg\" alt=\"\" width=\"636\" height=\"358\" srcset=\"https:\/\/diarioelpopular.com\/wp-content\/uploads\/2022\/09\/I33WYICI4FG5BFBOVCDJM6XIXI-636x358.jpg 636w, https:\/\/diarioelpopular.com\/wp-content\/uploads\/2022\/09\/I33WYICI4FG5BFBOVCDJM6XIXI-300x169.jpg 300w, https:\/\/diarioelpopular.com\/wp-content\/uploads\/2022\/09\/I33WYICI4FG5BFBOVCDJM6XIXI-768x432.jpg 768w, https:\/\/diarioelpopular.com\/wp-content\/uploads\/2022\/09\/I33WYICI4FG5BFBOVCDJM6XIXI-1200x675.jpg 1200w, https:\/\/diarioelpopular.com\/wp-content\/uploads\/2022\/09\/I33WYICI4FG5BFBOVCDJM6XIXI-130x73.jpg 130w, https:\/\/diarioelpopular.com\/wp-content\/uploads\/2022\/09\/I33WYICI4FG5BFBOVCDJM6XIXI.jpg 1024w\" sizes=\"auto, (max-width: 636px) 100vw, 636px\" \/><\/p>\n<p><em><strong>&#8211;<\/strong><\/em><em><strong>La polic\u00eda encontr\u00f3 v\u00edctimas en 13 lugares. Autoridades buscan a dos sospechosos.<\/strong><\/em><\/p>\n<p>La polic\u00eda busca este lunes a dos sospechosos de\u00a0ataques con arma blanca que dejaron 10 muertos y 15 heridos en dos localidades remotas, una de ellas de mayor\u00eda ind\u00edgena.<\/p>\n<p>La matanza en la comunidad ind\u00edgena de James Smith Cree Nation y en la vecina ciudad de Weldon se cuenta entre los mayores actos de violencia masiva de la historia de Canad\u00e1.<\/p>\n<p><img loading=\"lazy\" decoding=\"async\" class=\"alignnone size-custom-full-size wp-image-505228\" src=\"https:\/\/diarioelpopular.com\/wp-content\/uploads\/2022\/09\/631637d47e36a-636x357.jpg\" alt=\"\" width=\"636\" height=\"357\" srcset=\"https:\/\/diarioelpopular.com\/wp-content\/uploads\/2022\/09\/631637d47e36a-636x357.jpg 636w, https:\/\/diarioelpopular.com\/wp-content\/uploads\/2022\/09\/631637d47e36a-300x168.jpg 300w, https:\/\/diarioelpopular.com\/wp-content\/uploads\/2022\/09\/631637d47e36a-130x73.jpg 130w, https:\/\/diarioelpopular.com\/wp-content\/uploads\/2022\/09\/631637d47e36a.jpg 652w\" sizes=\"auto, (max-width: 636px) 100vw, 636px\" \/><\/p>\n<p><em>Los dos sopechosos son\u00a0Damien Sanderson y Myles Sanderson<\/em><\/p>\n<p>&nbsp;<\/p>\n<p>El primer ministro de Canad\u00e1, Justin Trudeau, dijo en Twitter que los ataques fueron &#8220;horrorosos y desgarradores&#8221; y se declar\u00f3 &#8220;shockeado y devastado&#8221;.<\/p>\n<p>Los ataques se iniciaron a primera hora de la ma\u00f1ana del domingo en James Smith Cree Nation, una reserva ind\u00edgena situada en el norte de Saskatchewan y que est\u00e1 compuesta de tres comunidades, as\u00ed como en la cercana localidad de Weldon.<\/p>\n<p>La Polic\u00eda localiz\u00f3 v\u00edctimas en 13 lugares repartidos entre James Smith Cree Nation y Weldon, y dijo que todos sufr\u00edan heridas con arma blanca.<\/p>\n<p>Las autoridades canadienses no han informado de las posibles causas de los ataques aunque s\u00ed dijeron que algunas v\u00edctimas fueron agredidas intencionadamente.<\/p>\n<p>&#8220;Varias v\u00edctimas adicionales resultaron heridas, 15 de las cuales fueron trasladadas a varios hospitales&#8221;, explic\u00f3 la subcomisaria de la Real Polic\u00eda Montada de Canad\u00e1, Rhonda Blackmore.<\/p>\n<p>&#8220;Estamos buscando activamente a los dos sospechosos&#8221;, e &#8220;investigando las varias escenas del crimen&#8221;, enfatiz\u00f3.<\/p>\n<p>Los sospechosos fueron identificados como Damien Sanderson y Myles Sanderson, de 30 y 31 a\u00f1os respectivamente, ambos de cabello negro y ojos marrones. Se cree que huyeron en un Nissan Rogue color negro, precis\u00f3 Blackmore.<\/p>\n<p>Agentes policiales se desplegaron &#8220;a toda m\u00e1quina&#8221; para capturarlos.<\/p>\n<p>Blackmore indic\u00f3 que la polic\u00eda recibi\u00f3 una primera llamada a las 05:40 hora local (11H40 GMT) dando parte de un apu\u00f1alamiento en James Smith Cree Nation, r\u00e1pidamente varias llamadas m\u00e1s informaron de otros ataques como este.<\/p>\n<p>Las personas que llamaron identificaron a los sospechosos, destac\u00f3 la funcionaria.<\/p>\n<p>Diane Shier, residente de Weldon, dijo al diario<i>\u00a0Saskatoon Star Phoenix\u00a0<\/i>que uno de sus vecinos, un hombre que viv\u00eda con su nieto adulto, muri\u00f3 en el ataque. Seg\u00fan los informes, el nieto se escondi\u00f3 en el s\u00f3tano y llam\u00f3 a la polic\u00eda.<\/p>\n<p>&#8220;Eran alrededor de las 07:30 am. Mi esposo estaba en el jard\u00edn. Vio que los autos de la polic\u00eda y una ambulancia llegaban a la ciudad. Es una ciudad peque\u00f1a. Esto es terrible, terrible. Todav\u00eda tenemos las puertas cerradas, nos quedamos adentro, no queremos salir&#8221;, dijo al peri\u00f3dico.<\/p>\n<p>Otro vecino, Ruby Works, dijo que los asesinatos van a perseguir a la ciudad por un tiempo. &#8220;Nadie en esta ciudad volver\u00e1 a dormir tranquilo. Van a tener terror de abrir la puerta&#8221;, dijo Works.<\/p>\n<p>Robert Rush, quien tambi\u00e9n vive en la zona, dijo que hab\u00eda dejado a su nieta en casa para ir a comprar una torta de cumplea\u00f1os para su esposa. &#8220;Le di dos pistolas y un bate&#8221;, cont\u00f3.<\/p>\n<p id=\"p700035-m2792-11-2793\" class=\"contenido\">Las autoridades creen que\u00a0&#8220;algunas de las v\u00edctimas estaban en la mira de los sospechosos y otras fueron atacadas de forma aleatoria&#8221;,\u00a0seg\u00fan Blackmore, a\u00f1adiendo que es demasiado temprano para abordar el m\u00f3vil de estos cr\u00edmenes.<\/p>\n<p>El jefe de la Federaci\u00f3n de Naciones Ind\u00edgenas Soberanas, Bobby Cameron, lament\u00f3 &#8220;la violencia indescriptible que se cobr\u00f3 la vida de personas inocentes&#8221;.<\/p>\n<p>Tres helic\u00f3pteros fueron enviados desde Saskatoon y Regina a las dos ciudades en que se produjeron los hechos, para trasladar a v\u00edctimas y llevar un m\u00e9dico al lugar.<\/p>\n<p id=\"p700035-m2798-12-2799\" class=\"contenido\">Trece escenas del crimen en la comunidad ind\u00edgena y Weldon estaban siendo rastrilladas en busca de pistas y se estaba llevando a cabo una persecuci\u00f3n masiva en tres provincias.<\/p>\n<p>La comunidad de James Smith Cree Nation, con 2.500 habitantes, declar\u00f3 estado de emergencia local. Tambi\u00e9n se pidi\u00f3 a los residentes de Saskatchewan que permanezcan en sus casas por seguridad.<\/p>\n<p>Los sospechosos fueron vistos en un primer momento en Regina, capital de la provincia, situada unos 300 km al sur. La alerta y la b\u00fasqueda se extendieron luego a las provincias vecinas de Manitoba y Alberta, una vasta regi\u00f3n cuyo tama\u00f1o equivale a la mitad del continente europeo.<\/p>\n<p>Blackmore asegur\u00f3 que se ha desplegado &#8220;el m\u00e1ximo&#8221; de recursos policiales para encontrar a los sospechosos, si bien &#8220;se desconoce su localizaci\u00f3n y la direcci\u00f3n en la que viajan&#8221;.<\/p>\n<p>Por su lado, la autoridad sanitaria de Saskatchewan se\u00f1al\u00f3 a la AFP que activ\u00f3 los protocolos de emergencia para lidiar con &#8220;un alto n\u00famero de pacientes cr\u00edticos&#8221;.<\/p>\n<p>En los \u00faltimos a\u00f1os, Canad\u00e1 vive una sucesi\u00f3n de ataques de una violencia inusual. En abril de 2020, un hombre con un arma se hizo pasar por polic\u00eda y mat\u00f3 a 22 personas en Nueva Escocia.<\/p>\n","protected":false},"excerpt":{"rendered":"<p>&#8211;La polic\u00eda encontr\u00f3 v\u00edctimas en 13 lugares. Autoridades buscan a dos sospechosos. La polic\u00eda busca este lunes a dos sospechosos de\u00a0ataques con arma blanca que&hellip;<\/p>\n","protected":false},"author":99,"featured_media":505227,"comment_status":"open","ping_status":"open","sticky":false,"template":"","format":"standard","meta":{"footnotes":""},"categories":[21,11191],"tags":[],"class_list":["post-505226","post","type-post","status-publish","format-standard","has-post-thumbnail","hentry","category-canada","category-top-news"],"_links":{"self":[{"href":"https:\/\/diarioelpopular.com\/index.php\/wp-json\/wp\/v2\/posts\/505226","targetHints":{"allow":["GET"]}}],"collection":[{"href":"https:\/\/diarioelpopular.com\/index.php\/wp-json\/wp\/v2\/posts"}],"about":[{"href":"https:\/\/diarioelpopular.com\/index.php\/wp-json\/wp\/v2\/types\/post"}],"author":[{"embeddable":true,"href":"https:\/\/diarioelpopular.com\/index.php\/wp-json\/wp\/v2\/users\/99"}],"replies":[{"embeddable":true,"href":"https:\/\/diarioelpopular.com\/index.php\/wp-json\/wp\/v2\/comments?post=505226"}],"version-history":[{"count":1,"href":"https:\/\/diarioelpopular.com\/index.php\/wp-json\/wp\/v2\/posts\/505226\/revisions"}],"predecessor-version":[{"id":505229,"href":"https:\/\/diarioelpopular.com\/index.php\/wp-json\/wp\/v2\/posts\/505226\/revisions\/505229"}],"wp:featuredmedia":[{"embeddable":true,"href":"https:\/\/diarioelpopular.com\/index.php\/wp-json\/wp\/v2\/media\/505227"}],"wp:attachment":[{"href":"https:\/\/diarioelpopular.com\/index.php\/wp-json\/wp\/v2\/media?parent=505226"}],"wp:term":[{"taxonomy":"category","embeddable":true,"href":"https:\/\/diarioelpopular.com\/index.php\/wp-json\/wp\/v2\/categories?post=505226"},{"taxonomy":"post_tag","embeddable":true,"href":"https:\/\/diarioelpopular.com\/index.php\/wp-json\/wp\/v2\/tags?post=505226"}],"curies":[{"name":"wp","href":"https:\/\/api.w.org\/{rel}","templated":true}]}}