{"id":505231,"date":"2022-09-06T08:45:20","date_gmt":"2022-09-06T12:45:20","guid":{"rendered":"https:\/\/diarioelpopular.com\/?p=505231"},"modified":"2022-09-06T08:45:20","modified_gmt":"2022-09-06T12:45:20","slug":"la-mayoria-de-los-estudiantes-de-ontario-regresan-a-la-escuela-sin-restricciones-de-covid","status":"publish","type":"post","link":"https:\/\/diarioelpopular.com\/index.php\/2022\/09\/06\/la-mayoria-de-los-estudiantes-de-ontario-regresan-a-la-escuela-sin-restricciones-de-covid\/","title":{"rendered":"La mayor\u00eda de los estudiantes de Ontario regresan a la escuela sin restricciones de COVID"},"content":{"rendered":"<p><img loading=\"lazy\" decoding=\"async\" class=\"alignnone size-custom-full-size wp-image-505232\" src=\"https:\/\/diarioelpopular.com\/wp-content\/uploads\/2022\/09\/covid-que-20210309-636x358.jpg\" alt=\"\" width=\"636\" height=\"358\" srcset=\"https:\/\/diarioelpopular.com\/wp-content\/uploads\/2022\/09\/covid-que-20210309-636x358.jpg 636w, https:\/\/diarioelpopular.com\/wp-content\/uploads\/2022\/09\/covid-que-20210309-300x169.jpg 300w, https:\/\/diarioelpopular.com\/wp-content\/uploads\/2022\/09\/covid-que-20210309-768x432.jpg 768w, https:\/\/diarioelpopular.com\/wp-content\/uploads\/2022\/09\/covid-que-20210309-130x73.jpg 130w, https:\/\/diarioelpopular.com\/wp-content\/uploads\/2022\/09\/covid-que-20210309.jpg 780w\" sizes=\"auto, (max-width: 636px) 100vw, 636px\" \/><\/p>\n<p><em><strong>&#8211; Los estudiantes de gran parte de Ontario han regresado hoy a las aulas para el primer comienzo del a\u00f1o escolar sin las restricciones de COVID-19 desde que comenz\u00f3 la pandemia.<\/strong><\/em><\/p>\n<p>Los estudiantes de la provincia, que reanudan clases este martes o el mi\u00e9rcoles seg\u00fan el distrito, podr\u00e1n asistir a clase sin usar una m\u00e1scara, mientras que las lecciones presenciales prevalecer\u00e1n sobre las opciones remotas.<\/p>\n<p>Los estudiantes tambi\u00e9n tendr\u00e1n acceso a actividades extracurriculares por primera vez desde que comenz\u00f3 la pandemia, ya que el ministro de educaci\u00f3n de la provincia, Stephen Lecce, enfatiz\u00f3 la necesidad de volver a la &#8220;experiencia estudiantil completa&#8221; a principios de verano.<\/p>\n<p>El principal m\u00e9dico de Ontario anunci\u00f3 la semana pasada que las personas que dan positivo por COVID-19 ya no tienen que aislarse durante cinco d\u00edas, sino que pueden regresar al trabajo o la escuela una vez que la fiebre haya desaparecido y sus otros s\u00edntomas hayan mejorado durante al menos 24 horas.<\/p>\n<p>Moore dijo que las personas deben usar una m\u00e1scara durante 10 d\u00edas despu\u00e9s del inicio de los s\u00edntomas y mantenerse al d\u00eda con sus vacunas, y calific\u00f3 la combinaci\u00f3n como un enfoque &#8220;pragm\u00e1tico y pr\u00e1ctico&#8221; para los entornos laborales y escolares.<\/p>\n<p>Pero la Federaci\u00f3n de Maestros de Primaria de Ontario y la Federaci\u00f3n de Maestros de Escuelas Secundarias de Ontario dicen que les preocupa que permitir que los ni\u00f1os y los educadores regresen al aula mientras a\u00fan es potencialmente contagioso podr\u00eda causar que el virus se propague m\u00e1s r\u00e1pido en las escuelas.<\/p>\n","protected":false},"excerpt":{"rendered":"<p>&#8211; Los estudiantes de gran parte de Ontario han regresado hoy a las aulas para el primer comienzo del a\u00f1o escolar sin las restricciones de&hellip;<\/p>\n","protected":false},"author":99,"featured_media":505232,"comment_status":"open","ping_status":"open","sticky":false,"template":"","format":"standard","meta":{"footnotes":""},"categories":[21,11191],"tags":[],"class_list":["post-505231","post","type-post","status-publish","format-standard","has-post-thumbnail","hentry","category-canada","category-top-news"],"_links":{"self":[{"href":"https:\/\/diarioelpopular.com\/index.php\/wp-json\/wp\/v2\/posts\/505231","targetHints":{"allow":["GET"]}}],"collection":[{"href":"https:\/\/diarioelpopular.com\/index.php\/wp-json\/wp\/v2\/posts"}],"about":[{"href":"https:\/\/diarioelpopular.com\/index.php\/wp-json\/wp\/v2\/types\/post"}],"author":[{"embeddable":true,"href":"https:\/\/diarioelpopular.com\/index.php\/wp-json\/wp\/v2\/users\/99"}],"replies":[{"embeddable":true,"href":"https:\/\/diarioelpopular.com\/index.php\/wp-json\/wp\/v2\/comments?post=505231"}],"version-history":[{"count":1,"href":"https:\/\/diarioelpopular.com\/index.php\/wp-json\/wp\/v2\/posts\/505231\/revisions"}],"predecessor-version":[{"id":505233,"href":"https:\/\/diarioelpopular.com\/index.php\/wp-json\/wp\/v2\/posts\/505231\/revisions\/505233"}],"wp:featuredmedia":[{"embeddable":true,"href":"https:\/\/diarioelpopular.com\/index.php\/wp-json\/wp\/v2\/media\/505232"}],"wp:attachment":[{"href":"https:\/\/diarioelpopular.com\/index.php\/wp-json\/wp\/v2\/media?parent=505231"}],"wp:term":[{"taxonomy":"category","embeddable":true,"href":"https:\/\/diarioelpopular.com\/index.php\/wp-json\/wp\/v2\/categories?post=505231"},{"taxonomy":"post_tag","embeddable":true,"href":"https:\/\/diarioelpopular.com\/index.php\/wp-json\/wp\/v2\/tags?post=505231"}],"curies":[{"name":"wp","href":"https:\/\/api.w.org\/{rel}","templated":true}]}}