{"id":505237,"date":"2022-09-07T10:10:10","date_gmt":"2022-09-07T14:10:10","guid":{"rendered":"https:\/\/diarioelpopular.com\/?p=505237"},"modified":"2022-09-07T10:10:10","modified_gmt":"2022-09-07T14:10:10","slug":"la-tasa-de-interes-clave-del-banco-de-canada-aumenta-0-75-puntos-porcentuales-a-3-25","status":"publish","type":"post","link":"https:\/\/diarioelpopular.com\/index.php\/2022\/09\/07\/la-tasa-de-interes-clave-del-banco-de-canada-aumenta-0-75-puntos-porcentuales-a-3-25\/","title":{"rendered":"La tasa de inter\u00e9s clave del Banco de Canad\u00e1 aumenta 0,75 puntos porcentuales a 3,25%"},"content":{"rendered":"<p><img loading=\"lazy\" decoding=\"async\" class=\"alignnone size-custom-full-size wp-image-505238\" src=\"https:\/\/diarioelpopular.com\/wp-content\/uploads\/2022\/09\/20220906140932-631792dfe67c603bba784768jpeg-636x408.jpg\" alt=\"\" width=\"636\" height=\"408\" srcset=\"https:\/\/diarioelpopular.com\/wp-content\/uploads\/2022\/09\/20220906140932-631792dfe67c603bba784768jpeg-636x408.jpg 636w, https:\/\/diarioelpopular.com\/wp-content\/uploads\/2022\/09\/20220906140932-631792dfe67c603bba784768jpeg-300x192.jpg 300w, https:\/\/diarioelpopular.com\/wp-content\/uploads\/2022\/09\/20220906140932-631792dfe67c603bba784768jpeg-768x493.jpg 768w, https:\/\/diarioelpopular.com\/wp-content\/uploads\/2022\/09\/20220906140932-631792dfe67c603bba784768jpeg-85x55.jpg 85w, https:\/\/diarioelpopular.com\/wp-content\/uploads\/2022\/09\/20220906140932-631792dfe67c603bba784768jpeg-114x73.jpg 114w, https:\/\/diarioelpopular.com\/wp-content\/uploads\/2022\/09\/20220906140932-631792dfe67c603bba784768jpeg.jpg 1024w\" sizes=\"auto, (max-width: 636px) 100vw, 636px\" \/><\/p>\n<p><strong><em>&#8211; El Banco de Canad\u00e1 elev\u00f3 su tasa de inter\u00e9s de referencia tres cuartos de punto porcentual este mi\u00e9rcoles, intensificando sus esfuerzos para abordar los altos niveles de inflaci\u00f3n.<\/em><\/strong><\/p>\n<p><em><strong>OTTAWA.-<\/strong> <\/em>La tasa de pol\u00edtica clave del banco central ahora se ubica en 3.25 por ciento.<\/p>\n<p>Esto marca el quinto aumento de la tasa de inter\u00e9s en lo que va de 2022: la tasa de inter\u00e9s clave de Canad\u00e1 se situ\u00f3 en solo el 0,25 por ciento en enero.<\/p>\n<p>Los mercados y los economistas esperaban en gran medida el movimiento de 75 puntos b\u00e1sicos, que sigui\u00f3 a un aumento de la tasa de gran tama\u00f1o de un punto porcentual completo en julio.<\/p>\n<p>El Banco de Canad\u00e1 eleva las tasas de inter\u00e9s en un esfuerzo por quitar fuerza a la econom\u00eda canadiense y desalentar la demanda de gasto de los consumidores, lo que reduce el combustible interno para la inflaci\u00f3n.<\/p>\n<p>La tasa de inflaci\u00f3n anual alcanz\u00f3 el 7,6 por ciento en julio, un ligero descenso desde el 8,1 por ciento de junio, ya que los precios de la gasolina cayeron en todo Canad\u00e1.<\/p>\n","protected":false},"excerpt":{"rendered":"<p>&#8211; El Banco de Canad\u00e1 elev\u00f3 su tasa de inter\u00e9s de referencia tres cuartos de punto porcentual este mi\u00e9rcoles, intensificando sus esfuerzos para abordar los&hellip;<\/p>\n","protected":false},"author":99,"featured_media":505238,"comment_status":"open","ping_status":"open","sticky":false,"template":"","format":"standard","meta":{"footnotes":""},"categories":[21,11191],"tags":[],"class_list":["post-505237","post","type-post","status-publish","format-standard","has-post-thumbnail","hentry","category-canada","category-top-news"],"_links":{"self":[{"href":"https:\/\/diarioelpopular.com\/index.php\/wp-json\/wp\/v2\/posts\/505237","targetHints":{"allow":["GET"]}}],"collection":[{"href":"https:\/\/diarioelpopular.com\/index.php\/wp-json\/wp\/v2\/posts"}],"about":[{"href":"https:\/\/diarioelpopular.com\/index.php\/wp-json\/wp\/v2\/types\/post"}],"author":[{"embeddable":true,"href":"https:\/\/diarioelpopular.com\/index.php\/wp-json\/wp\/v2\/users\/99"}],"replies":[{"embeddable":true,"href":"https:\/\/diarioelpopular.com\/index.php\/wp-json\/wp\/v2\/comments?post=505237"}],"version-history":[{"count":1,"href":"https:\/\/diarioelpopular.com\/index.php\/wp-json\/wp\/v2\/posts\/505237\/revisions"}],"predecessor-version":[{"id":505239,"href":"https:\/\/diarioelpopular.com\/index.php\/wp-json\/wp\/v2\/posts\/505237\/revisions\/505239"}],"wp:featuredmedia":[{"embeddable":true,"href":"https:\/\/diarioelpopular.com\/index.php\/wp-json\/wp\/v2\/media\/505238"}],"wp:attachment":[{"href":"https:\/\/diarioelpopular.com\/index.php\/wp-json\/wp\/v2\/media?parent=505237"}],"wp:term":[{"taxonomy":"category","embeddable":true,"href":"https:\/\/diarioelpopular.com\/index.php\/wp-json\/wp\/v2\/categories?post=505237"},{"taxonomy":"post_tag","embeddable":true,"href":"https:\/\/diarioelpopular.com\/index.php\/wp-json\/wp\/v2\/tags?post=505237"}],"curies":[{"name":"wp","href":"https:\/\/api.w.org\/{rel}","templated":true}]}}