{"id":505256,"date":"2022-09-08T08:03:28","date_gmt":"2022-09-08T12:03:28","guid":{"rendered":"https:\/\/diarioelpopular.com\/?p=505256"},"modified":"2022-09-08T08:03:28","modified_gmt":"2022-09-08T12:03:28","slug":"gobierno-anuncia-aumento-de-reembolso-de-gst-en-nuevo-plan-de-asequibilidad","status":"publish","type":"post","link":"https:\/\/diarioelpopular.com\/index.php\/2022\/09\/08\/gobierno-anuncia-aumento-de-reembolso-de-gst-en-nuevo-plan-de-asequibilidad\/","title":{"rendered":"Gobierno anuncia aumento de reembolso de GST en nuevo plan de asequibilidad"},"content":{"rendered":"<p>&nbsp;<\/p>\n<p><img loading=\"lazy\" decoding=\"async\" class=\"alignnone size-custom-full-size wp-image-505257\" src=\"https:\/\/diarioelpopular.com\/wp-content\/uploads\/2022\/09\/cabinet-shuffle-20220831-636x358.jpg\" alt=\"\" width=\"636\" height=\"358\" srcset=\"https:\/\/diarioelpopular.com\/wp-content\/uploads\/2022\/09\/cabinet-shuffle-20220831-636x358.jpg 636w, https:\/\/diarioelpopular.com\/wp-content\/uploads\/2022\/09\/cabinet-shuffle-20220831-300x169.jpg 300w, https:\/\/diarioelpopular.com\/wp-content\/uploads\/2022\/09\/cabinet-shuffle-20220831-768x432.jpg 768w, https:\/\/diarioelpopular.com\/wp-content\/uploads\/2022\/09\/cabinet-shuffle-20220831-130x73.jpg 130w, https:\/\/diarioelpopular.com\/wp-content\/uploads\/2022\/09\/cabinet-shuffle-20220831.jpg 780w\" sizes=\"auto, (max-width: 636px) 100vw, 636px\" \/><\/p>\n<p><em><strong>&#8211; El gobierno federal tiene la intenci\u00f3n de aumentar temporalmente los cheques de reembolso de GST en un intento por aliviar parte del da\u00f1o de la inflaci\u00f3n para los canadienses de bajos ingresos.<\/strong><\/em><\/p>\n<p><em><strong>OTTAWA.-<\/strong><\/em> El primer ministro Justin Trudeau anunciar\u00e1 un plan triple para abordar la asequibilidad en el retiro del gabinete liberal en Vancouver el jueves.<\/p>\n<p>Los ministros del gabinete se est\u00e1n reuniendo antes de la sesi\u00f3n de oto\u00f1o del Parlamento con la econom\u00eda y la crisis del costo de vida en mente.<\/p>\n<p>Dos fuentes federales familiarizadas con el plan dicen que buscar\u00e1 duplicar algunos pagos de GST durante seis meses, incluir ayuda para los canadienses que luchan por pagar el alquiler y lanzar el primer paso de un programa nacional de atenci\u00f3n dental.<\/p>\n<p>Canadian Press otorg\u00f3 a las fuentes el anonimato para discutir asuntos que a\u00fan no se han hecho p\u00fablicos.<\/p>\n<p>Ambas son demandas clave del PND en el acuerdo de confianza y suministro que ese partido hizo con los liberales.<\/p>\n<p>El l\u00edder del NDP, Jagmeet Singh, ha dejado en claro que no avanzar en esas prioridades podr\u00eda matar ese pacto que ver\u00eda a sus parlamentarios apoyar al gobierno de la minor\u00eda liberal en votaciones clave hasta 2025.<\/p>\n<p>Singh tambi\u00e9n ha estado solicitando complementos para el reembolso del GST y el beneficio por hijo de Canad\u00e1, pero ninguno de los dos se incluy\u00f3 en el acuerdo con los liberales.<\/p>\n<p>No se espera que Canada Child Benefit se incluya en el plan actual, pero un aumento en los pagos de GST durante seis meses es parte de \u00e9l.<\/p>\n<p>Los canadienses con ingresos bajos y modestos basados \u200b\u200ben sus declaraciones de impuestos anuales reciben un cheque GST cada tres meses como un tipo de reembolso por parte del GST que pagan.<\/p>\n<p>El beneficio actual es de hasta $467 al a\u00f1o para una sola persona con un ingreso m\u00e1ximo de poco m\u00e1s de $49,000, $612 para parejas casadas o en uni\u00f3n libre y otros $161 para ni\u00f1os menores de 19 a\u00f1os. La cantidad recibida se ajusta en funci\u00f3n de los ingresos.<\/p>\n<p>Los pagos est\u00e1n indexados a la inflaci\u00f3n, pero el aumento en 2022 se basa en la inflaci\u00f3n en 2021, lo que significa que los pagos del cr\u00e9dito GST y la mayor\u00eda de los dem\u00e1s beneficios federales aumentaron un 2,4 por ciento.<\/p>\n<p>La inflaci\u00f3n promedi\u00f3 m\u00e1s del doble en los primeros siete meses de 2022.<\/p>\n<p>La reuni\u00f3n del gabinete se produce casi un a\u00f1o despu\u00e9s de que los liberales se mantuvieran en el poder en las elecciones de 2021, pero tambi\u00e9n d\u00edas antes de que se nombre un nuevo l\u00edder conservador.<\/p>\n<p>Trudeau inaugur\u00f3 la reuni\u00f3n de gabinete del mi\u00e9rcoles con un discurso en el que reconoci\u00f3 que Canad\u00e1 y el mundo enfrentan grandes desaf\u00edos, pero que tiene energ\u00eda para seguir adelante y lograr las soluciones que planea el gobierno liberal.<\/p>\n<p>Sus comentarios, confirmados a The Canadian Press por dos fuentes con conocimiento de lo dicho, coincidieron con sus repetidas afirmaciones, tanto en p\u00fablico como en privado, de que no tiene intenci\u00f3n de renunciar antes de las pr\u00f3ximas elecciones.<\/p>\n<p>Los ministros fueron informados en su reuni\u00f3n del mi\u00e9rcoles por la tarde por Michael Sabia, quien es el viceministro de finanzas, y economistas del sector privado, quienes ayudaron a pintar una imagen tanto de la econom\u00eda de Canad\u00e1 y las presiones inflacionarias como de la situaci\u00f3n global.<\/p>\n<p>La ministra de Finanzas, Chrystia Freeland, dijo el mi\u00e9rcoles que habr\u00eda discusiones alrededor de la mesa sobre la mejor manera de ayudar a los canadienses a sentir m\u00e1s los efectos de la inflaci\u00f3n, pero sin alterar el equilibrio fiscal federal.<\/p>\n<p>El presupuesto liberal prometi\u00f3 introducir un plan nacional de atenci\u00f3n dental comenzando con cobertura para ni\u00f1os menores de 12 a\u00f1os en familias con un ingreso familiar inferior a $90,000.<\/p>\n<p>Se esperaba que la primera fase costara $ 300 millones, aumentando a $ 1.7 mil millones anuales una vez que se implement\u00f3 un plan completo de atenci\u00f3n dental.<\/p>\n<p>Es un proceso complicado porque la prestaci\u00f3n de servicios de salud es una responsabilidad provincial y la mayor\u00eda de las provincias ya tienen alg\u00fan tipo de cobertura de atenci\u00f3n dental para familias de bajos ingresos.<\/p>\n<p>Se presupuest\u00f3 que un complemento \u00fanico de $ 500 para la asignaci\u00f3n de vivienda de este a\u00f1o costar\u00eda $ 475 millones.<\/p>\n","protected":false},"excerpt":{"rendered":"<p>&nbsp; &#8211; El gobierno federal tiene la intenci\u00f3n de aumentar temporalmente los cheques de reembolso de GST en un intento por aliviar parte del da\u00f1o&hellip;<\/p>\n","protected":false},"author":99,"featured_media":505257,"comment_status":"open","ping_status":"open","sticky":false,"template":"","format":"standard","meta":{"footnotes":""},"categories":[21,11191],"tags":[],"class_list":["post-505256","post","type-post","status-publish","format-standard","has-post-thumbnail","hentry","category-canada","category-top-news"],"_links":{"self":[{"href":"https:\/\/diarioelpopular.com\/index.php\/wp-json\/wp\/v2\/posts\/505256","targetHints":{"allow":["GET"]}}],"collection":[{"href":"https:\/\/diarioelpopular.com\/index.php\/wp-json\/wp\/v2\/posts"}],"about":[{"href":"https:\/\/diarioelpopular.com\/index.php\/wp-json\/wp\/v2\/types\/post"}],"author":[{"embeddable":true,"href":"https:\/\/diarioelpopular.com\/index.php\/wp-json\/wp\/v2\/users\/99"}],"replies":[{"embeddable":true,"href":"https:\/\/diarioelpopular.com\/index.php\/wp-json\/wp\/v2\/comments?post=505256"}],"version-history":[{"count":1,"href":"https:\/\/diarioelpopular.com\/index.php\/wp-json\/wp\/v2\/posts\/505256\/revisions"}],"predecessor-version":[{"id":505258,"href":"https:\/\/diarioelpopular.com\/index.php\/wp-json\/wp\/v2\/posts\/505256\/revisions\/505258"}],"wp:featuredmedia":[{"embeddable":true,"href":"https:\/\/diarioelpopular.com\/index.php\/wp-json\/wp\/v2\/media\/505257"}],"wp:attachment":[{"href":"https:\/\/diarioelpopular.com\/index.php\/wp-json\/wp\/v2\/media?parent=505256"}],"wp:term":[{"taxonomy":"category","embeddable":true,"href":"https:\/\/diarioelpopular.com\/index.php\/wp-json\/wp\/v2\/categories?post=505256"},{"taxonomy":"post_tag","embeddable":true,"href":"https:\/\/diarioelpopular.com\/index.php\/wp-json\/wp\/v2\/tags?post=505256"}],"curies":[{"name":"wp","href":"https:\/\/api.w.org\/{rel}","templated":true}]}}