{"id":505305,"date":"2022-09-10T10:57:44","date_gmt":"2022-09-10T14:57:44","guid":{"rendered":"https:\/\/diarioelpopular.com\/?p=505305"},"modified":"2022-09-10T10:57:44","modified_gmt":"2022-09-10T14:57:44","slug":"es-la-militarizacion-de-mexico-por-que-causa-polemica-que-la-guardia-nacional-pase-a-depender-de-la-secretaria-de-defensa","status":"publish","type":"post","link":"https:\/\/diarioelpopular.com\/index.php\/2022\/09\/10\/es-la-militarizacion-de-mexico-por-que-causa-polemica-que-la-guardia-nacional-pase-a-depender-de-la-secretaria-de-defensa\/","title":{"rendered":"&#8220;Es la militarizaci\u00f3n de M\u00e9xico&#8221;: por qu\u00e9 causa pol\u00e9mica que la Guardia Nacional pase a depender de la Secretar\u00eda de Defensa"},"content":{"rendered":"<p><img loading=\"lazy\" decoding=\"async\" class=\"alignnone size-custom-full-size wp-image-505306\" src=\"https:\/\/diarioelpopular.com\/wp-content\/uploads\/2022\/09\/126658137_8c40443a-8f9a-436c-baef-e9b7296806fc-636x358.jpg\" alt=\"\" width=\"636\" height=\"358\" srcset=\"https:\/\/diarioelpopular.com\/wp-content\/uploads\/2022\/09\/126658137_8c40443a-8f9a-436c-baef-e9b7296806fc-636x358.jpg 636w, https:\/\/diarioelpopular.com\/wp-content\/uploads\/2022\/09\/126658137_8c40443a-8f9a-436c-baef-e9b7296806fc-300x169.jpg 300w, https:\/\/diarioelpopular.com\/wp-content\/uploads\/2022\/09\/126658137_8c40443a-8f9a-436c-baef-e9b7296806fc-768x432.jpg 768w, https:\/\/diarioelpopular.com\/wp-content\/uploads\/2022\/09\/126658137_8c40443a-8f9a-436c-baef-e9b7296806fc-130x73.jpg 130w, https:\/\/diarioelpopular.com\/wp-content\/uploads\/2022\/09\/126658137_8c40443a-8f9a-436c-baef-e9b7296806fc.jpg 800w\" sizes=\"auto, (max-width: 636px) 100vw, 636px\" \/><\/p>\n<p><em>La reforma legal que har\u00e1 que la Guardia Nacional est\u00e9 adscrita a la Secretar\u00eda de Defensa ha enfrentado muchas protestas en M\u00e9xico.<\/em><\/p>\n<p>&nbsp;<\/p>\n<div class=\"bbc-19j92fr ebmt73l0\" dir=\"ltr\">\n<p class=\"bbc-hhl7in e17g058b0\" dir=\"ltr\"><b>&#8220;Cambi\u00e9 de opini\u00f3n&#8221;.<\/b><\/p>\n<\/div>\n<div class=\"bbc-19j92fr ebmt73l0\" dir=\"ltr\">\n<p class=\"bbc-hhl7in e17g058b0\" dir=\"ltr\">Andr\u00e9s Manuel L\u00f3pez Obrador justific\u00f3 as\u00ed esta semana por qu\u00e9 no obligar\u00e1 a que los militares regresen a los cuarteles y abandonen las tareas de seguridad p\u00fablica en M\u00e9xico, tal y como propuso en repetidas ocasiones antes de convertirse en presidente del pa\u00eds.<\/p>\n<\/div>\n<div class=\"bbc-19j92fr ebmt73l0\" dir=\"ltr\">\n<p class=\"bbc-hhl7in e17g058b0\" dir=\"ltr\">Su firme apuesta por el ej\u00e9rcito, a quien ha confiado incluso la construcci\u00f3n de proyectos de infraestructura emblem\u00e1ticos de su mandato, dio de hecho un paso m\u00e1s en la madrugada de este viernes cuando qued\u00f3 aprobada en el Senado una reforma legislativa impulsada por el gobierno\u00a0para transferir la Guardia Nacional -una fuerza creada bajo mando civil- a la Secretar\u00eda de la Defensa Nacional (Sedena).<\/p>\n<\/div>\n<div class=\"bbc-19j92fr ebmt73l0\" dir=\"ltr\">\n<p class=\"bbc-hhl7in e17g058b0\" dir=\"ltr\">La decisi\u00f3n de apartar este cuerpo de la Secretar\u00eda de Seguridad y Protecci\u00f3n Ciudadana para que forme parte de la dependencia que aglutina al ej\u00e9rcito y la Fuerza A\u00e9rea caus\u00f3 una gran pol\u00e9mica, entre cr\u00edticas por lo que muchos organismos interpretan\u00a0como una clara y progresiva militarizaci\u00f3n del pa\u00eds.<\/p>\n<\/div>\n<div class=\"bbc-19j92fr ebmt73l0\" dir=\"ltr\">\n<p class=\"bbc-hhl7in e17g058b0\" dir=\"ltr\">Entre los se\u00f1alamientos m\u00e1s frecuentes, est\u00e1 el hecho de que los militares no est\u00e1n formados con un enfoque de seguridad ciudadana adecuado para tratar con civiles, sin olvidar los numerosos casos de torturas o desapariciones forzadas que han salpicado hist\u00f3ricamente al ej\u00e9rcito mexicano. &#8220;Militarizar la seguridad p\u00fablica\u00a0generar\u00e1 m\u00e1s violaciones de derechos humanos&#8221;,\u00a0dijo Amnist\u00eda Internacional este viernes.<\/p>\n<\/div>\n<div class=\"bbc-19j92fr ebmt73l0\" dir=\"ltr\">\n<p class=\"bbc-hhl7in e17g058b0\" dir=\"ltr\">L\u00f3pez Obrador, sin embargo, defiende que este movimiento es crucial para continuar luchando contra la violencia que sigue imperando en el pa\u00eds y este viernes agradeci\u00f3 a los senadores la aprobaci\u00f3n de la reforma &#8220;para que la Guardia Nacional est\u00e9 operada,\u00a0tenga la tutela, la gu\u00eda, el ejemplo de la Sedena&#8221;,\u00a0dijo.<\/p>\n<\/div>\n<div class=\"bbc-19j92fr ebmt73l0\" dir=\"ltr\">\n<p class=\"bbc-hhl7in e17g058b0\" dir=\"ltr\">&#8220;Nos vemos en la Corte&#8221;, se le\u00eda en una pancarta de la oposici\u00f3n en el Senado durante la votaci\u00f3n, dado que la Constituci\u00f3n mexicana contempla que las instituciones de seguridad p\u00fablica deben ser de car\u00e1cter civil y que abre la puerta a una previsible fase de recursos judiciales contra esta reforma.<\/p>\n<\/div>\n<div class=\"bbc-1ka88fa ebmt73l0\" dir=\"ltr\">\n<figure class=\"bbc-1qdcvv9 e1aczekt0\">\n<div class=\"bbc-172p16q ebmt73l0\" dir=\"ltr\">\n<div class=\"bbc-172p16q ebmt73l0\" dir=\"ltr\">\n<div class=\"bbc-189y18v ebmt73l0\" dir=\"ltr\">\n<div class=\"bbc-997y1y eihqrxw0\" data-e2e=\"image-placeholder\">\n<div class=\"lazyload-wrapper \"><picture class=\"bbc-yfiktt e1mo64ex1\"><source srcset=\"https:\/\/ichef.bbci.co.uk\/news\/240\/cpsprodpb\/CFC1\/production\/_126658135_ef7504b5-ace7-475d-8fbe-4d0c4458788a.jpg.webp 240w, https:\/\/ichef.bbci.co.uk\/news\/320\/cpsprodpb\/CFC1\/production\/_126658135_ef7504b5-ace7-475d-8fbe-4d0c4458788a.jpg.webp 320w, https:\/\/ichef.bbci.co.uk\/news\/480\/cpsprodpb\/CFC1\/production\/_126658135_ef7504b5-ace7-475d-8fbe-4d0c4458788a.jpg.webp 480w, https:\/\/ichef.bbci.co.uk\/news\/624\/cpsprodpb\/CFC1\/production\/_126658135_ef7504b5-ace7-475d-8fbe-4d0c4458788a.jpg.webp 624w, https:\/\/ichef.bbci.co.uk\/news\/800\/cpsprodpb\/CFC1\/production\/_126658135_ef7504b5-ace7-475d-8fbe-4d0c4458788a.jpg.webp 800w\" type=\"image\/webp\" sizes=\"(min-width: 1008px) 645px, 100vw\" \/><source srcset=\"https:\/\/ichef.bbci.co.uk\/news\/240\/cpsprodpb\/CFC1\/production\/_126658135_ef7504b5-ace7-475d-8fbe-4d0c4458788a.jpg 240w, https:\/\/ichef.bbci.co.uk\/news\/320\/cpsprodpb\/CFC1\/production\/_126658135_ef7504b5-ace7-475d-8fbe-4d0c4458788a.jpg 320w, https:\/\/ichef.bbci.co.uk\/news\/480\/cpsprodpb\/CFC1\/production\/_126658135_ef7504b5-ace7-475d-8fbe-4d0c4458788a.jpg 480w, https:\/\/ichef.bbci.co.uk\/news\/624\/cpsprodpb\/CFC1\/production\/_126658135_ef7504b5-ace7-475d-8fbe-4d0c4458788a.jpg 624w, https:\/\/ichef.bbci.co.uk\/news\/800\/cpsprodpb\/CFC1\/production\/_126658135_ef7504b5-ace7-475d-8fbe-4d0c4458788a.jpg 800w\" type=\"image\/jpeg\" sizes=\"(min-width: 1008px) 645px, 100vw\" \/><img loading=\"lazy\" decoding=\"async\" class=\"e3vrtyk0 bbc-rb7xa0 e1mo64ex0\" src=\"https:\/\/ichef.bbci.co.uk\/news\/640\/cpsprodpb\/CFC1\/production\/_126658135_ef7504b5-ace7-475d-8fbe-4d0c4458788a.jpg\" alt=\"Senado mexicano\" width=\"976\" height=\"549\" \/><\/picture><\/div>\n<\/div>\n<\/div>\n<\/div>\n<\/div><figcaption class=\"bbc-rhuvwm e6i104o0\" dir=\"ltr\"><em>El Senado mexicano discuti\u00f3 la reforma sobre la Guardia Nacional durante casi 14 horas hasta la madrugada del viernes.<\/em><\/p>\n<p><em><span class=\"bbc-1gnhmg2 ed7bp6y0\">FUENTE DE LA IMAGEN,<\/span><span lang=\"en-GB\">REUTERS<\/span><\/em><\/p>\n<\/figcaption><div class=\"bbc-172p16q ebmt73l0\" dir=\"ltr\">\n<div class=\"bbc-3edg7g ebmt73l0\" dir=\"ltr\"><\/div>\n<\/div>\n<\/figure>\n<\/div>\n<div class=\"bbc-19j92fr ebmt73l0\" dir=\"ltr\">\n<h2 id=\"Acusaciones-de-militarizaci\u00f3n\" class=\"bbc-1f03ibc eglt09e0\" tabindex=\"-1\">Acusaciones de militarizaci\u00f3n<\/h2>\n<\/div>\n<div class=\"bbc-19j92fr ebmt73l0\" dir=\"ltr\">\n<p class=\"bbc-hhl7in e17g058b0\" dir=\"ltr\">La Guardia Nacional fue creada en mayo de 2019 por iniciativa de L\u00f3pez Obrador como una instituci\u00f3n de car\u00e1cter civil y encargada de realizar tareas de seguridad p\u00fablica para reemplazar a la ya desaparecida Polic\u00eda Federal, sobre la que pesaban numerosas denuncias por corrupci\u00f3n.<\/p>\n<\/div>\n<div class=\"bbc-19j92fr ebmt73l0\" dir=\"ltr\">\n<p class=\"bbc-hhl7in e17g058b0\" dir=\"ltr\">Aunque la reforma constitucional que dio lugar a su creaci\u00f3n tambi\u00e9n establec\u00eda entonces que los militares se retirar\u00edan de las calles en 2024, esto ya no ser\u00e1 posible ahora que la propia Guardia Nacional pasar\u00e1 a formar parte de la Sedena.<\/p>\n<\/div>\n<div class=\"bbc-19j92fr ebmt73l0\" dir=\"ltr\">\n<p class=\"bbc-hhl7in e17g058b0\" dir=\"ltr\">Y, si bien en la pr\u00e1ctica ya actuaba como un cuerpo bajo control militar -el 80% de sus 110.000 efectivos en 242 cuarteles provienen del ej\u00e9rcito y la Marina-, esta reforma legal reafirma oficialmente el esp\u00edritu castrense de la Guardia Nacional.<\/p>\n<\/div>\n<div class=\"bbc-1ka88fa ebmt73l0\" dir=\"ltr\">\n<figure class=\"bbc-1qdcvv9 e1aczekt0\">\n<div class=\"bbc-172p16q ebmt73l0\" dir=\"ltr\">\n<div class=\"bbc-189y18v ebmt73l0\" dir=\"ltr\">\n<div class=\"bbc-997y1y eihqrxw0\" data-e2e=\"image-placeholder\">\n<div class=\"lazyload-wrapper \"><picture class=\"bbc-yfiktt e1mo64ex1\"><source srcset=\"https:\/\/ichef.bbci.co.uk\/news\/240\/cpsprodpb\/A271\/production\/_126658514_41d2e783-ea8a-4b06-bc7b-6a8a647e1d8e.jpg.webp 240w, https:\/\/ichef.bbci.co.uk\/news\/320\/cpsprodpb\/A271\/production\/_126658514_41d2e783-ea8a-4b06-bc7b-6a8a647e1d8e.jpg.webp 320w, https:\/\/ichef.bbci.co.uk\/news\/480\/cpsprodpb\/A271\/production\/_126658514_41d2e783-ea8a-4b06-bc7b-6a8a647e1d8e.jpg.webp 480w, https:\/\/ichef.bbci.co.uk\/news\/624\/cpsprodpb\/A271\/production\/_126658514_41d2e783-ea8a-4b06-bc7b-6a8a647e1d8e.jpg.webp 624w, https:\/\/ichef.bbci.co.uk\/news\/800\/cpsprodpb\/A271\/production\/_126658514_41d2e783-ea8a-4b06-bc7b-6a8a647e1d8e.jpg.webp 800w\" type=\"image\/webp\" sizes=\"(min-width: 1008px) 645px, 100vw\" \/><source srcset=\"https:\/\/ichef.bbci.co.uk\/news\/240\/cpsprodpb\/A271\/production\/_126658514_41d2e783-ea8a-4b06-bc7b-6a8a647e1d8e.jpg 240w, https:\/\/ichef.bbci.co.uk\/news\/320\/cpsprodpb\/A271\/production\/_126658514_41d2e783-ea8a-4b06-bc7b-6a8a647e1d8e.jpg 320w, https:\/\/ichef.bbci.co.uk\/news\/480\/cpsprodpb\/A271\/production\/_126658514_41d2e783-ea8a-4b06-bc7b-6a8a647e1d8e.jpg 480w, https:\/\/ichef.bbci.co.uk\/news\/624\/cpsprodpb\/A271\/production\/_126658514_41d2e783-ea8a-4b06-bc7b-6a8a647e1d8e.jpg 624w, https:\/\/ichef.bbci.co.uk\/news\/800\/cpsprodpb\/A271\/production\/_126658514_41d2e783-ea8a-4b06-bc7b-6a8a647e1d8e.jpg 800w\" type=\"image\/jpeg\" sizes=\"(min-width: 1008px) 645px, 100vw\" \/><img loading=\"lazy\" decoding=\"async\" class=\"e3vrtyk0 bbc-rb7xa0 e1mo64ex0\" src=\"https:\/\/ichef.bbci.co.uk\/news\/640\/cpsprodpb\/A271\/production\/_126658514_41d2e783-ea8a-4b06-bc7b-6a8a647e1d8e.jpg\" alt=\"Guardia Nacional\" width=\"976\" height=\"549\" \/><\/picture><\/div>\n<p class=\"bbc-1s1cxbv ewbcsnk0\" role=\"text\"><em><span class=\"bbc-1gnhmg2 ed7bp6y0\">FUENTE DE LA IMAGEN,<\/span><span lang=\"en-GB\">REUTERS<\/span><\/em><\/p>\n<\/div>\n<\/div>\n<\/div>\n<\/figure>\n<\/div>\n<div class=\"bbc-19j92fr ebmt73l0\" dir=\"ltr\">\n<p class=\"bbc-hhl7in e17g058b0\" dir=\"ltr\">&#8220;Es una clara militarizaci\u00f3n de\u00a0M\u00e9xico.\u00a0Y no es solo entregar la seguridad p\u00fablica al ej\u00e9rcito: es tambi\u00e9n aumentar el poder que ya tiene, lo que es peligroso y preocupante&#8221;, dice\u00a0Cristina Reyes,\u00a0directora de Litigio Estrat\u00e9gico de la asociaci\u00f3n civil M\u00e9xico Unido Contra la Delincuencia (MUCD).<\/p>\n<\/div>\n<div class=\"bbc-19j92fr ebmt73l0\" dir=\"ltr\">\n<p class=\"bbc-hhl7in e17g058b0\" dir=\"ltr\">&#8220;La profundizaci\u00f3n de la militarizaci\u00f3n en la administraci\u00f3n p\u00fablica va a ser muy dif\u00edcil de revertir en los pr\u00f3ximos a\u00f1os&#8221;, alerta en entrevista con BBC Mundo<\/p>\n<\/div>\n<div class=\"bbc-19j92fr ebmt73l0\" dir=\"ltr\">\n<p class=\"bbc-hhl7in e17g058b0\" dir=\"ltr\">L\u00f3pez Obrador, sin embargo, neg\u00f3 tales acusaciones.<\/p>\n<\/div>\n<div class=\"bbc-19j92fr ebmt73l0\" dir=\"ltr\">\n<p class=\"bbc-hhl7in e17g058b0\" dir=\"ltr\">&#8220;El prop\u00f3sito no es militarizar o ir al autoritarismo,\u00a0sino cuidar con la vigilancia de la Secretar\u00eda de la Defensa el crecimiento sano de la que debe ser la principal instituci\u00f3n de seguridad p\u00fablica del pa\u00eds&#8221;, dijo esta semana.<\/p>\n<\/div>\n<div class=\"bbc-1ka88fa ebmt73l0\" dir=\"ltr\">\n<figure class=\"bbc-1qdcvv9 e1aczekt0\">\n<div class=\"bbc-172p16q ebmt73l0\" dir=\"ltr\">\n<div class=\"bbc-189y18v ebmt73l0\" dir=\"ltr\">\n<div class=\"bbc-997y1y eihqrxw0\" data-e2e=\"image-placeholder\">\n<div class=\"lazyload-wrapper \"><picture class=\"bbc-yfiktt e1mo64ex1\"><source srcset=\"https:\/\/ichef.bbci.co.uk\/news\/240\/cpsprodpb\/81A1\/production\/_126658133_c38f5e0c-e531-4462-ad58-ffc4864a6ac9.jpg.webp 240w, https:\/\/ichef.bbci.co.uk\/news\/320\/cpsprodpb\/81A1\/production\/_126658133_c38f5e0c-e531-4462-ad58-ffc4864a6ac9.jpg.webp 320w, https:\/\/ichef.bbci.co.uk\/news\/480\/cpsprodpb\/81A1\/production\/_126658133_c38f5e0c-e531-4462-ad58-ffc4864a6ac9.jpg.webp 480w, https:\/\/ichef.bbci.co.uk\/news\/624\/cpsprodpb\/81A1\/production\/_126658133_c38f5e0c-e531-4462-ad58-ffc4864a6ac9.jpg.webp 624w, https:\/\/ichef.bbci.co.uk\/news\/800\/cpsprodpb\/81A1\/production\/_126658133_c38f5e0c-e531-4462-ad58-ffc4864a6ac9.jpg.webp 800w\" type=\"image\/webp\" sizes=\"(min-width: 1008px) 645px, 100vw\" \/><source srcset=\"https:\/\/ichef.bbci.co.uk\/news\/240\/cpsprodpb\/81A1\/production\/_126658133_c38f5e0c-e531-4462-ad58-ffc4864a6ac9.jpg 240w, https:\/\/ichef.bbci.co.uk\/news\/320\/cpsprodpb\/81A1\/production\/_126658133_c38f5e0c-e531-4462-ad58-ffc4864a6ac9.jpg 320w, https:\/\/ichef.bbci.co.uk\/news\/480\/cpsprodpb\/81A1\/production\/_126658133_c38f5e0c-e531-4462-ad58-ffc4864a6ac9.jpg 480w, https:\/\/ichef.bbci.co.uk\/news\/624\/cpsprodpb\/81A1\/production\/_126658133_c38f5e0c-e531-4462-ad58-ffc4864a6ac9.jpg 624w, https:\/\/ichef.bbci.co.uk\/news\/800\/cpsprodpb\/81A1\/production\/_126658133_c38f5e0c-e531-4462-ad58-ffc4864a6ac9.jpg 800w\" type=\"image\/jpeg\" sizes=\"(min-width: 1008px) 645px, 100vw\" \/><img loading=\"lazy\" decoding=\"async\" class=\"e3vrtyk0 bbc-rb7xa0 e1mo64ex0\" src=\"https:\/\/ichef.bbci.co.uk\/news\/640\/cpsprodpb\/81A1\/production\/_126658133_c38f5e0c-e531-4462-ad58-ffc4864a6ac9.jpg\" alt=\"Miembro de la Guardia Nacional en la revision de un auto\" width=\"976\" height=\"549\" \/><\/picture><\/div>\n<p class=\"bbc-1s1cxbv ewbcsnk0\" role=\"text\"><em><span class=\"bbc-1gnhmg2 ed7bp6y0\">FUENTE DE LA IMAGEN,<\/span><span lang=\"en-GB\">REUTERS<\/span><\/em><\/p>\n<\/div>\n<\/div>\n<\/div>\n<\/figure>\n<\/div>\n<div class=\"bbc-19j92fr ebmt73l0\" dir=\"ltr\">\n<h2 id=\"Respuesta-a-la-inseguridad\" class=\"bbc-1f03ibc eglt09e0\" tabindex=\"-1\">Respuesta a la inseguridad<\/h2>\n<\/div>\n<div class=\"bbc-19j92fr ebmt73l0\" dir=\"ltr\">\n<p class=\"bbc-hhl7in e17g058b0\" dir=\"ltr\">El mandatario justific\u00f3 su cambio de estrategia respecto a la retirada de las Fuerzas Armadas de las calles debido, dijo, a que resultaron la mejor opci\u00f3n de enfrentar los niveles de violencia que exist\u00edan cuando inici\u00f3 su mandato y a que considera que otorgarle un car\u00e1cter militar ayudar\u00e1 a su buen funcionamiento.<\/p>\n<\/div>\n<div class=\"bbc-19j92fr ebmt73l0\" dir=\"ltr\">\n<p class=\"bbc-hhl7in e17g058b0\" dir=\"ltr\">&#8220;S\u00ed, s\u00ed cambi\u00e9 de opini\u00f3n ya viendo el problema que me heredaron.\u00a0\u00bfC\u00f3mo enfrentar el problema de la inseguridad?&#8221;, reconoci\u00f3.<\/p>\n<\/div>\n<div class=\"bbc-1ka88fa ebmt73l0\" dir=\"ltr\">\n<figure class=\"bbc-1qdcvv9 e1aczekt0\">\n<div class=\"bbc-172p16q ebmt73l0\" dir=\"ltr\">\n<div class=\"bbc-172p16q ebmt73l0\" dir=\"ltr\">\n<div class=\"bbc-189y18v ebmt73l0\" dir=\"ltr\">\n<div class=\"bbc-997y1y eihqrxw0\" data-e2e=\"image-placeholder\">\n<div class=\"lazyload-wrapper \"><picture class=\"bbc-yfiktt e1mo64ex1\"><source srcset=\"https:\/\/ichef.bbci.co.uk\/news\/240\/cpsprodpb\/2D41\/production\/_126658511_4901f1d3-a9f5-4d66-bcfb-1b87ccef4cc1.jpg.webp 240w, https:\/\/ichef.bbci.co.uk\/news\/320\/cpsprodpb\/2D41\/production\/_126658511_4901f1d3-a9f5-4d66-bcfb-1b87ccef4cc1.jpg.webp 320w, https:\/\/ichef.bbci.co.uk\/news\/480\/cpsprodpb\/2D41\/production\/_126658511_4901f1d3-a9f5-4d66-bcfb-1b87ccef4cc1.jpg.webp 480w, https:\/\/ichef.bbci.co.uk\/news\/624\/cpsprodpb\/2D41\/production\/_126658511_4901f1d3-a9f5-4d66-bcfb-1b87ccef4cc1.jpg.webp 624w, https:\/\/ichef.bbci.co.uk\/news\/800\/cpsprodpb\/2D41\/production\/_126658511_4901f1d3-a9f5-4d66-bcfb-1b87ccef4cc1.jpg.webp 800w\" type=\"image\/webp\" sizes=\"(min-width: 1008px) 645px, 100vw\" \/><source srcset=\"https:\/\/ichef.bbci.co.uk\/news\/240\/cpsprodpb\/2D41\/production\/_126658511_4901f1d3-a9f5-4d66-bcfb-1b87ccef4cc1.jpg 240w, https:\/\/ichef.bbci.co.uk\/news\/320\/cpsprodpb\/2D41\/production\/_126658511_4901f1d3-a9f5-4d66-bcfb-1b87ccef4cc1.jpg 320w, https:\/\/ichef.bbci.co.uk\/news\/480\/cpsprodpb\/2D41\/production\/_126658511_4901f1d3-a9f5-4d66-bcfb-1b87ccef4cc1.jpg 480w, https:\/\/ichef.bbci.co.uk\/news\/624\/cpsprodpb\/2D41\/production\/_126658511_4901f1d3-a9f5-4d66-bcfb-1b87ccef4cc1.jpg 624w, https:\/\/ichef.bbci.co.uk\/news\/800\/cpsprodpb\/2D41\/production\/_126658511_4901f1d3-a9f5-4d66-bcfb-1b87ccef4cc1.jpg 800w\" type=\"image\/jpeg\" sizes=\"(min-width: 1008px) 645px, 100vw\" \/><img loading=\"lazy\" decoding=\"async\" class=\"e3vrtyk0 bbc-rb7xa0 e1mo64ex0\" src=\"https:\/\/ichef.bbci.co.uk\/news\/640\/cpsprodpb\/2D41\/production\/_126658511_4901f1d3-a9f5-4d66-bcfb-1b87ccef4cc1.jpg\" alt=\"AMLO\" width=\"976\" height=\"549\" \/><\/picture><\/div>\n<\/div>\n<\/div>\n<\/div>\n<\/div><figcaption class=\"bbc-rhuvwm e6i104o0\" dir=\"ltr\"><em>L\u00f3pez Obrador agradeci\u00f3 este viernes a los senadores la aprobaci\u00f3n de la reforma.<\/em><\/p>\n<p><em><span class=\"bbc-1gnhmg2 ed7bp6y0\">FUENTE DE LA IMAGEN,<\/span><span lang=\"en-GB\">GOBIERNO DE M\u00c9XICO<\/span><\/em><\/p>\n<\/figcaption><div class=\"bbc-172p16q ebmt73l0\" dir=\"ltr\">\n<div class=\"bbc-3edg7g ebmt73l0\" dir=\"ltr\"><\/div>\n<\/div>\n<\/figure>\n<\/div>\n<div class=\"bbc-19j92fr ebmt73l0\" dir=\"ltr\">\n<p class=\"bbc-hhl7in e17g058b0\" dir=\"ltr\">&#8220;Nosotros no queremos un Estado autoritario, hemos luchado siempre en contra de eso, con el \u00fanico af\u00e1n de que (la Guardia Nacional) se consolide, que mantenga su disciplina y profesionalismo y, sobre todo, que no se corrompa como sucedi\u00f3 con la antigua Polic\u00eda Federal&#8221;.<\/p>\n<\/div>\n<div class=\"bbc-19j92fr ebmt73l0\" dir=\"ltr\">\n<p class=\"bbc-hhl7in e17g058b0\" dir=\"ltr\">Los datos, sin embargo,\u00a0no muestran una gran mejor\u00eda en la seguridad nacional.\u00a0Seg\u00fan MUCD, cuando en 2007 se autoriz\u00f3 el despliegue masivo de militares en las calles en plena &#8220;guerra contra las drogas&#8221;, los homicidios se triplicaron. Y desde que la Guardia Nacional naci\u00f3 en 2019, lo cierto es que la cifra de homicidios anuales se ha mantenido estable entre 36.600 y 35.600.<\/p>\n<\/div>\n<div class=\"bbc-19j92fr ebmt73l0\" dir=\"ltr\"><picture class=\"bbc-yfiktt e1mo64ex1\"><source srcset=\"https:\/\/www.bbc.com\/ws\/includes\/idt2\/a0047cc2-46c4-4697-9e96-349e75026a07\/image\/640 640w,https:\/\/www.bbc.com\/ws\/includes\/idt2\/a0047cc2-46c4-4697-9e96-349e75026a07\/image\/816 816w\" type=\"image\/jpeg\" \/><img decoding=\"async\" id=\"include-1\" class=\"bbc-1082qq3 e1mo64ex0\" src=\"https:\/\/www.bbc.com\/ws\/includes\/idt2\/a0047cc2-46c4-4697-9e96-349e75026a07\/image\/816\" alt=\"Homicidios en M\u00e9xico. .  .\" \/><\/picture><\/div>\n<div class=\"bbc-19j92fr ebmt73l0\" dir=\"ltr\">\n<p class=\"bbc-hhl7in e17g058b0\" dir=\"ltr\">&#8220;Es una instituci\u00f3n que detiene poco, lleva pocos casos ante la Justicia. No es una instituci\u00f3n que est\u00e1 capacitada para investigar&#8221;, cuestiona Reyes de MUCD.<\/p>\n<\/div>\n<div class=\"bbc-19j92fr ebmt73l0\" dir=\"ltr\">\n<p class=\"bbc-hhl7in e17g058b0\" dir=\"ltr\">&#8220;Y decir que la disciplina militar ayudar\u00e1 a consolidarla es totalmente falso, pues es algo que ya se ha aplicado en los \u00faltimos a\u00f1os y no ha habido un cambio significativo, no es una estrategia que est\u00e9 funcionando&#8221;, agrega.<\/p>\n<\/div>\n<div class=\"bbc-19j92fr ebmt73l0\" dir=\"ltr\">\n<h2 id=\"Violaciones-de-derechos-humanos\" class=\"bbc-1f03ibc eglt09e0\" tabindex=\"-1\">Violaciones de derechos humanos<\/h2>\n<\/div>\n<div class=\"bbc-19j92fr ebmt73l0\" dir=\"ltr\">\n<p class=\"bbc-hhl7in e17g058b0\" dir=\"ltr\">Diversos organismos criticaron duramente que el ej\u00e9rcito no cuente con la formaci\u00f3n adecuada para garantizar la seguridad de la poblaci\u00f3n civil.<\/p>\n<\/div>\n<div class=\"bbc-19j92fr ebmt73l0\" dir=\"ltr\">\n<p class=\"bbc-hhl7in e17g058b0\" dir=\"ltr\">Seg\u00fan Reyes, &#8220;los militares est\u00e1n entrenados para derrotar al enemigo y usar la fuerza letal contra quien usa un uniforme extranjero identificable\u2026 pero, en la pr\u00e1ctica, cualquier civil puede ser un enemigo. No tienen un reclutamiento o profesionalizaci\u00f3n policialcomo lo mandata la Constituci\u00f3n&#8221;.<\/p>\n<\/div>\n<div class=\"bbc-19j92fr ebmt73l0\" dir=\"ltr\">\n<p class=\"bbc-hhl7in e17g058b0\" dir=\"ltr\">Aunque especialmente cuestionado es el hecho de que, tras la reforma, se extienda el fuero militar al personal de la Guardia Nacional por la implicaci\u00f3n que militares han tenido en los \u00faltimos a\u00f1os en violaciones graves de derechos humanos. Una de ellas, por ejemplo, el caso de los estudiantes desaparecidos de Ayotzinapa.<\/p>\n<\/div>\n<div class=\"bbc-19j92fr ebmt73l0\" dir=\"ltr\">\n<p class=\"bbc-hhl7in e17g058b0\" dir=\"ltr\">&#8220;Nos preocupa que hemos visto una gran impunidad en casos atendidos por el fuero militar cuando militares cometen delitos contra civiles. Este fuero no garantiza el acceso a la justicia de las v\u00edctimas, no hay reparaci\u00f3n del da\u00f1o ni un esclarecimiento de los hechos&#8221;, critica la miembro de MUCD.<\/p>\n<\/div>\n<div class=\"bbc-sffzb7 e1hrqbfn0\">\n<div class=\"bbc-1ka88fa ebmt73l0\" dir=\"ltr\">\n<figure class=\"bbc-1qdcvv9 e1aczekt0\">\n<div class=\"bbc-172p16q ebmt73l0\" dir=\"ltr\">\n<div class=\"bbc-172p16q ebmt73l0\" dir=\"ltr\">\n<div class=\"bbc-189y18v ebmt73l0\" dir=\"ltr\">\n<div class=\"bbc-997y1y eihqrxw0\" data-e2e=\"image-placeholder\">\n<div class=\"lazyload-wrapper \"><picture class=\"bbc-yfiktt e1mo64ex1\"><source srcset=\"https:\/\/ichef.bbci.co.uk\/news\/240\/cpsprodpb\/16C01\/production\/_126658139_5c754674-2cc4-4d29-a423-bba65d70fa3b.jpg.webp 240w, https:\/\/ichef.bbci.co.uk\/news\/320\/cpsprodpb\/16C01\/production\/_126658139_5c754674-2cc4-4d29-a423-bba65d70fa3b.jpg.webp 320w, https:\/\/ichef.bbci.co.uk\/news\/480\/cpsprodpb\/16C01\/production\/_126658139_5c754674-2cc4-4d29-a423-bba65d70fa3b.jpg.webp 480w, https:\/\/ichef.bbci.co.uk\/news\/624\/cpsprodpb\/16C01\/production\/_126658139_5c754674-2cc4-4d29-a423-bba65d70fa3b.jpg.webp 624w, https:\/\/ichef.bbci.co.uk\/news\/800\/cpsprodpb\/16C01\/production\/_126658139_5c754674-2cc4-4d29-a423-bba65d70fa3b.jpg.webp 800w\" type=\"image\/webp\" sizes=\"(min-width: 1008px) 645px, 100vw\" \/><source srcset=\"https:\/\/ichef.bbci.co.uk\/news\/240\/cpsprodpb\/16C01\/production\/_126658139_5c754674-2cc4-4d29-a423-bba65d70fa3b.jpg 240w, https:\/\/ichef.bbci.co.uk\/news\/320\/cpsprodpb\/16C01\/production\/_126658139_5c754674-2cc4-4d29-a423-bba65d70fa3b.jpg 320w, https:\/\/ichef.bbci.co.uk\/news\/480\/cpsprodpb\/16C01\/production\/_126658139_5c754674-2cc4-4d29-a423-bba65d70fa3b.jpg 480w, https:\/\/ichef.bbci.co.uk\/news\/624\/cpsprodpb\/16C01\/production\/_126658139_5c754674-2cc4-4d29-a423-bba65d70fa3b.jpg 624w, https:\/\/ichef.bbci.co.uk\/news\/800\/cpsprodpb\/16C01\/production\/_126658139_5c754674-2cc4-4d29-a423-bba65d70fa3b.jpg 800w\" type=\"image\/jpeg\" sizes=\"(min-width: 1008px) 645px, 100vw\" \/><img loading=\"lazy\" decoding=\"async\" class=\"e3vrtyk0 bbc-rb7xa0 e1mo64ex0\" src=\"https:\/\/ichef.bbci.co.uk\/news\/640\/cpsprodpb\/16C01\/production\/_126658139_5c754674-2cc4-4d29-a423-bba65d70fa3b.jpg\" alt=\"Protesta contra reforma sobre la Guardia Nacional.\" width=\"976\" height=\"549\" \/><\/picture><\/div>\n<\/div>\n<\/div>\n<\/div>\n<\/div><figcaption class=\"bbc-rhuvwm e6i104o0\" dir=\"ltr\"><em>La desconfianza sobre el papel del ej\u00e9rcito en sonados casos de violaciones de derechos humanos podr\u00eda extenderse ahora sobre la Guardia Nacional.<\/em><\/p>\n<p><em><span class=\"bbc-1gnhmg2 ed7bp6y0\">FUENTE DE LA IMAGEN,<\/span><span lang=\"en-GB\">GETTY IMAGES<\/span><\/em><\/p>\n<\/figcaption><div class=\"bbc-172p16q ebmt73l0\" dir=\"ltr\">\n<div class=\"bbc-3edg7g ebmt73l0\" dir=\"ltr\"><\/div>\n<\/div>\n<\/figure>\n<\/div>\n<\/div>\n<div class=\"bbc-19j92fr ebmt73l0\" dir=\"ltr\">\n<p class=\"bbc-hhl7in e17g058b0\" dir=\"ltr\">Pero el presidente L\u00f3pez Obrador defiende la profesionalidad del ej\u00e9rcito actual, marcando distancia con sus actuaciones en el pasado bajo el mandato de gobiernos anteriores.<\/p>\n<\/div>\n<div class=\"bbc-19j92fr ebmt73l0\" dir=\"ltr\">\n<p class=\"bbc-hhl7in e17g058b0\" dir=\"ltr\">&#8220;Yo no he declarado la guerra, no le he dado \u00f3rdenes al ej\u00e9rcito de que violen derechos humanos, de que haya masacres, de que torturen, de que desaparezcan a la gente.\u00a0No, no somos iguales&#8221;,\u00a0remarc\u00f3 este jueves.<\/p>\n<\/div>\n<div class=\"bbc-19j92fr ebmt73l0\" dir=\"ltr\">\n<p class=\"bbc-hhl7in e17g058b0\" dir=\"ltr\">Las denuncias contra la actuaci\u00f3n de los militares, sin embargo, no son cosa exclusiva del pasado. La \u00faltima es la de la familia de Heidi P\u00e9rez, una ni\u00f1a de 4 a\u00f1os que muri\u00f3 por un balazo\u00a0disparado presuntamente por soldados en Tamaulipasla semana pasada.<\/p>\n<\/div>\n<div class=\"bbc-1ka88fa ebmt73l0\" dir=\"ltr\">\n<figure class=\"bbc-1qdcvv9 e1aczekt0\">\n<div class=\"bbc-172p16q ebmt73l0\" dir=\"ltr\">\n<div class=\"bbc-172p16q ebmt73l0\" dir=\"ltr\">\n<div class=\"bbc-189y18v ebmt73l0\" dir=\"ltr\">\n<div class=\"bbc-997y1y eihqrxw0\" data-e2e=\"image-placeholder\">\n<div class=\"lazyload-wrapper \"><picture class=\"bbc-yfiktt e1mo64ex1\"><source srcset=\"https:\/\/ichef.bbci.co.uk\/news\/240\/cpsprodpb\/13EB1\/production\/_126658518_6760e218-0ccf-4816-9fb1-73467777d303.jpg.webp 240w, https:\/\/ichef.bbci.co.uk\/news\/320\/cpsprodpb\/13EB1\/production\/_126658518_6760e218-0ccf-4816-9fb1-73467777d303.jpg.webp 320w, https:\/\/ichef.bbci.co.uk\/news\/480\/cpsprodpb\/13EB1\/production\/_126658518_6760e218-0ccf-4816-9fb1-73467777d303.jpg.webp 480w, https:\/\/ichef.bbci.co.uk\/news\/624\/cpsprodpb\/13EB1\/production\/_126658518_6760e218-0ccf-4816-9fb1-73467777d303.jpg.webp 624w, https:\/\/ichef.bbci.co.uk\/news\/800\/cpsprodpb\/13EB1\/production\/_126658518_6760e218-0ccf-4816-9fb1-73467777d303.jpg.webp 800w\" type=\"image\/webp\" sizes=\"(min-width: 1008px) 645px, 100vw\" \/><source srcset=\"https:\/\/ichef.bbci.co.uk\/news\/240\/cpsprodpb\/13EB1\/production\/_126658518_6760e218-0ccf-4816-9fb1-73467777d303.jpg 240w, https:\/\/ichef.bbci.co.uk\/news\/320\/cpsprodpb\/13EB1\/production\/_126658518_6760e218-0ccf-4816-9fb1-73467777d303.jpg 320w, https:\/\/ichef.bbci.co.uk\/news\/480\/cpsprodpb\/13EB1\/production\/_126658518_6760e218-0ccf-4816-9fb1-73467777d303.jpg 480w, https:\/\/ichef.bbci.co.uk\/news\/624\/cpsprodpb\/13EB1\/production\/_126658518_6760e218-0ccf-4816-9fb1-73467777d303.jpg 624w, https:\/\/ichef.bbci.co.uk\/news\/800\/cpsprodpb\/13EB1\/production\/_126658518_6760e218-0ccf-4816-9fb1-73467777d303.jpg 800w\" type=\"image\/jpeg\" sizes=\"(min-width: 1008px) 645px, 100vw\" \/><img loading=\"lazy\" decoding=\"async\" class=\"e3vrtyk0 bbc-rb7xa0 e1mo64ex0\" src=\"https:\/\/ichef.bbci.co.uk\/news\/640\/cpsprodpb\/13EB1\/production\/_126658518_6760e218-0ccf-4816-9fb1-73467777d303.jpg\" alt=\"AMLO junto a los secretarios de Defensa y Marina\" width=\"976\" height=\"549\" \/><\/picture><\/div>\n<\/div>\n<\/div>\n<\/div>\n<\/div><figcaption class=\"bbc-rhuvwm e6i104o0\" dir=\"ltr\"><em>AMLO ha confiado al ej\u00e9rcito y la Marina la construcci\u00f3n y gesti\u00f3n de algunas de sus obras m\u00e1s importantes como el Tren Maya o el aeropuerto Felipe \u00c1ngeles.<\/em><\/p>\n<p><em><span class=\"bbc-1gnhmg2 ed7bp6y0\">FUENTE DE LA IMAGEN,<\/span><span lang=\"en-GB\">GETTY IMAGES<\/span><\/em><\/p>\n<\/figcaption><div class=\"bbc-172p16q ebmt73l0\" dir=\"ltr\">\n<div class=\"bbc-3edg7g ebmt73l0\" dir=\"ltr\"><\/div>\n<\/div>\n<\/figure>\n<\/div>\n<div class=\"bbc-19j92fr ebmt73l0\" dir=\"ltr\">\n<p class=\"bbc-hhl7in e17g058b0\" dir=\"ltr\">Tras recibir luz verde en un solo d\u00eda por la C\u00e1mara de Diputados y ser discutida por \u00fanicamente dos comisiones del Senado (ambas presididas por Morena, el partido de L\u00f3pez Obrador, y entre las que no se encontraba la Comisi\u00f3n de Derechos Humanos), la aprobada inclusi\u00f3n de la Guardia Nacional en la Sedena fue remitida al Ejecutivo federal y enfrentar\u00e1 seguramente una serie de recursos judiciales.<\/p>\n<\/div>\n<div class=\"bbc-19j92fr ebmt73l0\" dir=\"ltr\">\n<p class=\"bbc-hhl7in e17g058b0\" dir=\"ltr\">El Consejo Consultivo de la Comisi\u00f3n Nacional de Derechos Humanos de M\u00e9xico pidi\u00f3 a esta instancia interponer una acci\u00f3n de inconstitucionalidad, la misma que ya fue anunciada por los partidos de la oposici\u00f3n al gobierno.<\/p>\n<\/div>\n<div class=\"bbc-19j92fr ebmt73l0\" dir=\"ltr\">\n<p class=\"bbc-hhl7in e17g058b0\" dir=\"ltr\">&#8220;En MUCD vamos a pelear esto por la v\u00eda de amparo. El problema es que vemos con mucha preocupaci\u00f3n que la Suprema Corte de Justicia se ha mantenido en silencio estos a\u00f1os sobre los temas de militarizaci\u00f3n, y necesitamos\u00a0que act\u00fae como contrapeso necesario para estos actos\u00a0inconstitucionales&#8221;,concluye Reyes.<\/p>\n<\/div>\n","protected":false},"excerpt":{"rendered":"<p>La reforma legal que har\u00e1 que la Guardia Nacional est\u00e9 adscrita a la Secretar\u00eda de Defensa ha enfrentado muchas protestas en M\u00e9xico. &nbsp; &#8220;Cambi\u00e9 de&hellip;<\/p>\n","protected":false},"author":99,"featured_media":505306,"comment_status":"open","ping_status":"open","sticky":false,"template":"","format":"standard","meta":{"footnotes":""},"categories":[11358,23],"tags":[],"class_list":["post-505305","post","type-post","status-publish","format-standard","has-post-thumbnail","hentry","category-especiales","category-latinoamerica"],"_links":{"self":[{"href":"https:\/\/diarioelpopular.com\/index.php\/wp-json\/wp\/v2\/posts\/505305","targetHints":{"allow":["GET"]}}],"collection":[{"href":"https:\/\/diarioelpopular.com\/index.php\/wp-json\/wp\/v2\/posts"}],"about":[{"href":"https:\/\/diarioelpopular.com\/index.php\/wp-json\/wp\/v2\/types\/post"}],"author":[{"embeddable":true,"href":"https:\/\/diarioelpopular.com\/index.php\/wp-json\/wp\/v2\/users\/99"}],"replies":[{"embeddable":true,"href":"https:\/\/diarioelpopular.com\/index.php\/wp-json\/wp\/v2\/comments?post=505305"}],"version-history":[{"count":1,"href":"https:\/\/diarioelpopular.com\/index.php\/wp-json\/wp\/v2\/posts\/505305\/revisions"}],"predecessor-version":[{"id":505307,"href":"https:\/\/diarioelpopular.com\/index.php\/wp-json\/wp\/v2\/posts\/505305\/revisions\/505307"}],"wp:featuredmedia":[{"embeddable":true,"href":"https:\/\/diarioelpopular.com\/index.php\/wp-json\/wp\/v2\/media\/505306"}],"wp:attachment":[{"href":"https:\/\/diarioelpopular.com\/index.php\/wp-json\/wp\/v2\/media?parent=505305"}],"wp:term":[{"taxonomy":"category","embeddable":true,"href":"https:\/\/diarioelpopular.com\/index.php\/wp-json\/wp\/v2\/categories?post=505305"},{"taxonomy":"post_tag","embeddable":true,"href":"https:\/\/diarioelpopular.com\/index.php\/wp-json\/wp\/v2\/tags?post=505305"}],"curies":[{"name":"wp","href":"https:\/\/api.w.org\/{rel}","templated":true}]}}