{"id":505308,"date":"2022-09-11T10:27:41","date_gmt":"2022-09-11T14:27:41","guid":{"rendered":"https:\/\/diarioelpopular.com\/?p=505308"},"modified":"2022-09-11T10:27:41","modified_gmt":"2022-09-11T14:27:41","slug":"que-significara-el-fallecimiento-de-la-reina-para-el-futuro-de-la-monarquia-de-canada","status":"publish","type":"post","link":"https:\/\/diarioelpopular.com\/index.php\/2022\/09\/11\/que-significara-el-fallecimiento-de-la-reina-para-el-futuro-de-la-monarquia-de-canada\/","title":{"rendered":"\u00bfQu\u00e9 significar\u00e1 el fallecimiento de la reina para el futuro de la monarqu\u00eda de Canad\u00e1?"},"content":{"rendered":"<p><img loading=\"lazy\" decoding=\"async\" class=\"alignnone size-custom-full-size wp-image-505309\" src=\"https:\/\/diarioelpopular.com\/wp-content\/uploads\/2022\/09\/YNU5YIHYDRAQHDNVZYO2WURPFE-636x399.jpg\" alt=\"\" width=\"636\" height=\"399\" srcset=\"https:\/\/diarioelpopular.com\/wp-content\/uploads\/2022\/09\/YNU5YIHYDRAQHDNVZYO2WURPFE-636x399.jpg 636w, https:\/\/diarioelpopular.com\/wp-content\/uploads\/2022\/09\/YNU5YIHYDRAQHDNVZYO2WURPFE-300x188.jpg 300w, https:\/\/diarioelpopular.com\/wp-content\/uploads\/2022\/09\/YNU5YIHYDRAQHDNVZYO2WURPFE-768x481.jpg 768w, https:\/\/diarioelpopular.com\/wp-content\/uploads\/2022\/09\/YNU5YIHYDRAQHDNVZYO2WURPFE-1990x1247.jpg 1990w, https:\/\/diarioelpopular.com\/wp-content\/uploads\/2022\/09\/YNU5YIHYDRAQHDNVZYO2WURPFE-1200x752.jpg 1200w, https:\/\/diarioelpopular.com\/wp-content\/uploads\/2022\/09\/YNU5YIHYDRAQHDNVZYO2WURPFE-116x73.jpg 116w, https:\/\/diarioelpopular.com\/wp-content\/uploads\/2022\/09\/YNU5YIHYDRAQHDNVZYO2WURPFE.jpg 1024w\" sizes=\"auto, (max-width: 636px) 100vw, 636px\" \/><\/p>\n<p><em><strong>&#8211; Con su hijo, el rey Carlos III, subiendo al trono, \u00bfqu\u00e9 significar\u00e1 el nuevo monarca y el final de una era para el futuro de la monarqu\u00eda constitucional de Canad\u00e1?<\/strong><\/em><\/p>\n<p>&nbsp;<\/p>\n<p>Las preguntas sobre el futuro de la monarqu\u00eda en todo el mundo han estado surgiendo durante a\u00f1os, fluctuando a medida que la familia real se enfrentaba a desaf\u00edos, desde la tr\u00e1gica muerte de la princesa Diana, a quien la reina no toleraba, hasta preocupaciones sobre c\u00f3mo \u201cla firma\u201d manej\u00f3 el odio racista contra Meghan, la duquesa de Sussex.<\/p>\n<p>Pero en Canad\u00e1, el papel futuro de la Familia Real se ha enfrentado a cuestiones particulares tras el ajuste de cuentas nacional sobre el descubrimiento de lugares de enterramiento sin marcar en antiguas escuelas residenciales y el papel central del colonialismo de la Corona brit\u00e1nica en el racismo sist\u00e9mico perpetrado contra los pueblos ind\u00edgenas.<\/p>\n<p>Al mismo tiempo, el caos que se apoder\u00f3 del sistema republicano de EE. UU. durante la presidencia de Trump tambi\u00e9n plante\u00f3 dudas sobre si un estilo de gobierno similar ser\u00eda de inter\u00e9s para los canadienses.<\/p>\n<p>Sin embargo, lo que es seguro es que cualquier tipo de cambio en el papel de la monarqu\u00eda en Canad\u00e1 ser\u00eda excepcionalmente dif\u00edcil porque forma la base estructural y legal que sustenta al gobierno.<\/p>\n<p><strong><em>Las instituciones de Canad\u00e1 se centran en el papel y los poderes de la monarqu\u00eda.<\/em><\/strong><\/p>\n<p>Pi\u00e9nselo: los proyectos de ley canadienses se convierten en ley a trav\u00e9s de la aprobaci\u00f3n real, los gobiernos comienzan nuevas sesiones del Parlamento con discursos del trono, los gobernadores generales aprueban las solicitudes para prorrogar o disolver el Parlamento y emiten las \u00f3rdenes judiciales para las elecciones.<\/p>\n<p>Cuando se trata de las fuerzas armadas, es el gobernador general, no el primer ministro ni el ministro de defensa, quien es el comandante en jefe de las fuerzas canadienses por derecho del monarca, mientras que en los EE. UU. ese poder recae en el presidente. En los tribunales, son los fiscales de la Corona, no los abogados al estilo estadounidense, quienes procesan los delitos y es en nombre de la Corona a trav\u00e9s de la cual se emiten formalmente las sentencias.<\/p>\n<p>La Corona funciona como la fuente de la que deriva pr\u00e1cticamente todo el poder oficial en este pa\u00eds, por lo que las barreras legales para cambiar algo de eso son altas.<\/p>\n<p>La secci\u00f3n 41 de la Constituci\u00f3n establece esos criterios, que son que cualquier cambio constitucional en el cargo de la reina o del gobernador general o de los tenientes generales provinciales requerir\u00eda el consentimiento un\u00e1nime de la C\u00e1mara de los Comunes, el Senado y cada legislatura provincial.<\/p>\n<p>Entonces, si bien la eliminaci\u00f3n de la monarqu\u00eda es legalmente posible, pol\u00edticamente resultar\u00eda inmensamente dif\u00edcil salvo un cambio masivo en las opiniones de la monarqu\u00eda por parte del p\u00fablico, as\u00ed como de sus parlamentarios electos y no electos.<\/p>\n<p>En realidad, el apoyo a la monarqu\u00eda se extiende por todo el pa\u00eds, lo que podr\u00eda significar que cualquier intento de deshacerse de la monarqu\u00eda se enfrenta a una ardua batalla para coordinar el apoyo p\u00fablico.<\/p>\n<p><em><strong>\u00bfQu\u00e9 nos dice la encuesta?<\/strong><\/em><br \/>\nSi bien Canad\u00e1, como muchos pa\u00edses de la &#8220;Commonwealth&#8221;, no es ajeno a las conversaciones sobre el futuro de la monarqu\u00eda, no ha habido un impulso sustancial y organizado para eliminar la monarqu\u00eda.<\/p>\n<p>El apoyo va y viene, y alcanz\u00f3 un m\u00ednimo hist\u00f3rico a principios de 2021 despu\u00e9s de que Meghan, duquesa de Sussex, presentara acusaciones explosivas de racismo contra la familia real en una entrevista reveladora con Oprah luego de una salida conflictiva con su esposo, el pr\u00edncipe Harry, de sus roles como miembros de la realeza trabajadora.<\/p>\n<p>Las encuestas realizadas por Ipsos para Global News desde 2016 han rastreado un n\u00famero cada vez mayor de canadienses que dicen que apoyar\u00edan el fin de la monarqu\u00eda.<\/p>\n<p>En esa encuesta de marzo de 2021, el 66 por ciento de los canadienses dijo que la realeza no deber\u00eda tener un papel formal en Canad\u00e1, y seis de cada 10 dijeron que la relaci\u00f3n entre la monarqu\u00eda y Canad\u00e1 deber\u00eda terminar cuando muera la reina Isabel II, lo que destaca una marcada falta de apoyo para entonces. -Pr\u00edncipe Carlos y Camila, duquesa de Cornualles.<\/p>\n<p>Solo el 53 por ciento de los canadienses apoy\u00f3 un refer\u00e9ndum sobre la monarqu\u00eda en esa encuesta, mientras que casi ocho de cada 10 cre\u00edan que la reina hab\u00eda hecho un buen trabajo en su papel. Eso sigui\u00f3 a una encuesta del Instituto Angus Reid en febrero de 2021 que mostr\u00f3 que el 55 por ciento de los canadienses cre\u00eda que la Familia Real ya no es relevante para los canadienses. El \u00edndice de aprobaci\u00f3n de la reina se mantuvo sin cambios en alrededor del 81 por ciento desde 2016.<\/p>\n<p>La encuesta sugiere que la reina Isabel II ten\u00eda una relaci\u00f3n en gran medida positiva con Canad\u00e1, sin amenazas formales al papel de la monarqu\u00eda. Sin embargo, ese puede no ser el caso de sus sucesores.<\/p>\n<p>Su hijo, ahora el rey Carlos III, ha carecido hist\u00f3ricamente de un fuerte apoyo p\u00fablico entre los canadienses: en una encuesta de Research Co. de marzo de 2021, solo el 22 por ciento de los canadienses prefer\u00eda que se convirtiera en rey despu\u00e9s de la muerte de la reina Isabel II, mientras que el 35 por ciento quer\u00eda ver a su hijo. hijo, el pr\u00edncipe William, se convierta en rey en su lugar.<\/p>\n<p>Ese n\u00famero fue a\u00fan m\u00e1s fuerte entre los mon\u00e1rquicos, con un 47 por ciento a favor del Pr\u00edncipe William frente a su padre, que se situ\u00f3 en un 39 por ciento de apoyo. Charles, que era pr\u00edncipe en ese momento, y su esposa Camilla tambi\u00e9n se hab\u00edan rezagado significativamente con respecto a los miembros de la realeza m\u00e1s j\u00f3venes en lo que respecta a los \u00edndices de favoritismo.<\/p>\n<p>El entonces pr\u00edncipe Carlos se situ\u00f3 en el 41 por ciento con Camilla en el 30 por ciento el a\u00f1o pasado, en comparaci\u00f3n con el 67 por ciento que ve favorablemente al pr\u00edncipe Guillermo y el 64 por ciento para Catalina, duquesa de Cambridge.<\/p>\n<p><strong><em>\u00bfQu\u00e9 dicen los l\u00edderes canadienses?<\/em><\/strong><br \/>\nSe le pregunt\u00f3 al primer ministro Justin Trudeau en marzo de 2021 sobre la idea de acabar con la monarqu\u00eda y dijo que no participar\u00eda en esas conversaciones y que su objetivo era ayudar al pa\u00eds a superar la pandemia de coronavirus.<\/p>\n<p>\u201cSi la gente quiere hablar m\u00e1s tarde sobre el cambio constitucional y cambiar nuestro sistema de gobierno, est\u00e1 bien. Pueden tener esas conversaciones. Pero en este momento, no estoy teniendo esas conversaciones\u201d, dijo.<\/p>\n<p>El l\u00edder del NDP, Jagmeet Singh, ha dicho que no ve ning\u00fan valor para la monarqu\u00eda en la vida de los canadienses, mientras que la exl\u00edder conservadora Erin O&#8217;Toole apoy\u00f3 a la monarqu\u00eda y tuite\u00f3 &#8220;Dios salve a la reina&#8221; el d\u00eda de la coronaci\u00f3n de la reina Isabel II en junio de 2020.<\/p>\n<p>Por ahora, es probable que contin\u00faen las preguntas y el debate sobre el papel de la monarqu\u00eda.<\/p>\n<p>Pero a\u00fan no hay indicios de que los canadienses y los funcionarios electos est\u00e9n preparados para reabrir la constituci\u00f3n para hacer algo al respecto.<\/p>\n","protected":false},"excerpt":{"rendered":"<p>&#8211; Con su hijo, el rey Carlos III, subiendo al trono, \u00bfqu\u00e9 significar\u00e1 el nuevo monarca y el final de una era para el futuro&hellip;<\/p>\n","protected":false},"author":99,"featured_media":505309,"comment_status":"open","ping_status":"open","sticky":false,"template":"","format":"standard","meta":{"footnotes":""},"categories":[21,11191],"tags":[],"class_list":["post-505308","post","type-post","status-publish","format-standard","has-post-thumbnail","hentry","category-canada","category-top-news"],"_links":{"self":[{"href":"https:\/\/diarioelpopular.com\/index.php\/wp-json\/wp\/v2\/posts\/505308","targetHints":{"allow":["GET"]}}],"collection":[{"href":"https:\/\/diarioelpopular.com\/index.php\/wp-json\/wp\/v2\/posts"}],"about":[{"href":"https:\/\/diarioelpopular.com\/index.php\/wp-json\/wp\/v2\/types\/post"}],"author":[{"embeddable":true,"href":"https:\/\/diarioelpopular.com\/index.php\/wp-json\/wp\/v2\/users\/99"}],"replies":[{"embeddable":true,"href":"https:\/\/diarioelpopular.com\/index.php\/wp-json\/wp\/v2\/comments?post=505308"}],"version-history":[{"count":1,"href":"https:\/\/diarioelpopular.com\/index.php\/wp-json\/wp\/v2\/posts\/505308\/revisions"}],"predecessor-version":[{"id":505310,"href":"https:\/\/diarioelpopular.com\/index.php\/wp-json\/wp\/v2\/posts\/505308\/revisions\/505310"}],"wp:featuredmedia":[{"embeddable":true,"href":"https:\/\/diarioelpopular.com\/index.php\/wp-json\/wp\/v2\/media\/505309"}],"wp:attachment":[{"href":"https:\/\/diarioelpopular.com\/index.php\/wp-json\/wp\/v2\/media?parent=505308"}],"wp:term":[{"taxonomy":"category","embeddable":true,"href":"https:\/\/diarioelpopular.com\/index.php\/wp-json\/wp\/v2\/categories?post=505308"},{"taxonomy":"post_tag","embeddable":true,"href":"https:\/\/diarioelpopular.com\/index.php\/wp-json\/wp\/v2\/tags?post=505308"}],"curies":[{"name":"wp","href":"https:\/\/api.w.org\/{rel}","templated":true}]}}