{"id":505318,"date":"2022-09-11T10:50:54","date_gmt":"2022-09-11T14:50:54","guid":{"rendered":"https:\/\/diarioelpopular.com\/?p=505318"},"modified":"2022-09-11T10:50:54","modified_gmt":"2022-09-11T14:50:54","slug":"chile-puja-por-la-nueva-constitucion","status":"publish","type":"post","link":"https:\/\/diarioelpopular.com\/index.php\/2022\/09\/11\/chile-puja-por-la-nueva-constitucion\/","title":{"rendered":"Chile: Puja por la nueva Constituci\u00f3n"},"content":{"rendered":"<p>&nbsp;<\/p>\n<p><img loading=\"lazy\" decoding=\"async\" class=\"alignnone size-custom-full-size wp-image-505319\" src=\"https:\/\/diarioelpopular.com\/wp-content\/uploads\/2022\/09\/ce8a66df79a530435d751c891edb1ce1.jpg\" alt=\"\" width=\"476\" height=\"317\" srcset=\"https:\/\/diarioelpopular.com\/wp-content\/uploads\/2022\/09\/ce8a66df79a530435d751c891edb1ce1.jpg 476w, https:\/\/diarioelpopular.com\/wp-content\/uploads\/2022\/09\/ce8a66df79a530435d751c891edb1ce1-300x200.jpg 300w, https:\/\/diarioelpopular.com\/wp-content\/uploads\/2022\/09\/ce8a66df79a530435d751c891edb1ce1-110x73.jpg 110w\" sizes=\"auto, (max-width: 476px) 100vw, 476px\" \/><\/p>\n<p><em>Tras el triunfo de Rechazo en el plebiscito constitucional, puja en el centro y la derecha por los pasos a seguir (foto: ANSA)<\/em><\/p>\n<p>&nbsp;<\/p>\n<h4><em><strong>&#8211; Derecha va por convenci\u00f3n de expertos cruz\u00e1ndose con el centro<\/strong><\/em><\/h4>\n<p><em><strong>SANTIAGO DE CHILE, 11 SET &#8211;<\/strong><\/em> Fuerte puja en la coalici\u00f3n de derecha y de centro pol\u00edtico que apoy\u00f3 Rechazo en el plebiscito del domingo, pues se plantea una Comisi\u00f3n de expertos o nueva Convenci\u00f3n para redactar Carta Magna.<br \/>\nA una semana del categ\u00f3rico triunfo del Rechazo a la propuesta de Constituci\u00f3n presentada por la Convenci\u00f3n Constituyente, la derecha opositora -que estuvo sumergida durante la campa\u00f1a- apareci\u00f3 para festejar el triunfo en el Plebiscito y establecer un nuevo cronograma.<br \/>\nLa derecha qued\u00f3 en minor\u00eda en la Convenci\u00f3n que durante un a\u00f1o redact\u00f3 un nuevo texto de Carta Magna. La oposici\u00f3n no obtuvo el tercio de representaci\u00f3n al que aspiraba en la elecci\u00f3n de mayo del a\u00f1o pasado de los 155 convencionales.<br \/>\nDurante la campa\u00f1a por el Plebiscito, la alianza Chile Vamos se comprometi\u00f3 a tener una nueva Carta, pero nunca dej\u00f3 en claro el mecanismo y hoy se abri\u00f3 la disputa luego que deslizaron el viernes que no es necesario una nueva Convenci\u00f3n.<br \/>\nEl portavoz fue el senador independiente e integrante de la bancada de Renovaci\u00f3n Nacional, Juan Castro, quien declar\u00f3 al diario El Mercurio on line que la idea de no apoyar una nueva elecci\u00f3n de convencionales &#8220;se convers\u00f3 en las reuniones que tuvimos del d\u00eda lunes hasta d\u00eda mi\u00e9rcoles&#8221;.<br \/>\n&#8220;Lo que pasa -explic\u00f3- es que a nosotros nos llega mucha informaci\u00f3n. Informaci\u00f3n que nos llega es muchas veces de dirigentes, de gremialistas, de juntas de vecinos, tambi\u00e9n de las encuestas que han salido \u00bfQu\u00e9 dicen? Dicen que la gente no quiere otra elecci\u00f3n, no le interesa otra elecci\u00f3n para elegir constituyentes&#8221;.<br \/>\nPor eso, expuso &#8220;yo hablo de tener expertos. No podemos andar nosotros eligiendo constituyentes o convencionales, gente que no tiene la capacidad, que puede tener carisma, ser conocido en su sector o en su cuidad, pero eso no da garant\u00edas de un buen trabajo. Nosotros necesitamos gente que est\u00e9 relacionada con la academia, gente que tenga prestigio profesional para que escriban este texto que de verdad queremos, pero no cualquier tipo, no un mamarracho&#8221;.<br \/>\nHoy le respondi\u00f3 la Democracia Cristiana -que se dividi\u00f3 para el Plebiscito entre las dos opciones-.<br \/>\nLa directiva, mediante comunicado, se\u00f1al\u00f3 su compromiso con &#8220;la construcci\u00f3n de una nueva Constituci\u00f3n&#8221;, y su defensa a &#8220;todas las instancias de di\u00e1logo&#8221; que se est\u00e1n llevando por estos d\u00edas para encauzar el proceso constitucional.<br \/>\nRecalc\u00f3 que &#8220;el triunfo del rechazo a la propuesta del pasado 4 de septiembre, no significa que se invaliden los resultados del plebiscito de entrada que defini\u00f3, por una amplia mayor\u00eda, que el pa\u00eds quiere una nueva Constituci\u00f3n, escrita por una convenci\u00f3n Constitucional cien por ciento electa por la ciudadan\u00eda&#8221;.<br \/>\nLa senadora Ximena Rinc\u00f3n -rostro de la DC por el Rechazo- lament\u00f3 la postura de sus pares de RN.<br \/>\n&#8220;Tiene que haber un proceso participativo, democr\u00e1tico, paritario, para resolver el tema constitucional. Esperamos que los compromisos se cumplan&#8221;, acot\u00f3.<br \/>\nSobre la posibilidad de escribir el nuevo texto con expertos, como propusieron desde RN, Rinc\u00f3n respondi\u00f3 que &#8220;hay que escuchar a los expertos, eso no est\u00e1 descartado, pero creo que el proceso que resuelva tiene que ser democr\u00e1tico, participativo, paritario a trav\u00e9s de una Convenci\u00f3n, que es lo que hemos dicho&#8221;.<br \/>\nLa legisladora advirti\u00f3 que los senadores de RN &#8220;tienen que explicar por qu\u00e9 ese viraje en sus declaraciones, nosotros nos vamos a jugar por un espacio democr\u00e1tico, participativo y paritario de cara a la ciudadan\u00eda, porque creemos que esa es la forma&#8221;.<br \/>\nLa alcaldesa de Providencia y excandidata presidencial de la derechista Uni\u00f3n Dem\u00f3crata Independiente (UDI), Evelyn Matthei, tambi\u00e9n avis\u00f3 &#8220;que nadie crea que esto est\u00e1 cerrado (proceso constitucional), porque esa no fue la promesa ni las condiciones sobre las cuales la gente vot\u00f3&#8221;.<br \/>\nEn entrevista con El Mercurio, Matthei record\u00f3 que &#8220;sin la centroizquierda que se atrevi\u00f3 a dar la cara al llamar a votar Rechazo, sin ellos no hubiera ganado el Rechazo. Teng\u00e1moslo s\u00faper claro. El que crea que esta fue una victoria de la derecha est\u00e1 tan equivocado como los que creyeron que con el 80% en el primer Plebiscito (de entrada) le daba chipe libre a la extrema izquierda. Este fue un triunfo de la sensatez&#8221;.<\/p>\n","protected":false},"excerpt":{"rendered":"<p>&nbsp; Tras el triunfo de Rechazo en el plebiscito constitucional, puja en el centro y la derecha por los pasos a seguir (foto: ANSA) &nbsp;&hellip;<\/p>\n","protected":false},"author":99,"featured_media":505319,"comment_status":"open","ping_status":"open","sticky":false,"template":"","format":"standard","meta":{"footnotes":""},"categories":[23],"tags":[],"class_list":["post-505318","post","type-post","status-publish","format-standard","has-post-thumbnail","hentry","category-latinoamerica"],"_links":{"self":[{"href":"https:\/\/diarioelpopular.com\/index.php\/wp-json\/wp\/v2\/posts\/505318","targetHints":{"allow":["GET"]}}],"collection":[{"href":"https:\/\/diarioelpopular.com\/index.php\/wp-json\/wp\/v2\/posts"}],"about":[{"href":"https:\/\/diarioelpopular.com\/index.php\/wp-json\/wp\/v2\/types\/post"}],"author":[{"embeddable":true,"href":"https:\/\/diarioelpopular.com\/index.php\/wp-json\/wp\/v2\/users\/99"}],"replies":[{"embeddable":true,"href":"https:\/\/diarioelpopular.com\/index.php\/wp-json\/wp\/v2\/comments?post=505318"}],"version-history":[{"count":1,"href":"https:\/\/diarioelpopular.com\/index.php\/wp-json\/wp\/v2\/posts\/505318\/revisions"}],"predecessor-version":[{"id":505320,"href":"https:\/\/diarioelpopular.com\/index.php\/wp-json\/wp\/v2\/posts\/505318\/revisions\/505320"}],"wp:featuredmedia":[{"embeddable":true,"href":"https:\/\/diarioelpopular.com\/index.php\/wp-json\/wp\/v2\/media\/505319"}],"wp:attachment":[{"href":"https:\/\/diarioelpopular.com\/index.php\/wp-json\/wp\/v2\/media?parent=505318"}],"wp:term":[{"taxonomy":"category","embeddable":true,"href":"https:\/\/diarioelpopular.com\/index.php\/wp-json\/wp\/v2\/categories?post=505318"},{"taxonomy":"post_tag","embeddable":true,"href":"https:\/\/diarioelpopular.com\/index.php\/wp-json\/wp\/v2\/tags?post=505318"}],"curies":[{"name":"wp","href":"https:\/\/api.w.org\/{rel}","templated":true}]}}