{"id":505341,"date":"2022-09-12T09:38:02","date_gmt":"2022-09-12T13:38:02","guid":{"rendered":"https:\/\/diarioelpopular.com\/?p=505341"},"modified":"2022-09-12T09:38:02","modified_gmt":"2022-09-12T13:38:02","slug":"colombia-alza-del-precio-de-los-combustibles","status":"publish","type":"post","link":"https:\/\/diarioelpopular.com\/index.php\/2022\/09\/12\/colombia-alza-del-precio-de-los-combustibles\/","title":{"rendered":"Colombia: Alza del precio de los combustibles"},"content":{"rendered":"<p>&nbsp;<\/p>\n<p><img loading=\"lazy\" decoding=\"async\" class=\"alignnone size-custom-full-size wp-image-505342\" src=\"https:\/\/diarioelpopular.com\/wp-content\/uploads\/2022\/09\/234945a82aaada8052fccdf85b254f59.jpg\" alt=\"\" width=\"476\" height=\"317\" srcset=\"https:\/\/diarioelpopular.com\/wp-content\/uploads\/2022\/09\/234945a82aaada8052fccdf85b254f59.jpg 476w, https:\/\/diarioelpopular.com\/wp-content\/uploads\/2022\/09\/234945a82aaada8052fccdf85b254f59-300x200.jpg 300w, https:\/\/diarioelpopular.com\/wp-content\/uploads\/2022\/09\/234945a82aaada8052fccdf85b254f59-110x73.jpg 110w\" sizes=\"auto, (max-width: 476px) 100vw, 476px\" \/><\/p>\n<p><strong><em>El presidente, Gustavo Petro, abri\u00f3 el debate sobre la necesidad de incrementar el costo de los combustibles en el pa\u00eds, tras argumentar que los subsidios est\u00e1n debilitando las finanzas p\u00fablicas.<\/em><\/strong><\/p>\n<p><em><strong>\u00a0\u00a0BOGOTA 12 SEPT &#8211;<\/strong><\/em>\u00a0 &#8220;La mitad del d\u00e9ficit del presupuesto nacional se debe a un subsidio creciente a los consumidores de gasolina. Es la hora de un debate nacional al respecto. \u00bfVale la pena subsidiar la gasolina por 40 billones cuando la tasa de mortalidad infantil por desnutrici\u00f3n se duplica?&#8221;.<br \/>\nEscribi\u00f3 el mandatario en una serie de mensajes en Twitter, en los que se\u00f1al\u00f3 a su antecesor de &#8220;falta de pago&#8221;.<br \/>\n&#8220;El d\u00e9ficit de estabilizaci\u00f3n de precios de los combustibles por falta de pago del gobierno anterior es de 10 billones por trimestre. Es decir, casi 40 billones anuales. Casi la mitad del d\u00e9ficit del presupuesto nacional. Se produce al no subir el precio de la gasolina&#8221;, argument\u00f3 Petro.<br \/>\nJos\u00e9 Manuel Restrepo, exministro de Hacienda en el gobierno de Duque, respondi\u00f3 hoy mismo a Petro, tambi\u00e9n en Twitter, que la administraci\u00f3n pasada s\u00ed abon\u00f3 al d\u00e9ficit y dej\u00f3 presupuesto para abonar al Fondo.<br \/>\n&#8220;Presidente, muy importante retomar lo que les compartimos en empalme y que le di personalmente con el Marco Fiscal de Mediano Plazo (Cap 2). All\u00ed ve usted que pagamos 14,2 billones del d\u00e9ficit antes de salir y dejamos 28,5 billones presupuestados, as\u00ed como otras fuentes de pago&#8221;, argument\u00f3 el exministro.<br \/>\nEl Estado cre\u00f3 en 2007 el Fondo de Estabilizaci\u00f3n del Precio de los Combustibles (Fepc) con el prop\u00f3sito de proteger a los consumidores de combustibles l\u00edquidos de la volatilidad del mercado externo del petr\u00f3leo, de manera que esos cambios abruptos no se trasladar\u00e1n a los usuarios.<br \/>\nEn este momento, el precio promedio del gal\u00f3n de gasolina (3.785 litros) en el pa\u00eds es de 9.456 pesos, unos 2,1 d\u00f3lares.<br \/>\nEl problema es que el Fondo ha ido aumentando su d\u00e9ficit y es el gobierno el que debe inyectarle dinero para sostener esos subsidios.<br \/>\nEn ese orden, destinar dinero para subsidiar la gasolina priva al pa\u00eds de cubrir otras necesidades urgentes.<br \/>\nSin embargo, permitir que haya una escalada de precios de los combustibles disparar\u00eda el costo de vida, dado que el pa\u00eds mueve gran parte de sus mercanc\u00edas y alimentos a trav\u00e9s de veh\u00edculos.<br \/>\nEl otro asunto son los problemas que en el vecindario ha generado el alza de precios de los combustibles.<br \/>\nLo ocurrido en Ecuador, Per\u00fa y Panam\u00e1, donde sus respectivos gobiernos se han visto tambalear dadas las protestas por aumentos, son un espejo en el que Colombia debe mirarse.<br \/>\nEn su seguidilla de mensajes, Petro le propuso al Congreso &#8220;adelantar el debate sobre la estructura de precios de los combustibles, y su indexaci\u00f3n con los precios internacionales del Petr\u00f3leo, que incluye la compra de petr\u00f3leo que Ecopetrol hace al interior del pa\u00eds a precio internacional&#8221;.<br \/>\nEn todo caso, el mandatario le advirti\u00f3 al pa\u00eds que el precio de los combustibles aumentar\u00e1, una decisi\u00f3n que llega en momentos en que la inflaci\u00f3n est\u00e1 en niveles que no se ve\u00edan desde hace dos d\u00e9cadas.<br \/>\nComo en un acto reflejo, cada aumento en el precio de la gasolina empuja el aumento en el valor de los alimentos y otros bienes.<br \/>\nSeg\u00fan el Departamento Administrativo Nacional de Estad\u00edstica (DANE) en agosto la inflaci\u00f3n se situ\u00f3 en el 1,2%, el acumulado del a\u00f1o se ubic\u00f3 en el 9,06% y en los \u00faltimos 12 meses es de 10,48%.<br \/>\n&#8220;A los consumidores de gasolina les decimos que retomaremos la senda de crecimiento de precios, y que el objeto no ser\u00e1 m\u00e1s que disminuir el d\u00e9ficit irresponsablemente acumulado. No tocaremos los derivados del ACPM&#8221;, advirti\u00f3 el mandatario.<\/p>\n","protected":false},"excerpt":{"rendered":"<p>&nbsp; El presidente, Gustavo Petro, abri\u00f3 el debate sobre la necesidad de incrementar el costo de los combustibles en el pa\u00eds, tras argumentar que los&hellip;<\/p>\n","protected":false},"author":99,"featured_media":505342,"comment_status":"open","ping_status":"open","sticky":false,"template":"","format":"standard","meta":{"footnotes":""},"categories":[23],"tags":[],"class_list":["post-505341","post","type-post","status-publish","format-standard","has-post-thumbnail","hentry","category-latinoamerica"],"_links":{"self":[{"href":"https:\/\/diarioelpopular.com\/index.php\/wp-json\/wp\/v2\/posts\/505341","targetHints":{"allow":["GET"]}}],"collection":[{"href":"https:\/\/diarioelpopular.com\/index.php\/wp-json\/wp\/v2\/posts"}],"about":[{"href":"https:\/\/diarioelpopular.com\/index.php\/wp-json\/wp\/v2\/types\/post"}],"author":[{"embeddable":true,"href":"https:\/\/diarioelpopular.com\/index.php\/wp-json\/wp\/v2\/users\/99"}],"replies":[{"embeddable":true,"href":"https:\/\/diarioelpopular.com\/index.php\/wp-json\/wp\/v2\/comments?post=505341"}],"version-history":[{"count":1,"href":"https:\/\/diarioelpopular.com\/index.php\/wp-json\/wp\/v2\/posts\/505341\/revisions"}],"predecessor-version":[{"id":505343,"href":"https:\/\/diarioelpopular.com\/index.php\/wp-json\/wp\/v2\/posts\/505341\/revisions\/505343"}],"wp:featuredmedia":[{"embeddable":true,"href":"https:\/\/diarioelpopular.com\/index.php\/wp-json\/wp\/v2\/media\/505342"}],"wp:attachment":[{"href":"https:\/\/diarioelpopular.com\/index.php\/wp-json\/wp\/v2\/media?parent=505341"}],"wp:term":[{"taxonomy":"category","embeddable":true,"href":"https:\/\/diarioelpopular.com\/index.php\/wp-json\/wp\/v2\/categories?post=505341"},{"taxonomy":"post_tag","embeddable":true,"href":"https:\/\/diarioelpopular.com\/index.php\/wp-json\/wp\/v2\/tags?post=505341"}],"curies":[{"name":"wp","href":"https:\/\/api.w.org\/{rel}","templated":true}]}}